{"id":1728,"date":"2021-01-28T11:16:45","date_gmt":"2021-01-28T11:16:45","guid":{"rendered":"http:\/\/javiervarelactor.com\/?p=1728"},"modified":"2021-02-10T10:37:54","modified_gmt":"2021-02-10T10:37:54","slug":"ver-sem-fronteiras-con-javier-varela-presentador","status":"publish","type":"post","link":"https:\/\/javiervarelactor.com\/?p=1728","title":{"rendered":"Ver \u00abSem Fronteiras\u00bb con Javier Varela Presentador"},"content":{"rendered":"\n<p>Ya est\u00e1 en antena el nuevo programa que presento en RTP1 \u00abSem Fronteiras\u00bb, una aventura en la que descubrimos que Galicia y Portugal tienen mucho en com\u00fan.Partimos de poblaciones con nombres parecidos o incluso iguales, Beatriz Gosta nos ense\u00f1a qu\u00e9 maravillas esconden las ciudades gallegas y yo os acompa\u00f1o a las portuguesas.<\/p>\n\n\n\n<p>Ya puedes ver \u00abSem Fronteiras\u00bb con Javier Varela como presentador a trav\u00e9s de la web de RTP play <a href=\"https:\/\/www.rtp.pt\/play\/p8373\/sem-fronteiras\" target=\"_blank\" rel=\"noreferrer noopener\">pinchando aqu\u00ed <\/a> o en tu dispositivo m\u00f3vil, tablet, tel\u00e9fono o smartv descarga la app RTP Play. Podr\u00e1s ver los programas que se han emitido actualizados. Ya sabes que el programa puede verse cada domingo a las 12.30h de Portugal pero tu puedes verlo cuando te apetezca. \u00ab<strong>Sem Fronteiras<\/strong>\u00bb es un programa \u00e1gil, divertido y sencillo de ver (el portugu\u00e9s y el gallego son idiomas que pueden entenderse bastante claro) dura 25 minutos y en estas plataformas puedes disfrutar de su <strong>visionado sin pausas<\/strong>. Una media horita divertida, cultural y entretenida donde vas a descubrir muchas curiosidades, paisajes y costumbres que te asombrar\u00e1n. Portugal y Galicia est\u00e1n aqu\u00ed mismo y esconden rincones maravillosos que Beatriz Gosta y yo hemos tenido el placer de acompa\u00f1aros a descubrir.<\/p>\n\n\n\n<p>Recuerda, en <a href=\"https:\/\/www.rtp.pt\/play\/p8373\/sem-fronteiras\" target=\"_blank\" rel=\"noreferrer noopener\">este enlace disfruta de los programas de Sem Fronteiras<\/a> donde y cuando quieras. \u00a1Hay que ver c\u00f3mo es la tecnolog\u00eda y la nueva televisi\u00f3n! Puedes ver \u00ab<strong>Sem Fronteiras<\/strong>\u00bb con Javier Varela como presentador desde la televisi\u00f3n p\u00fablica portuguesa hasta tu mismo m\u00f3vil. <\/p>\n\n\n\n<p><\/p>\n","protected":false},"excerpt":{"rendered":"<p>VER \u00abSem Fronteiras\u00bb desde la app y o la web de RTP1 cuando y donde quieras con Javier Varela como presentador.<\/p>\n","protected":false},"author":1,"featured_media":1729,"comment_status":"closed","ping_status":"open","sticky":false,"template":"","format":"standard","meta":{"_monsterinsights_skip_tracking":false,"_monsterinsights_sitenote_active":false,"_monsterinsights_sitenote_note":"","_monsterinsights_sitenote_category":0,"footnotes":""},"categories":[22],"tags":[106],"yoast_head":"<!-- This site is optimized with the Yoast SEO plugin v22.7 - https:\/\/yoast.com\/wordpress\/plugins\/seo\/ -->\n<title>Ver &quot;Sem Fronteiras&quot; con Javier Varela Presentador - Javier Varela<\/title>\n<meta name=\"description\" content=\"Ver &quot;Sem Fronteiras&quot; con Javier Varela como presentador en RTP1. Programas en app y web\" \/>\n<meta name=\"robots\" content=\"index, follow, max-snippet:-1, max-image-preview:large, max-video-preview:-1\" \/>\n<link rel=\"canonical\" href=\"https:\/\/javiervarelactor.com\/?p=1728\" \/>\n<meta property=\"og:locale\" content=\"es_ES\" \/>\n<meta property=\"og:type\" content=\"article\" \/>\n<meta property=\"og:title\" content=\"Ver &quot;Sem Fronteiras&quot; con Javier Varela Presentador - Javier Varela\" \/>\n<meta property=\"og:description\" content=\"Ver &quot;Sem Fronteiras&quot; con Javier Varela como presentador en RTP1. Programas en app y web\" \/>\n<meta property=\"og:url\" content=\"https:\/\/javiervarelactor.com\/?p=1728\" \/>\n<meta property=\"og:site_name\" content=\"Javier Varela\" \/>\n<meta property=\"article:publisher\" content=\"https:\/\/www.facebook.com\/pages\/Javier-Varela\/145894855509796?sk=info&amp;amp%3bamp%3bamp%3bamp%3btab=page_info\" \/>\n<meta property=\"article:published_time\" content=\"2021-01-28T11:16:45+00:00\" \/>\n<meta property=\"article:modified_time\" content=\"2021-02-10T10:37:54+00:00\" \/>\n<meta property=\"og:image\" content=\"http:\/\/javiervarelactor.com\/wp-content\/uploads\/2021\/01\/50824459511_eb5ef06038_k.jpg\" \/>\n\t<meta property=\"og:image:width\" content=\"1536\" \/>\n\t<meta property=\"og:image:height\" content=\"2048\" \/>\n\t<meta property=\"og:image:type\" content=\"image\/jpeg\" \/>\n<meta name=\"author\" content=\"Javier Varela\" \/>\n<meta name=\"twitter:label1\" content=\"Escrito por\" \/>\n\t<meta name=\"twitter:data1\" content=\"Javier Varela\" \/>\n\t<meta name=\"twitter:label2\" content=\"Tiempo de lectura\" \/>\n\t<meta name=\"twitter:data2\" content=\"1 minuto\" \/>\n<script type=\"application\/ld+json\" class=\"yoast-schema-graph\">{\"@context\":\"https:\/\/schema.org\",\"@graph\":[{\"@type\":\"WebPage\",\"@id\":\"https:\/\/javiervarelactor.com\/?p=1728\",\"url\":\"https:\/\/javiervarelactor.com\/?p=1728\",\"name\":\"Ver \\\"Sem Fronteiras\\\" con Javier Varela Presentador - Javier Varela\",\"isPartOf\":{\"@id\":\"https:\/\/javiervarelactor.com\/#website\"},\"primaryImageOfPage\":{\"@id\":\"https:\/\/javiervarelactor.com\/?p=1728#primaryimage\"},\"image\":{\"@id\":\"https:\/\/javiervarelactor.com\/?p=1728#primaryimage\"},\"thumbnailUrl\":\"https:\/\/javiervarelactor.com\/wp-content\/uploads\/2021\/01\/50824459511_eb5ef06038_k.jpg\",\"datePublished\":\"2021-01-28T11:16:45+00:00\",\"dateModified\":\"2021-02-10T10:37:54+00:00\",\"author\":{\"@id\":\"https:\/\/javiervarelactor.com\/#\/schema\/person\/e3104f2f3cca87d9a07b40f5281c02ba\"},\"description\":\"Ver \\\"Sem Fronteiras\\\" con Javier Varela como presentador en RTP1. Programas en app y web\",\"breadcrumb\":{\"@id\":\"https:\/\/javiervarelactor.com\/?p=1728#breadcrumb\"},\"inLanguage\":\"es\",\"potentialAction\":[{\"@type\":\"ReadAction\",\"target\":[\"https:\/\/javiervarelactor.com\/?p=1728\"]}]},{\"@type\":\"ImageObject\",\"inLanguage\":\"es\",\"@id\":\"https:\/\/javiervarelactor.com\/?p=1728#primaryimage\",\"url\":\"https:\/\/javiervarelactor.com\/wp-content\/uploads\/2021\/01\/50824459511_eb5ef06038_k.jpg\",\"contentUrl\":\"https:\/\/javiervarelactor.com\/wp-content\/uploads\/2021\/01\/50824459511_eb5ef06038_k.jpg\",\"width\":1536,\"height\":2048,\"caption\":\"presentador sem fronteiras\"},{\"@type\":\"BreadcrumbList\",\"@id\":\"https:\/\/javiervarelactor.com\/?p=1728#breadcrumb\",\"itemListElement\":[{\"@type\":\"ListItem\",\"position\":1,\"name\":\"Inicio\",\"item\":\"https:\/\/javiervarelactor.com\/\"},{\"@type\":\"ListItem\",\"position\":2,\"name\":\"Ver \u00abSem Fronteiras\u00bb con Javier Varela Presentador\"}]},{\"@type\":\"WebSite\",\"@id\":\"https:\/\/javiervarelactor.com\/#website\",\"url\":\"https:\/\/javiervarelactor.com\/\",\"name\":\"Javier Varela\",\"description\":\"Actor y Presentador\",\"potentialAction\":[{\"@type\":\"SearchAction\",\"target\":{\"@type\":\"EntryPoint\",\"urlTemplate\":\"https:\/\/javiervarelactor.com\/?s={search_term_string}\"},\"query-input\":\"required name=search_term_string\"}],\"inLanguage\":\"es\"},{\"@type\":\"Person\",\"@id\":\"https:\/\/javiervarelactor.com\/#\/schema\/person\/e3104f2f3cca87d9a07b40f5281c02ba\",\"name\":\"Javier Varela\",\"image\":{\"@type\":\"ImageObject\",\"inLanguage\":\"es\",\"@id\":\"https:\/\/javiervarelactor.com\/#\/schema\/person\/image\/\",\"url\":\"https:\/\/secure.gravatar.com\/avatar\/858edfdbe98ed682c9723085564a87b3?s=96&d=mm&r=g\",\"contentUrl\":\"https:\/\/secure.gravatar.com\/avatar\/858edfdbe98ed682c9723085564a87b3?s=96&d=mm&r=g\",\"caption\":\"Javier Varela\"},\"sameAs\":[\"http:\/\/www.javiervarelactor.com\"],\"url\":\"https:\/\/javiervarelactor.com\/?author=1\"}]}<\/script>\n<!-- \/ Yoast SEO plugin. -->","yoast_head_json":{"title":"Ver \"Sem Fronteiras\" con Javier Varela Presentador - Javier Varela","description":"Ver \"Sem Fronteiras\" con Javier Varela como presentador en RTP1. Programas en app y web","robots":{"index":"index","follow":"follow","max-snippet":"max-snippet:-1","max-image-preview":"max-image-preview:large","max-video-preview":"max-video-preview:-1"},"canonical":"https:\/\/javiervarelactor.com\/?p=1728","og_locale":"es_ES","og_type":"article","og_title":"Ver \"Sem Fronteiras\" con Javier Varela Presentador - Javier Varela","og_description":"Ver \"Sem Fronteiras\" con Javier Varela como presentador en RTP1. Programas en app y web","og_url":"https:\/\/javiervarelactor.com\/?p=1728","og_site_name":"Javier Varela","article_publisher":"https:\/\/www.facebook.com\/pages\/Javier-Varela\/145894855509796?sk=info&amp%3bamp%3bamp%3bamp%3btab=page_info","article_published_time":"2021-01-28T11:16:45+00:00","article_modified_time":"2021-02-10T10:37:54+00:00","og_image":[{"width":1536,"height":2048,"url":"http:\/\/javiervarelactor.com\/wp-content\/uploads\/2021\/01\/50824459511_eb5ef06038_k.jpg","type":"image\/jpeg"}],"author":"Javier Varela","twitter_misc":{"Escrito por":"Javier Varela","Tiempo de lectura":"1 minuto"},"schema":{"@context":"https:\/\/schema.org","@graph":[{"@type":"WebPage","@id":"https:\/\/javiervarelactor.com\/?p=1728","url":"https:\/\/javiervarelactor.com\/?p=1728","name":"Ver \"Sem Fronteiras\" con Javier Varela Presentador - Javier Varela","isPartOf":{"@id":"https:\/\/javiervarelactor.com\/#website"},"primaryImageOfPage":{"@id":"https:\/\/javiervarelactor.com\/?p=1728#primaryimage"},"image":{"@id":"https:\/\/javiervarelactor.com\/?p=1728#primaryimage"},"thumbnailUrl":"https:\/\/javiervarelactor.com\/wp-content\/uploads\/2021\/01\/50824459511_eb5ef06038_k.jpg","datePublished":"2021-01-28T11:16:45+00:00","dateModified":"2021-02-10T10:37:54+00:00","author":{"@id":"https:\/\/javiervarelactor.com\/#\/schema\/person\/e3104f2f3cca87d9a07b40f5281c02ba"},"description":"Ver \"Sem Fronteiras\" con Javier Varela como presentador en RTP1. Programas en app y web","breadcrumb":{"@id":"https:\/\/javiervarelactor.com\/?p=1728#breadcrumb"},"inLanguage":"es","potentialAction":[{"@type":"ReadAction","target":["https:\/\/javiervarelactor.com\/?p=1728"]}]},{"@type":"ImageObject","inLanguage":"es","@id":"https:\/\/javiervarelactor.com\/?p=1728#primaryimage","url":"https:\/\/javiervarelactor.com\/wp-content\/uploads\/2021\/01\/50824459511_eb5ef06038_k.jpg","contentUrl":"https:\/\/javiervarelactor.com\/wp-content\/uploads\/2021\/01\/50824459511_eb5ef06038_k.jpg","width":1536,"height":2048,"caption":"presentador sem fronteiras"},{"@type":"BreadcrumbList","@id":"https:\/\/javiervarelactor.com\/?p=1728#breadcrumb","itemListElement":[{"@type":"ListItem","position":1,"name":"Inicio","item":"https:\/\/javiervarelactor.com\/"},{"@type":"ListItem","position":2,"name":"Ver \u00abSem Fronteiras\u00bb con Javier Varela Presentador"}]},{"@type":"WebSite","@id":"https:\/\/javiervarelactor.com\/#website","url":"https:\/\/javiervarelactor.com\/","name":"Javier Varela","description":"Actor y Presentador","potentialAction":[{"@type":"SearchAction","target":{"@type":"EntryPoint","urlTemplate":"https:\/\/javiervarelactor.com\/?s={search_term_string}"},"query-input":"required name=search_term_string"}],"inLanguage":"es"},{"@type":"Person","@id":"https:\/\/javiervarelactor.com\/#\/schema\/person\/e3104f2f3cca87d9a07b40f5281c02ba","name":"Javier Varela","image":{"@type":"ImageObject","inLanguage":"es","@id":"https:\/\/javiervarelactor.com\/#\/schema\/person\/image\/","url":"https:\/\/secure.gravatar.com\/avatar\/858edfdbe98ed682c9723085564a87b3?s=96&d=mm&r=g","contentUrl":"https:\/\/secure.gravatar.com\/avatar\/858edfdbe98ed682c9723085564a87b3?s=96&d=mm&r=g","caption":"Javier Varela"},"sameAs":["http:\/\/www.javiervarelactor.com"],"url":"https:\/\/javiervarelactor.com\/?author=1"}]}},"_links":{"self":[{"href":"https:\/\/javiervarelactor.com\/index.php?rest_route=\/wp\/v2\/posts\/1728"}],"collection":[{"href":"https:\/\/javiervarelactor.com\/index.php?rest_route=\/wp\/v2\/posts"}],"about":[{"href":"https:\/\/javiervarelactor.com\/index.php?rest_route=\/wp\/v2\/types\/post"}],"author":[{"embeddable":true,"href":"https:\/\/javiervarelactor.com\/index.php?rest_route=\/wp\/v2\/users\/1"}],"replies":[{"embeddable":true,"href":"https:\/\/javiervarelactor.com\/index.php?rest_route=%2Fwp%2Fv2%2Fcomments&post=1728"}],"version-history":[{"count":2,"href":"https:\/\/javiervarelactor.com\/index.php?rest_route=\/wp\/v2\/posts\/1728\/revisions"}],"predecessor-version":[{"id":1731,"href":"https:\/\/javiervarelactor.com\/index.php?rest_route=\/wp\/v2\/posts\/1728\/revisions\/1731"}],"wp:featuredmedia":[{"embeddable":true,"href":"https:\/\/javiervarelactor.com\/index.php?rest_route=\/wp\/v2\/media\/1729"}],"wp:attachment":[{"href":"https:\/\/javiervarelactor.com\/index.php?rest_route=%2Fwp%2Fv2%2Fmedia&parent=1728"}],"wp:term":[{"taxonomy":"category","embeddable":true,"href":"https:\/\/javiervarelactor.com\/index.php?rest_route=%2Fwp%2Fv2%2Fcategories&post=1728"},{"taxonomy":"post_tag","embeddable":true,"href":"https:\/\/javiervarelactor.com\/index.php?rest_route=%2Fwp%2Fv2%2Ftags&post=1728"}],"curies":[{"name":"wp","href":"https:\/\/api.w.org\/{rel}","templated":true}]}}