{"id":1712,"date":"2021-01-12T16:58:33","date_gmt":"2021-01-12T16:58:33","guid":{"rendered":"http:\/\/javiervarelactor.com\/?p=1712"},"modified":"2021-03-15T10:51:20","modified_gmt":"2021-03-15T10:51:20","slug":"javier-varela-presenta-sem-fronteiras-estreno-en-rtp","status":"publish","type":"post","link":"https:\/\/javiervarelactor.com\/?p=1712","title":{"rendered":"Javier Varela presenta \u00abSem Fronteiras\u00bb estreno en RTP1"},"content":{"rendered":"\n<h2 class=\"wp-block-heading\">El pr\u00f3ximo domingo 17 de enero se estrena en RTP1 \u00abSem Fronteiras\u00bb una coproducci\u00f3n con TVG presentada por Beatriz Gosta y Javier Varela.<\/h2>\n\n\n\n<p><\/p>\n\n\n\n<p class=\"has-black-color has-text-color\">Ya est\u00e1 aqu\u00ed \u00ab<strong>Sem Fronteiras<\/strong>\u00bb el original programa producido por <em>RTP<\/em>1 (televisi\u00f3n p\u00fablica en Portugal) y<em> TVG<\/em> (Televisi\u00f3n de Galicia). <strong>Beatriz Gosta<\/strong> viajar\u00e1 por tierras gallegas y yo visitar\u00e9 diferentes localidades en Portugal, con muchas cosas en com\u00fan, en primer lugar los nombres. Mientras que Beatriz descubre las peculiaridades de Bayona, Javier Varela profundiza en las costumbres de Baiao, la presentadora portuguesa viaja hasta Pontenova, y el presentador gallego nos descubre Ponte de Lima. As\u00ed, en cada emisi\u00f3n, descubriremos la historia, las costumbres, cultura, gastronom\u00eda, gentes y riquezas naturales de cada uno de los pueblos situados a uno y otro lado de la raya. Localidades, costumbres y culturas diferentes pero con muchas cosas en com\u00fan.<\/p>\n\n\n\n<p class=\"has-black-color has-text-color\">\u00abSem fronteiras\u00bb se emite desde este <strong>domingo 17 en RTP1<\/strong> y pr\u00f3ximamente en TVG. Es para mi como profesional un orgullo haber podido formar parte de esta producci\u00f3n, intensa, cargada de aventuras, donde se ha podido disfrutar de las gentes, espacios y costumbres de cada una de las localidades visitadas. Una maravilla de equipo, de producci\u00f3n y, ya ver\u00e9is, de resultado. Unos meses de intenso trabajo en los que tuve la oportunidad de <strong>conocer lugares<\/strong> muy interesantes, apuntados en la agenda de los viajes pendientes, practicar actividades que nunca pens\u00e9 llegar a hacer&#8230;me ver\u00e9is en tierra, mar y aire, no puedo decir m\u00e1s, incre\u00edble, divertido y muy muy emocionante. Y es que Portugal tiene mucho por descubrir.<\/p>\n\n\n\n<p class=\"has-black-color has-text-color\">Estreno de \u00ab<strong>Sem Fronteiras<\/strong>\u00bb e<strong>n RTP1 este domingo 17 de Enero<\/strong>, no te lo pierdas si tienes ocasi\u00f3n de sintonizar la RTP. En cualquier caso, estad atentos a mis redes y a esta web pues compartir\u00e9 el contenido para poder disfrutarlo. Espero que os guste verlo tanto como a mi hacerlo. Apuntad, Javier Varela presenta \u00abSem Fronteiras\u00bb estreno en RTP1 el pr\u00f3ximo domingo 17 de eneroalas 12.30 horario portugu\u00e9s.<\/p>\n\n\n\n<p class=\"has-black-color has-text-color\"><\/p>\n","protected":false},"excerpt":{"rendered":"<p>Domingos 12.30h RTP1. Javier Varela presenta \u00abSem Fronteiras\u00bb dando a conocer las maravillas de los pueblos de Portugal, al mismo tiempo y en localidades de similar nombre, Beatriz Gosta nos descubrir\u00e1 Galicia. 17 de Enero estreno en RTP<\/p>\n","protected":false},"author":1,"featured_media":1715,"comment_status":"closed","ping_status":"open","sticky":false,"template":"","format":"standard","meta":{"_monsterinsights_skip_tracking":false,"_monsterinsights_sitenote_active":false,"_monsterinsights_sitenote_note":"","_monsterinsights_sitenote_category":0,"footnotes":""},"categories":[22],"tags":[106,37,104],"yoast_head":"<!-- This site is optimized with the Yoast SEO plugin v22.7 - https:\/\/yoast.com\/wordpress\/plugins\/seo\/ -->\n<title>Javier Varela presenta &quot;Sem Fronteiras&quot; estreno en RTP1 - Javier Varela<\/title>\n<meta name=\"description\" content=\"Javier Varela presenta &quot;Sem Fronteiras&quot; estreno en RTP1. Junto a Beatriz Gosta descubrir\u00e1n las similitudes entre pueblos con parecido nombre de Galicia y Portugal.\" \/>\n<meta name=\"robots\" content=\"index, follow, max-snippet:-1, max-image-preview:large, max-video-preview:-1\" \/>\n<link rel=\"canonical\" href=\"https:\/\/javiervarelactor.com\/?p=1712\" \/>\n<meta property=\"og:locale\" content=\"es_ES\" \/>\n<meta property=\"og:type\" content=\"article\" \/>\n<meta property=\"og:title\" content=\"Javier Varela presenta &quot;Sem Fronteiras&quot; estreno en RTP1 - Javier Varela\" \/>\n<meta property=\"og:description\" content=\"Javier Varela presenta &quot;Sem Fronteiras&quot; estreno en RTP1. Junto a Beatriz Gosta descubrir\u00e1n las similitudes entre pueblos con parecido nombre de Galicia y Portugal.\" \/>\n<meta property=\"og:url\" content=\"https:\/\/javiervarelactor.com\/?p=1712\" \/>\n<meta property=\"og:site_name\" content=\"Javier Varela\" \/>\n<meta property=\"article:publisher\" content=\"https:\/\/www.facebook.com\/pages\/Javier-Varela\/145894855509796?sk=info&amp;amp%3bamp%3bamp%3bamp%3btab=page_info\" \/>\n<meta property=\"article:published_time\" content=\"2021-01-12T16:58:33+00:00\" \/>\n<meta property=\"article:modified_time\" content=\"2021-03-15T10:51:20+00:00\" \/>\n<meta property=\"og:image\" content=\"http:\/\/javiervarelactor.com\/wp-content\/uploads\/2021\/01\/771ee1fe-c1fa-4c7a-b072-f802b1ac4f3d.jpg\" \/>\n\t<meta property=\"og:image:width\" content=\"1280\" \/>\n\t<meta property=\"og:image:height\" content=\"720\" \/>\n\t<meta property=\"og:image:type\" content=\"image\/jpeg\" \/>\n<meta name=\"author\" content=\"Javier Varela\" \/>\n<meta name=\"twitter:label1\" content=\"Escrito por\" \/>\n\t<meta name=\"twitter:data1\" content=\"Javier Varela\" \/>\n\t<meta name=\"twitter:label2\" content=\"Tiempo de lectura\" \/>\n\t<meta name=\"twitter:data2\" content=\"2 minutos\" \/>\n<script type=\"application\/ld+json\" class=\"yoast-schema-graph\">{\"@context\":\"https:\/\/schema.org\",\"@graph\":[{\"@type\":\"WebPage\",\"@id\":\"https:\/\/javiervarelactor.com\/?p=1712\",\"url\":\"https:\/\/javiervarelactor.com\/?p=1712\",\"name\":\"Javier Varela presenta \\\"Sem Fronteiras\\\" estreno en RTP1 - Javier Varela\",\"isPartOf\":{\"@id\":\"https:\/\/javiervarelactor.com\/#website\"},\"primaryImageOfPage\":{\"@id\":\"https:\/\/javiervarelactor.com\/?p=1712#primaryimage\"},\"image\":{\"@id\":\"https:\/\/javiervarelactor.com\/?p=1712#primaryimage\"},\"thumbnailUrl\":\"https:\/\/javiervarelactor.com\/wp-content\/uploads\/2021\/01\/771ee1fe-c1fa-4c7a-b072-f802b1ac4f3d.jpg\",\"datePublished\":\"2021-01-12T16:58:33+00:00\",\"dateModified\":\"2021-03-15T10:51:20+00:00\",\"author\":{\"@id\":\"https:\/\/javiervarelactor.com\/#\/schema\/person\/e3104f2f3cca87d9a07b40f5281c02ba\"},\"description\":\"Javier Varela presenta \\\"Sem Fronteiras\\\" estreno en RTP1. Junto a Beatriz Gosta descubrir\u00e1n las similitudes entre pueblos con parecido nombre de Galicia y Portugal.\",\"breadcrumb\":{\"@id\":\"https:\/\/javiervarelactor.com\/?p=1712#breadcrumb\"},\"inLanguage\":\"es\",\"potentialAction\":[{\"@type\":\"ReadAction\",\"target\":[\"https:\/\/javiervarelactor.com\/?p=1712\"]}]},{\"@type\":\"ImageObject\",\"inLanguage\":\"es\",\"@id\":\"https:\/\/javiervarelactor.com\/?p=1712#primaryimage\",\"url\":\"https:\/\/javiervarelactor.com\/wp-content\/uploads\/2021\/01\/771ee1fe-c1fa-4c7a-b072-f802b1ac4f3d.jpg\",\"contentUrl\":\"https:\/\/javiervarelactor.com\/wp-content\/uploads\/2021\/01\/771ee1fe-c1fa-4c7a-b072-f802b1ac4f3d.jpg\",\"width\":1280,\"height\":720,\"caption\":\"Javier Varela presenta sem fronteiras rtp\"},{\"@type\":\"BreadcrumbList\",\"@id\":\"https:\/\/javiervarelactor.com\/?p=1712#breadcrumb\",\"itemListElement\":[{\"@type\":\"ListItem\",\"position\":1,\"name\":\"Inicio\",\"item\":\"https:\/\/javiervarelactor.com\/\"},{\"@type\":\"ListItem\",\"position\":2,\"name\":\"javier varela sem fronteiras\"}]},{\"@type\":\"WebSite\",\"@id\":\"https:\/\/javiervarelactor.com\/#website\",\"url\":\"https:\/\/javiervarelactor.com\/\",\"name\":\"Javier Varela\",\"description\":\"Actor y Presentador\",\"potentialAction\":[{\"@type\":\"SearchAction\",\"target\":{\"@type\":\"EntryPoint\",\"urlTemplate\":\"https:\/\/javiervarelactor.com\/?s={search_term_string}\"},\"query-input\":\"required name=search_term_string\"}],\"inLanguage\":\"es\"},{\"@type\":\"Person\",\"@id\":\"https:\/\/javiervarelactor.com\/#\/schema\/person\/e3104f2f3cca87d9a07b40f5281c02ba\",\"name\":\"Javier Varela\",\"image\":{\"@type\":\"ImageObject\",\"inLanguage\":\"es\",\"@id\":\"https:\/\/javiervarelactor.com\/#\/schema\/person\/image\/\",\"url\":\"https:\/\/secure.gravatar.com\/avatar\/858edfdbe98ed682c9723085564a87b3?s=96&d=mm&r=g\",\"contentUrl\":\"https:\/\/secure.gravatar.com\/avatar\/858edfdbe98ed682c9723085564a87b3?s=96&d=mm&r=g\",\"caption\":\"Javier Varela\"},\"sameAs\":[\"http:\/\/www.javiervarelactor.com\"],\"url\":\"https:\/\/javiervarelactor.com\/?author=1\"}]}<\/script>\n<!-- \/ Yoast SEO plugin. -->","yoast_head_json":{"title":"Javier Varela presenta \"Sem Fronteiras\" estreno en RTP1 - Javier Varela","description":"Javier Varela presenta \"Sem Fronteiras\" estreno en RTP1. Junto a Beatriz Gosta descubrir\u00e1n las similitudes entre pueblos con parecido nombre de Galicia y Portugal.","robots":{"index":"index","follow":"follow","max-snippet":"max-snippet:-1","max-image-preview":"max-image-preview:large","max-video-preview":"max-video-preview:-1"},"canonical":"https:\/\/javiervarelactor.com\/?p=1712","og_locale":"es_ES","og_type":"article","og_title":"Javier Varela presenta \"Sem Fronteiras\" estreno en RTP1 - Javier Varela","og_description":"Javier Varela presenta \"Sem Fronteiras\" estreno en RTP1. Junto a Beatriz Gosta descubrir\u00e1n las similitudes entre pueblos con parecido nombre de Galicia y Portugal.","og_url":"https:\/\/javiervarelactor.com\/?p=1712","og_site_name":"Javier Varela","article_publisher":"https:\/\/www.facebook.com\/pages\/Javier-Varela\/145894855509796?sk=info&amp%3bamp%3bamp%3bamp%3btab=page_info","article_published_time":"2021-01-12T16:58:33+00:00","article_modified_time":"2021-03-15T10:51:20+00:00","og_image":[{"width":1280,"height":720,"url":"http:\/\/javiervarelactor.com\/wp-content\/uploads\/2021\/01\/771ee1fe-c1fa-4c7a-b072-f802b1ac4f3d.jpg","type":"image\/jpeg"}],"author":"Javier Varela","twitter_misc":{"Escrito por":"Javier Varela","Tiempo de lectura":"2 minutos"},"schema":{"@context":"https:\/\/schema.org","@graph":[{"@type":"WebPage","@id":"https:\/\/javiervarelactor.com\/?p=1712","url":"https:\/\/javiervarelactor.com\/?p=1712","name":"Javier Varela presenta \"Sem Fronteiras\" estreno en RTP1 - Javier Varela","isPartOf":{"@id":"https:\/\/javiervarelactor.com\/#website"},"primaryImageOfPage":{"@id":"https:\/\/javiervarelactor.com\/?p=1712#primaryimage"},"image":{"@id":"https:\/\/javiervarelactor.com\/?p=1712#primaryimage"},"thumbnailUrl":"https:\/\/javiervarelactor.com\/wp-content\/uploads\/2021\/01\/771ee1fe-c1fa-4c7a-b072-f802b1ac4f3d.jpg","datePublished":"2021-01-12T16:58:33+00:00","dateModified":"2021-03-15T10:51:20+00:00","author":{"@id":"https:\/\/javiervarelactor.com\/#\/schema\/person\/e3104f2f3cca87d9a07b40f5281c02ba"},"description":"Javier Varela presenta \"Sem Fronteiras\" estreno en RTP1. Junto a Beatriz Gosta descubrir\u00e1n las similitudes entre pueblos con parecido nombre de Galicia y Portugal.","breadcrumb":{"@id":"https:\/\/javiervarelactor.com\/?p=1712#breadcrumb"},"inLanguage":"es","potentialAction":[{"@type":"ReadAction","target":["https:\/\/javiervarelactor.com\/?p=1712"]}]},{"@type":"ImageObject","inLanguage":"es","@id":"https:\/\/javiervarelactor.com\/?p=1712#primaryimage","url":"https:\/\/javiervarelactor.com\/wp-content\/uploads\/2021\/01\/771ee1fe-c1fa-4c7a-b072-f802b1ac4f3d.jpg","contentUrl":"https:\/\/javiervarelactor.com\/wp-content\/uploads\/2021\/01\/771ee1fe-c1fa-4c7a-b072-f802b1ac4f3d.jpg","width":1280,"height":720,"caption":"Javier Varela presenta sem fronteiras rtp"},{"@type":"BreadcrumbList","@id":"https:\/\/javiervarelactor.com\/?p=1712#breadcrumb","itemListElement":[{"@type":"ListItem","position":1,"name":"Inicio","item":"https:\/\/javiervarelactor.com\/"},{"@type":"ListItem","position":2,"name":"javier varela sem fronteiras"}]},{"@type":"WebSite","@id":"https:\/\/javiervarelactor.com\/#website","url":"https:\/\/javiervarelactor.com\/","name":"Javier Varela","description":"Actor y Presentador","potentialAction":[{"@type":"SearchAction","target":{"@type":"EntryPoint","urlTemplate":"https:\/\/javiervarelactor.com\/?s={search_term_string}"},"query-input":"required name=search_term_string"}],"inLanguage":"es"},{"@type":"Person","@id":"https:\/\/javiervarelactor.com\/#\/schema\/person\/e3104f2f3cca87d9a07b40f5281c02ba","name":"Javier Varela","image":{"@type":"ImageObject","inLanguage":"es","@id":"https:\/\/javiervarelactor.com\/#\/schema\/person\/image\/","url":"https:\/\/secure.gravatar.com\/avatar\/858edfdbe98ed682c9723085564a87b3?s=96&d=mm&r=g","contentUrl":"https:\/\/secure.gravatar.com\/avatar\/858edfdbe98ed682c9723085564a87b3?s=96&d=mm&r=g","caption":"Javier Varela"},"sameAs":["http:\/\/www.javiervarelactor.com"],"url":"https:\/\/javiervarelactor.com\/?author=1"}]}},"_links":{"self":[{"href":"https:\/\/javiervarelactor.com\/index.php?rest_route=\/wp\/v2\/posts\/1712"}],"collection":[{"href":"https:\/\/javiervarelactor.com\/index.php?rest_route=\/wp\/v2\/posts"}],"about":[{"href":"https:\/\/javiervarelactor.com\/index.php?rest_route=\/wp\/v2\/types\/post"}],"author":[{"embeddable":true,"href":"https:\/\/javiervarelactor.com\/index.php?rest_route=\/wp\/v2\/users\/1"}],"replies":[{"embeddable":true,"href":"https:\/\/javiervarelactor.com\/index.php?rest_route=%2Fwp%2Fv2%2Fcomments&post=1712"}],"version-history":[{"count":8,"href":"https:\/\/javiervarelactor.com\/index.php?rest_route=\/wp\/v2\/posts\/1712\/revisions"}],"predecessor-version":[{"id":1749,"href":"https:\/\/javiervarelactor.com\/index.php?rest_route=\/wp\/v2\/posts\/1712\/revisions\/1749"}],"wp:featuredmedia":[{"embeddable":true,"href":"https:\/\/javiervarelactor.com\/index.php?rest_route=\/wp\/v2\/media\/1715"}],"wp:attachment":[{"href":"https:\/\/javiervarelactor.com\/index.php?rest_route=%2Fwp%2Fv2%2Fmedia&parent=1712"}],"wp:term":[{"taxonomy":"category","embeddable":true,"href":"https:\/\/javiervarelactor.com\/index.php?rest_route=%2Fwp%2Fv2%2Fcategories&post=1712"},{"taxonomy":"post_tag","embeddable":true,"href":"https:\/\/javiervarelactor.com\/index.php?rest_route=%2Fwp%2Fv2%2Ftags&post=1712"}],"curies":[{"name":"wp","href":"https:\/\/api.w.org\/{rel}","templated":true}]}}