{"id":1695,"date":"2020-11-25T11:02:03","date_gmt":"2020-11-25T11:02:03","guid":{"rendered":"http:\/\/javiervarelactor.com\/?p=1695"},"modified":"2021-02-10T10:38:19","modified_gmt":"2021-02-10T10:38:19","slug":"locutor-spot-television","status":"publish","type":"post","link":"https:\/\/javiervarelactor.com\/?p=1695","title":{"rendered":"Locutor campa\u00f1a Albari\u00f1o Rias Baixas: M\u00e9xico"},"content":{"rendered":"\n<div class=\"wp-block-group\"><div class=\"wp-block-group__inner-container is-layout-flow wp-block-group-is-layout-flow\">\n<p>Nueva campa\u00f1a para D.O. Albari\u00f1o Rias Baixas de la mano de Verve Audiovisual. Una edici\u00f3n m\u00e1s han contado conmigo, con mi voz, para locutar este divertido Spot que ya lleva varias ediciones, diferentes versiones, amables, \u00e1giles y divertidas. En esta ocasi\u00f3n, M\u00e9xico y un Albari\u00f1o maridan a la perfecci\u00f3n.\nTrabajo como LOCUTOR para cualquier punto de la geograf\u00eda, con resultados profesionales y d\u00e1ndole a tu producci\u00f3n calidad y seguridad. Locuciones en castellano y gallego. Consulta y cuenta conmigo como locutor para producciones, v\u00eddeo corporativos y todo tipo de audiovisuales. Aqu\u00ed puedes disfrutar de mi \u00faltimo trabajo como Locutor para un spot de televisi\u00f3n.\n<\/div><\/div>\n\n\n\n<figure class=\"wp-block-embed-vimeo wp-block-embed is-type-video is-provider-vimeo wp-embed-aspect-16-9 wp-has-aspect-ratio\"><div class=\"wp-block-embed__wrapper\">\n<iframe loading=\"lazy\" title=\"D.O. R&amp;iacute;as Baixas - Gusta all&amp;iacute;, gusta aqu&amp;iacute; (Mexico)\" src=\"https:\/\/player.vimeo.com\/video\/479837917?dnt=1&amp;app_id=122963\" width=\"832\" height=\"468\" frameborder=\"0\" allow=\"autoplay; fullscreen\" allowfullscreen><\/iframe>\n<\/div><\/figure>\n\n\n\n<p>Locutor spot televisi\u00f3n<\/p>\n","protected":false},"excerpt":{"rendered":"<p>Nueva campa\u00f1a para D.O. Albari\u00f1o Rias Baixas de la mano de Verve Audiovisual. Una edici\u00f3n m\u00e1s han contado conmigo, con mi voz, para locutar este divertido Spot que ya lleva varias ediciones, diferentes versiones, amables, \u00e1giles y divertidas. En esta ocasi\u00f3n, M\u00e9xico y un Albari\u00f1o maridan a la perfecci\u00f3n. Trabajo como LOCUTOR para cualquier punto <a class=\"read-more\" href=\"https:\/\/javiervarelactor.com\/?p=1695\">Leer m\u00e1s<\/a><\/p>\n","protected":false},"author":1,"featured_media":0,"comment_status":"closed","ping_status":"open","sticky":false,"template":"","format":"standard","meta":{"_monsterinsights_skip_tracking":false,"_monsterinsights_sitenote_active":false,"_monsterinsights_sitenote_note":"","_monsterinsights_sitenote_category":0,"footnotes":""},"categories":[80,49],"tags":[],"yoast_head":"<!-- This site is optimized with the Yoast SEO plugin v22.7 - https:\/\/yoast.com\/wordpress\/plugins\/seo\/ -->\n<title>Locutor campa\u00f1a Albari\u00f1o Rias Baixas: M\u00e9xico - Javier Varela<\/title>\n<meta name=\"description\" content=\"Trabajo como Locutor para spot de televisi\u00f3n\" \/>\n<meta name=\"robots\" content=\"index, follow, max-snippet:-1, max-image-preview:large, max-video-preview:-1\" \/>\n<link rel=\"canonical\" href=\"https:\/\/javiervarelactor.com\/?p=1695\" \/>\n<meta property=\"og:locale\" content=\"es_ES\" \/>\n<meta property=\"og:type\" content=\"article\" \/>\n<meta property=\"og:title\" content=\"Locutor campa\u00f1a Albari\u00f1o Rias Baixas: M\u00e9xico - Javier Varela\" \/>\n<meta property=\"og:description\" content=\"Trabajo como Locutor para spot de televisi\u00f3n\" \/>\n<meta property=\"og:url\" content=\"https:\/\/javiervarelactor.com\/?p=1695\" \/>\n<meta property=\"og:site_name\" content=\"Javier Varela\" \/>\n<meta property=\"article:publisher\" content=\"https:\/\/www.facebook.com\/pages\/Javier-Varela\/145894855509796?sk=info&amp;amp%3bamp%3bamp%3bamp%3btab=page_info\" \/>\n<meta property=\"article:published_time\" content=\"2020-11-25T11:02:03+00:00\" \/>\n<meta property=\"article:modified_time\" content=\"2021-02-10T10:38:19+00:00\" \/>\n<meta name=\"author\" content=\"Javier Varela\" \/>\n<meta name=\"twitter:label1\" content=\"Escrito por\" \/>\n\t<meta name=\"twitter:data1\" content=\"Javier Varela\" \/>\n\t<meta name=\"twitter:label2\" content=\"Tiempo de lectura\" \/>\n\t<meta name=\"twitter:data2\" content=\"1 minuto\" \/>\n<script type=\"application\/ld+json\" class=\"yoast-schema-graph\">{\"@context\":\"https:\/\/schema.org\",\"@graph\":[{\"@type\":\"WebPage\",\"@id\":\"https:\/\/javiervarelactor.com\/?p=1695\",\"url\":\"https:\/\/javiervarelactor.com\/?p=1695\",\"name\":\"Locutor campa\u00f1a Albari\u00f1o Rias Baixas: M\u00e9xico - Javier Varela\",\"isPartOf\":{\"@id\":\"https:\/\/javiervarelactor.com\/#website\"},\"datePublished\":\"2020-11-25T11:02:03+00:00\",\"dateModified\":\"2021-02-10T10:38:19+00:00\",\"author\":{\"@id\":\"https:\/\/javiervarelactor.com\/#\/schema\/person\/e3104f2f3cca87d9a07b40f5281c02ba\"},\"description\":\"Trabajo como Locutor para spot de televisi\u00f3n\",\"breadcrumb\":{\"@id\":\"https:\/\/javiervarelactor.com\/?p=1695#breadcrumb\"},\"inLanguage\":\"es\",\"potentialAction\":[{\"@type\":\"ReadAction\",\"target\":[\"https:\/\/javiervarelactor.com\/?p=1695\"]}]},{\"@type\":\"BreadcrumbList\",\"@id\":\"https:\/\/javiervarelactor.com\/?p=1695#breadcrumb\",\"itemListElement\":[{\"@type\":\"ListItem\",\"position\":1,\"name\":\"Inicio\",\"item\":\"https:\/\/javiervarelactor.com\/\"},{\"@type\":\"ListItem\",\"position\":2,\"name\":\"Locutor campa\u00f1a Albari\u00f1o Rias Baixas: M\u00e9xico\"}]},{\"@type\":\"WebSite\",\"@id\":\"https:\/\/javiervarelactor.com\/#website\",\"url\":\"https:\/\/javiervarelactor.com\/\",\"name\":\"Javier Varela\",\"description\":\"Actor y Presentador\",\"potentialAction\":[{\"@type\":\"SearchAction\",\"target\":{\"@type\":\"EntryPoint\",\"urlTemplate\":\"https:\/\/javiervarelactor.com\/?s={search_term_string}\"},\"query-input\":\"required name=search_term_string\"}],\"inLanguage\":\"es\"},{\"@type\":\"Person\",\"@id\":\"https:\/\/javiervarelactor.com\/#\/schema\/person\/e3104f2f3cca87d9a07b40f5281c02ba\",\"name\":\"Javier Varela\",\"image\":{\"@type\":\"ImageObject\",\"inLanguage\":\"es\",\"@id\":\"https:\/\/javiervarelactor.com\/#\/schema\/person\/image\/\",\"url\":\"https:\/\/secure.gravatar.com\/avatar\/858edfdbe98ed682c9723085564a87b3?s=96&d=mm&r=g\",\"contentUrl\":\"https:\/\/secure.gravatar.com\/avatar\/858edfdbe98ed682c9723085564a87b3?s=96&d=mm&r=g\",\"caption\":\"Javier Varela\"},\"sameAs\":[\"http:\/\/www.javiervarelactor.com\"],\"url\":\"https:\/\/javiervarelactor.com\/?author=1\"}]}<\/script>\n<!-- \/ Yoast SEO plugin. -->","yoast_head_json":{"title":"Locutor campa\u00f1a Albari\u00f1o Rias Baixas: M\u00e9xico - Javier Varela","description":"Trabajo como Locutor para spot de televisi\u00f3n","robots":{"index":"index","follow":"follow","max-snippet":"max-snippet:-1","max-image-preview":"max-image-preview:large","max-video-preview":"max-video-preview:-1"},"canonical":"https:\/\/javiervarelactor.com\/?p=1695","og_locale":"es_ES","og_type":"article","og_title":"Locutor campa\u00f1a Albari\u00f1o Rias Baixas: M\u00e9xico - Javier Varela","og_description":"Trabajo como Locutor para spot de televisi\u00f3n","og_url":"https:\/\/javiervarelactor.com\/?p=1695","og_site_name":"Javier Varela","article_publisher":"https:\/\/www.facebook.com\/pages\/Javier-Varela\/145894855509796?sk=info&amp%3bamp%3bamp%3bamp%3btab=page_info","article_published_time":"2020-11-25T11:02:03+00:00","article_modified_time":"2021-02-10T10:38:19+00:00","author":"Javier Varela","twitter_misc":{"Escrito por":"Javier Varela","Tiempo de lectura":"1 minuto"},"schema":{"@context":"https:\/\/schema.org","@graph":[{"@type":"WebPage","@id":"https:\/\/javiervarelactor.com\/?p=1695","url":"https:\/\/javiervarelactor.com\/?p=1695","name":"Locutor campa\u00f1a Albari\u00f1o Rias Baixas: M\u00e9xico - Javier Varela","isPartOf":{"@id":"https:\/\/javiervarelactor.com\/#website"},"datePublished":"2020-11-25T11:02:03+00:00","dateModified":"2021-02-10T10:38:19+00:00","author":{"@id":"https:\/\/javiervarelactor.com\/#\/schema\/person\/e3104f2f3cca87d9a07b40f5281c02ba"},"description":"Trabajo como Locutor para spot de televisi\u00f3n","breadcrumb":{"@id":"https:\/\/javiervarelactor.com\/?p=1695#breadcrumb"},"inLanguage":"es","potentialAction":[{"@type":"ReadAction","target":["https:\/\/javiervarelactor.com\/?p=1695"]}]},{"@type":"BreadcrumbList","@id":"https:\/\/javiervarelactor.com\/?p=1695#breadcrumb","itemListElement":[{"@type":"ListItem","position":1,"name":"Inicio","item":"https:\/\/javiervarelactor.com\/"},{"@type":"ListItem","position":2,"name":"Locutor campa\u00f1a Albari\u00f1o Rias Baixas: M\u00e9xico"}]},{"@type":"WebSite","@id":"https:\/\/javiervarelactor.com\/#website","url":"https:\/\/javiervarelactor.com\/","name":"Javier Varela","description":"Actor y Presentador","potentialAction":[{"@type":"SearchAction","target":{"@type":"EntryPoint","urlTemplate":"https:\/\/javiervarelactor.com\/?s={search_term_string}"},"query-input":"required name=search_term_string"}],"inLanguage":"es"},{"@type":"Person","@id":"https:\/\/javiervarelactor.com\/#\/schema\/person\/e3104f2f3cca87d9a07b40f5281c02ba","name":"Javier Varela","image":{"@type":"ImageObject","inLanguage":"es","@id":"https:\/\/javiervarelactor.com\/#\/schema\/person\/image\/","url":"https:\/\/secure.gravatar.com\/avatar\/858edfdbe98ed682c9723085564a87b3?s=96&d=mm&r=g","contentUrl":"https:\/\/secure.gravatar.com\/avatar\/858edfdbe98ed682c9723085564a87b3?s=96&d=mm&r=g","caption":"Javier Varela"},"sameAs":["http:\/\/www.javiervarelactor.com"],"url":"https:\/\/javiervarelactor.com\/?author=1"}]}},"_links":{"self":[{"href":"https:\/\/javiervarelactor.com\/index.php?rest_route=\/wp\/v2\/posts\/1695"}],"collection":[{"href":"https:\/\/javiervarelactor.com\/index.php?rest_route=\/wp\/v2\/posts"}],"about":[{"href":"https:\/\/javiervarelactor.com\/index.php?rest_route=\/wp\/v2\/types\/post"}],"author":[{"embeddable":true,"href":"https:\/\/javiervarelactor.com\/index.php?rest_route=\/wp\/v2\/users\/1"}],"replies":[{"embeddable":true,"href":"https:\/\/javiervarelactor.com\/index.php?rest_route=%2Fwp%2Fv2%2Fcomments&post=1695"}],"version-history":[{"count":4,"href":"https:\/\/javiervarelactor.com\/index.php?rest_route=\/wp\/v2\/posts\/1695\/revisions"}],"predecessor-version":[{"id":1706,"href":"https:\/\/javiervarelactor.com\/index.php?rest_route=\/wp\/v2\/posts\/1695\/revisions\/1706"}],"wp:attachment":[{"href":"https:\/\/javiervarelactor.com\/index.php?rest_route=%2Fwp%2Fv2%2Fmedia&parent=1695"}],"wp:term":[{"taxonomy":"category","embeddable":true,"href":"https:\/\/javiervarelactor.com\/index.php?rest_route=%2Fwp%2Fv2%2Fcategories&post=1695"},{"taxonomy":"post_tag","embeddable":true,"href":"https:\/\/javiervarelactor.com\/index.php?rest_route=%2Fwp%2Fv2%2Ftags&post=1695"}],"curies":[{"name":"wp","href":"https:\/\/api.w.org\/{rel}","templated":true}]}}