{"id":1626,"date":"2020-10-23T11:36:40","date_gmt":"2020-10-23T11:36:40","guid":{"rendered":"http:\/\/javiervarelactor.com\/?p=1626"},"modified":"2021-02-10T10:38:35","modified_gmt":"2021-02-10T10:38:35","slug":"pendiente-de-estreno","status":"publish","type":"post","link":"https:\/\/javiervarelactor.com\/?p=1626","title":{"rendered":"Pendiente de estreno: actor y presentador."},"content":{"rendered":"\n<p>El curso ha comenzado y para mi es momento de disfrutar del trabajo realizado durante este verano que, como ya os cont\u00e9, ha sido intenso. En este momento tengo la suerte de tener pendiente de emisi\u00f3n varios proyectos. Muy interesantes, muy diferentes, ya realizados y a punto de estreno para el disfrute de todos. <\/p>\n\n\n\n<ul><li>\u00abImos de Feira\u00bb: segunda temporada del divertido concurso para TVG<\/li><li>\u00abO sabor das Margaridas\u00bb: segunda temporada de la exitosa serie emitida en Netflix. Estreno 18 de noviembre.<\/li><li>\u00abSem Fronteiras\u00bb: innovador y muy interesante programa coproducido por TVG y RTP.<\/li><li>\u00ab1618\u00bb: pel\u00edcula de los estudios Lightbox prevista para 2021. Personaje de Felipe III bajo las \u00f3rdenes del director Luis Ismael.<\/li><\/ul>\n\n\n\n<p>De momento una buena y muy variada producci\u00f3n, un reflejo del trabajo realizado que ahora ve la luz. Un orgullo como profesional poder poner a prueba mis capacidades en tan variadas propuestas como presentador y como <a href=\"http:\/\/javiervarelactor.com\/?page_id=75\">actor<\/a>.<\/p>\n\n\n\n<p>Seguid atentos para pr\u00f3ximas noticias, que las habr\u00e1. \u00c1nimo y alegr\u00eda, esperanza y fuerza para la cultura que, en estos tiempos, no se para. Que no se pare. Cultura Segura, siempre.<\/p>\n\n\n\n<div class=\"wp-block-image\"><figure class=\"aligncenter size-large is-resized\"><img loading=\"lazy\" decoding=\"async\" src=\"http:\/\/javiervarelactor.com\/wp-content\/uploads\/2020\/08\/presentador-television-portugues-1024x1024.jpg\" alt=\"presentador sen fronteiras\" class=\"wp-image-1553\" width=\"611\" height=\"611\" srcset=\"https:\/\/javiervarelactor.com\/wp-content\/uploads\/2020\/08\/presentador-television-portugues-1024x1024.jpg 1024w, https:\/\/javiervarelactor.com\/wp-content\/uploads\/2020\/08\/presentador-television-portugues-300x300.jpg 300w, https:\/\/javiervarelactor.com\/wp-content\/uploads\/2020\/08\/presentador-television-portugues-150x150.jpg 150w, https:\/\/javiervarelactor.com\/wp-content\/uploads\/2020\/08\/presentador-television-portugues-768x768.jpg 768w, https:\/\/javiervarelactor.com\/wp-content\/uploads\/2020\/08\/presentador-television-portugues-1536x1536.jpg 1536w, https:\/\/javiervarelactor.com\/wp-content\/uploads\/2020\/08\/presentador-television-portugues.jpg 1599w\" sizes=\"(max-width: 611px) 100vw, 611px\" \/><figcaption>Presentador \u00abSem Fronteiras\u00bb para TVG y RTP<\/figcaption><\/figure><\/div>\n","protected":false},"excerpt":{"rendered":"<p>Pr\u00f3ximos trabajos como actor y presentador de Javier Varela para el oto\u00f1o 2020<\/p>\n","protected":false},"author":1,"featured_media":1604,"comment_status":"closed","ping_status":"open","sticky":false,"template":"","format":"standard","meta":{"_monsterinsights_skip_tracking":false,"_monsterinsights_sitenote_active":false,"_monsterinsights_sitenote_note":"","_monsterinsights_sitenote_category":0,"footnotes":""},"categories":[21,22],"tags":[106,37,69,104,34],"yoast_head":"<!-- This site is optimized with the Yoast SEO plugin v22.7 - https:\/\/yoast.com\/wordpress\/plugins\/seo\/ -->\n<title>Pendiente de estreno: actor y presentador. - Javier Varela<\/title>\n<meta name=\"description\" content=\"Presentador y actor Javier Varela\" \/>\n<meta name=\"robots\" content=\"index, follow, max-snippet:-1, max-image-preview:large, max-video-preview:-1\" \/>\n<link rel=\"canonical\" href=\"https:\/\/javiervarelactor.com\/?p=1626\" \/>\n<meta property=\"og:locale\" content=\"es_ES\" \/>\n<meta property=\"og:type\" content=\"article\" \/>\n<meta property=\"og:title\" content=\"Pendiente de estreno: actor y presentador. - Javier Varela\" \/>\n<meta property=\"og:description\" content=\"Presentador y actor Javier Varela\" \/>\n<meta property=\"og:url\" content=\"https:\/\/javiervarelactor.com\/?p=1626\" \/>\n<meta property=\"og:site_name\" content=\"Javier Varela\" \/>\n<meta property=\"article:publisher\" content=\"https:\/\/www.facebook.com\/pages\/Javier-Varela\/145894855509796?sk=info&amp;amp%3bamp%3bamp%3bamp%3btab=page_info\" \/>\n<meta property=\"article:published_time\" content=\"2020-10-23T11:36:40+00:00\" \/>\n<meta property=\"article:modified_time\" content=\"2021-02-10T10:38:35+00:00\" \/>\n<meta property=\"og:image\" content=\"https:\/\/javiervarelactor.com\/wp-content\/uploads\/2020\/10\/presentador-television-galego-2.jpg\" \/>\n\t<meta property=\"og:image:width\" content=\"768\" \/>\n\t<meta property=\"og:image:height\" content=\"435\" \/>\n\t<meta property=\"og:image:type\" content=\"image\/jpeg\" \/>\n<meta name=\"author\" content=\"Javier Varela\" \/>\n<meta name=\"twitter:label1\" content=\"Escrito por\" \/>\n\t<meta name=\"twitter:data1\" content=\"Javier Varela\" \/>\n\t<meta name=\"twitter:label2\" content=\"Tiempo de lectura\" \/>\n\t<meta name=\"twitter:data2\" content=\"1 minuto\" \/>\n<script type=\"application\/ld+json\" class=\"yoast-schema-graph\">{\"@context\":\"https:\/\/schema.org\",\"@graph\":[{\"@type\":\"WebPage\",\"@id\":\"https:\/\/javiervarelactor.com\/?p=1626\",\"url\":\"https:\/\/javiervarelactor.com\/?p=1626\",\"name\":\"Pendiente de estreno: actor y presentador. - Javier Varela\",\"isPartOf\":{\"@id\":\"https:\/\/javiervarelactor.com\/#website\"},\"primaryImageOfPage\":{\"@id\":\"https:\/\/javiervarelactor.com\/?p=1626#primaryimage\"},\"image\":{\"@id\":\"https:\/\/javiervarelactor.com\/?p=1626#primaryimage\"},\"thumbnailUrl\":\"https:\/\/javiervarelactor.com\/wp-content\/uploads\/2020\/10\/presentador-television-galego-2.jpg\",\"datePublished\":\"2020-10-23T11:36:40+00:00\",\"dateModified\":\"2021-02-10T10:38:35+00:00\",\"author\":{\"@id\":\"https:\/\/javiervarelactor.com\/#\/schema\/person\/e3104f2f3cca87d9a07b40f5281c02ba\"},\"description\":\"Presentador y actor Javier Varela\",\"breadcrumb\":{\"@id\":\"https:\/\/javiervarelactor.com\/?p=1626#breadcrumb\"},\"inLanguage\":\"es\",\"potentialAction\":[{\"@type\":\"ReadAction\",\"target\":[\"https:\/\/javiervarelactor.com\/?p=1626\"]}]},{\"@type\":\"ImageObject\",\"inLanguage\":\"es\",\"@id\":\"https:\/\/javiervarelactor.com\/?p=1626#primaryimage\",\"url\":\"https:\/\/javiervarelactor.com\/wp-content\/uploads\/2020\/10\/presentador-television-galego-2.jpg\",\"contentUrl\":\"https:\/\/javiervarelactor.com\/wp-content\/uploads\/2020\/10\/presentador-television-galego-2.jpg\",\"width\":768,\"height\":435},{\"@type\":\"BreadcrumbList\",\"@id\":\"https:\/\/javiervarelactor.com\/?p=1626#breadcrumb\",\"itemListElement\":[{\"@type\":\"ListItem\",\"position\":1,\"name\":\"Inicio\",\"item\":\"https:\/\/javiervarelactor.com\/\"},{\"@type\":\"ListItem\",\"position\":2,\"name\":\"Pendiente de estreno: actor y presentador.\"}]},{\"@type\":\"WebSite\",\"@id\":\"https:\/\/javiervarelactor.com\/#website\",\"url\":\"https:\/\/javiervarelactor.com\/\",\"name\":\"Javier Varela\",\"description\":\"Actor y Presentador\",\"potentialAction\":[{\"@type\":\"SearchAction\",\"target\":{\"@type\":\"EntryPoint\",\"urlTemplate\":\"https:\/\/javiervarelactor.com\/?s={search_term_string}\"},\"query-input\":\"required name=search_term_string\"}],\"inLanguage\":\"es\"},{\"@type\":\"Person\",\"@id\":\"https:\/\/javiervarelactor.com\/#\/schema\/person\/e3104f2f3cca87d9a07b40f5281c02ba\",\"name\":\"Javier Varela\",\"image\":{\"@type\":\"ImageObject\",\"inLanguage\":\"es\",\"@id\":\"https:\/\/javiervarelactor.com\/#\/schema\/person\/image\/\",\"url\":\"https:\/\/secure.gravatar.com\/avatar\/858edfdbe98ed682c9723085564a87b3?s=96&d=mm&r=g\",\"contentUrl\":\"https:\/\/secure.gravatar.com\/avatar\/858edfdbe98ed682c9723085564a87b3?s=96&d=mm&r=g\",\"caption\":\"Javier Varela\"},\"sameAs\":[\"http:\/\/www.javiervarelactor.com\"],\"url\":\"https:\/\/javiervarelactor.com\/?author=1\"}]}<\/script>\n<!-- \/ Yoast SEO plugin. -->","yoast_head_json":{"title":"Pendiente de estreno: actor y presentador. - Javier Varela","description":"Presentador y actor Javier Varela","robots":{"index":"index","follow":"follow","max-snippet":"max-snippet:-1","max-image-preview":"max-image-preview:large","max-video-preview":"max-video-preview:-1"},"canonical":"https:\/\/javiervarelactor.com\/?p=1626","og_locale":"es_ES","og_type":"article","og_title":"Pendiente de estreno: actor y presentador. - Javier Varela","og_description":"Presentador y actor Javier Varela","og_url":"https:\/\/javiervarelactor.com\/?p=1626","og_site_name":"Javier Varela","article_publisher":"https:\/\/www.facebook.com\/pages\/Javier-Varela\/145894855509796?sk=info&amp%3bamp%3bamp%3bamp%3btab=page_info","article_published_time":"2020-10-23T11:36:40+00:00","article_modified_time":"2021-02-10T10:38:35+00:00","og_image":[{"width":768,"height":435,"url":"https:\/\/javiervarelactor.com\/wp-content\/uploads\/2020\/10\/presentador-television-galego-2.jpg","type":"image\/jpeg"}],"author":"Javier Varela","twitter_misc":{"Escrito por":"Javier Varela","Tiempo de lectura":"1 minuto"},"schema":{"@context":"https:\/\/schema.org","@graph":[{"@type":"WebPage","@id":"https:\/\/javiervarelactor.com\/?p=1626","url":"https:\/\/javiervarelactor.com\/?p=1626","name":"Pendiente de estreno: actor y presentador. - Javier Varela","isPartOf":{"@id":"https:\/\/javiervarelactor.com\/#website"},"primaryImageOfPage":{"@id":"https:\/\/javiervarelactor.com\/?p=1626#primaryimage"},"image":{"@id":"https:\/\/javiervarelactor.com\/?p=1626#primaryimage"},"thumbnailUrl":"https:\/\/javiervarelactor.com\/wp-content\/uploads\/2020\/10\/presentador-television-galego-2.jpg","datePublished":"2020-10-23T11:36:40+00:00","dateModified":"2021-02-10T10:38:35+00:00","author":{"@id":"https:\/\/javiervarelactor.com\/#\/schema\/person\/e3104f2f3cca87d9a07b40f5281c02ba"},"description":"Presentador y actor Javier Varela","breadcrumb":{"@id":"https:\/\/javiervarelactor.com\/?p=1626#breadcrumb"},"inLanguage":"es","potentialAction":[{"@type":"ReadAction","target":["https:\/\/javiervarelactor.com\/?p=1626"]}]},{"@type":"ImageObject","inLanguage":"es","@id":"https:\/\/javiervarelactor.com\/?p=1626#primaryimage","url":"https:\/\/javiervarelactor.com\/wp-content\/uploads\/2020\/10\/presentador-television-galego-2.jpg","contentUrl":"https:\/\/javiervarelactor.com\/wp-content\/uploads\/2020\/10\/presentador-television-galego-2.jpg","width":768,"height":435},{"@type":"BreadcrumbList","@id":"https:\/\/javiervarelactor.com\/?p=1626#breadcrumb","itemListElement":[{"@type":"ListItem","position":1,"name":"Inicio","item":"https:\/\/javiervarelactor.com\/"},{"@type":"ListItem","position":2,"name":"Pendiente de estreno: actor y presentador."}]},{"@type":"WebSite","@id":"https:\/\/javiervarelactor.com\/#website","url":"https:\/\/javiervarelactor.com\/","name":"Javier Varela","description":"Actor y Presentador","potentialAction":[{"@type":"SearchAction","target":{"@type":"EntryPoint","urlTemplate":"https:\/\/javiervarelactor.com\/?s={search_term_string}"},"query-input":"required name=search_term_string"}],"inLanguage":"es"},{"@type":"Person","@id":"https:\/\/javiervarelactor.com\/#\/schema\/person\/e3104f2f3cca87d9a07b40f5281c02ba","name":"Javier Varela","image":{"@type":"ImageObject","inLanguage":"es","@id":"https:\/\/javiervarelactor.com\/#\/schema\/person\/image\/","url":"https:\/\/secure.gravatar.com\/avatar\/858edfdbe98ed682c9723085564a87b3?s=96&d=mm&r=g","contentUrl":"https:\/\/secure.gravatar.com\/avatar\/858edfdbe98ed682c9723085564a87b3?s=96&d=mm&r=g","caption":"Javier Varela"},"sameAs":["http:\/\/www.javiervarelactor.com"],"url":"https:\/\/javiervarelactor.com\/?author=1"}]}},"_links":{"self":[{"href":"https:\/\/javiervarelactor.com\/index.php?rest_route=\/wp\/v2\/posts\/1626"}],"collection":[{"href":"https:\/\/javiervarelactor.com\/index.php?rest_route=\/wp\/v2\/posts"}],"about":[{"href":"https:\/\/javiervarelactor.com\/index.php?rest_route=\/wp\/v2\/types\/post"}],"author":[{"embeddable":true,"href":"https:\/\/javiervarelactor.com\/index.php?rest_route=\/wp\/v2\/users\/1"}],"replies":[{"embeddable":true,"href":"https:\/\/javiervarelactor.com\/index.php?rest_route=%2Fwp%2Fv2%2Fcomments&post=1626"}],"version-history":[{"count":5,"href":"https:\/\/javiervarelactor.com\/index.php?rest_route=\/wp\/v2\/posts\/1626\/revisions"}],"predecessor-version":[{"id":1713,"href":"https:\/\/javiervarelactor.com\/index.php?rest_route=\/wp\/v2\/posts\/1626\/revisions\/1713"}],"wp:featuredmedia":[{"embeddable":true,"href":"https:\/\/javiervarelactor.com\/index.php?rest_route=\/wp\/v2\/media\/1604"}],"wp:attachment":[{"href":"https:\/\/javiervarelactor.com\/index.php?rest_route=%2Fwp%2Fv2%2Fmedia&parent=1626"}],"wp:term":[{"taxonomy":"category","embeddable":true,"href":"https:\/\/javiervarelactor.com\/index.php?rest_route=%2Fwp%2Fv2%2Fcategories&post=1626"},{"taxonomy":"post_tag","embeddable":true,"href":"https:\/\/javiervarelactor.com\/index.php?rest_route=%2Fwp%2Fv2%2Ftags&post=1626"}],"curies":[{"name":"wp","href":"https:\/\/api.w.org\/{rel}","templated":true}]}}