{"id":1618,"date":"2020-11-19T10:01:00","date_gmt":"2020-11-19T10:01:00","guid":{"rendered":"http:\/\/javiervarelactor.com\/?p=1618"},"modified":"2020-11-24T15:54:50","modified_gmt":"2020-11-24T15:54:50","slug":"estreno-o-sabor-das-margaridas","status":"publish","type":"post","link":"https:\/\/javiervarelactor.com\/?p=1618","title":{"rendered":"Estreno \u00abO Sabor das Margaridas\u00bb"},"content":{"rendered":"\n<div class=\"wp-block-group alignwide is-layout-flow wp-block-group-is-layout-flow\"><div class=\"wp-block-group__inner-container\"><\/div><\/div>\n\n\n\n<p>Muy pronto por fin podremos ver mi \u00faltimo trabajo como actor, el personaje de Roi: \u00abun animal sin sentimientos\u00bb en la trepidante segunda temporada de la exitosa serie \u00abO Sabor das Margaridas\u00bb emitida en Netflix para m\u00e1s de 180 pa\u00edses.<\/p>\n\n\n\n<p>Acci\u00f3n, intriga y tensi\u00f3n, en definitiva, los seguidores de El Sabor de las Margaritas ya saben bien qu\u00e9, unos ingredientes adictivos que ya han enganchado a millones de espectadores gracias a la emisi\u00f3n internacional de la serie en la plataforma<strong> Netflix<\/strong>.<\/p>\n\n\n\n<p>Una maravilla ha sido ponerme a disposici\u00f3n del director \u00c1lex Sampayo para sacar adelante una trama interesante y que ha puesto a prueba mis capacidades como actor. Un reto, una labor, una satisfacci\u00f3n tener la oportunidad de formar parte de un equipo tan profesional y capaz de realizar un trabajo excelente.<\/p>\n\n\n\n<p>Podr\u00e9is ver mi \u00faltimo trabajo como actor en esta serie de televisi\u00f3n que, teniendo en cuenta el \u00e9xito que fue la primera temporada, se espera que esta segunda sea vista por muchos espectadores amantes de la acci\u00f3n, la intriga y la calidad en gui\u00f3n, producci\u00f3n, direcci\u00f3n y, porqu\u00e9 no decirlo, interpretaci\u00f3n. No en vano la serie se emite en m\u00e1s de 180 pa\u00edses como \u00ab<strong>Bitter Daisies<\/strong>\u00ab. Hecho desde la profesionalidad, la dedicaci\u00f3n y esfuerzo. Espero que os guste. Javier Varela es Roi en la segunda temporada de \u00ab<strong>O Sabor das Margaridas<\/strong>\u00ab, \u00ab<strong>El Sabor de las Margaritas<\/strong>\u00ab, en Netflix.<\/p>\n\n\n\n<div class=\"wp-block-image\"><figure class=\"alignleft\"><img loading=\"lazy\" decoding=\"async\" width=\"182\" height=\"59\" src=\"http:\/\/javiervarelactor.com\/wp-content\/uploads\/2020\/10\/indice-2.jpg\" alt=\"javier varela netflix\" class=\"wp-image-1620\"\/><\/figure><\/div>\n\n\n\n<div class=\"wp-block-image\"><figure class=\"alignright size-large is-resized\"><img loading=\"lazy\" decoding=\"async\" src=\"http:\/\/javiervarelactor.com\/wp-content\/uploads\/2020\/10\/netflix.png\" alt=\"Javier Varela en Netflix\" class=\"wp-image-1624\" width=\"256\" height=\"111\" srcset=\"https:\/\/javiervarelactor.com\/wp-content\/uploads\/2020\/10\/netflix.png 341w, https:\/\/javiervarelactor.com\/wp-content\/uploads\/2020\/10\/netflix-300x130.png 300w\" sizes=\"(max-width: 256px) 100vw, 256px\" \/><\/figure><\/div>\n","protected":false},"excerpt":{"rendered":"<p>Muy pronto por fin podremos ver mi \u00faltimo trabajo como actor, el personaje de Roi: \u00abun animal sin sentimientos\u00bb en la trepidante segunda temporada de la exitosa serie \u00abO Sabor das Margaridas\u00bb emitida en Netflix para m\u00e1s de 180 pa\u00edses. Acci\u00f3n, intriga y tensi\u00f3n, en definitiva, los seguidores de El Sabor de las Margaritas ya <a class=\"read-more\" href=\"https:\/\/javiervarelactor.com\/?p=1618\">Leer m\u00e1s<\/a><\/p>\n","protected":false},"author":1,"featured_media":1619,"comment_status":"closed","ping_status":"open","sticky":false,"template":"","format":"standard","meta":{"_monsterinsights_skip_tracking":false,"_monsterinsights_sitenote_active":false,"_monsterinsights_sitenote_note":"","_monsterinsights_sitenote_category":0,"footnotes":""},"categories":[21,31],"tags":[20,101,100],"yoast_head":"<!-- This site is optimized with the Yoast SEO plugin v22.7 - https:\/\/yoast.com\/wordpress\/plugins\/seo\/ -->\n<title>Estreno &quot;O Sabor das Margaridas&quot; - Javier Varela<\/title>\n<meta name=\"description\" content=\"Proximamente estreno del Sabor de las Margaritas segunda temporada con Javier Varela actor.\" \/>\n<meta name=\"robots\" content=\"index, follow, max-snippet:-1, max-image-preview:large, max-video-preview:-1\" \/>\n<link rel=\"canonical\" href=\"https:\/\/javiervarelactor.com\/?p=1618\" \/>\n<meta property=\"og:locale\" content=\"es_ES\" \/>\n<meta property=\"og:type\" content=\"article\" \/>\n<meta property=\"og:title\" content=\"Estreno &quot;O Sabor das Margaridas&quot; - Javier Varela\" \/>\n<meta property=\"og:description\" content=\"Proximamente estreno del Sabor de las Margaritas segunda temporada con Javier Varela actor.\" \/>\n<meta property=\"og:url\" content=\"https:\/\/javiervarelactor.com\/?p=1618\" \/>\n<meta property=\"og:site_name\" content=\"Javier Varela\" \/>\n<meta property=\"article:publisher\" content=\"https:\/\/www.facebook.com\/pages\/Javier-Varela\/145894855509796?sk=info&amp;amp%3bamp%3bamp%3bamp%3btab=page_info\" \/>\n<meta property=\"article:published_time\" content=\"2020-11-19T10:01:00+00:00\" \/>\n<meta property=\"article:modified_time\" content=\"2020-11-24T15:54:50+00:00\" \/>\n<meta property=\"og:image\" content=\"http:\/\/javiervarelactor.com\/wp-content\/uploads\/2020\/10\/sabor2.jpg\" \/>\n\t<meta property=\"og:image:width\" content=\"914\" \/>\n\t<meta property=\"og:image:height\" content=\"914\" \/>\n\t<meta property=\"og:image:type\" content=\"image\/jpeg\" \/>\n<meta name=\"author\" content=\"Javier Varela\" \/>\n<meta name=\"twitter:label1\" content=\"Escrito por\" \/>\n\t<meta name=\"twitter:data1\" content=\"Javier Varela\" \/>\n\t<meta name=\"twitter:label2\" content=\"Tiempo de lectura\" \/>\n\t<meta name=\"twitter:data2\" content=\"1 minuto\" \/>\n<script type=\"application\/ld+json\" class=\"yoast-schema-graph\">{\"@context\":\"https:\/\/schema.org\",\"@graph\":[{\"@type\":\"WebPage\",\"@id\":\"https:\/\/javiervarelactor.com\/?p=1618\",\"url\":\"https:\/\/javiervarelactor.com\/?p=1618\",\"name\":\"Estreno \\\"O Sabor das Margaridas\\\" - Javier Varela\",\"isPartOf\":{\"@id\":\"https:\/\/javiervarelactor.com\/#website\"},\"primaryImageOfPage\":{\"@id\":\"https:\/\/javiervarelactor.com\/?p=1618#primaryimage\"},\"image\":{\"@id\":\"https:\/\/javiervarelactor.com\/?p=1618#primaryimage\"},\"thumbnailUrl\":\"https:\/\/javiervarelactor.com\/wp-content\/uploads\/2020\/10\/sabor2.jpg\",\"datePublished\":\"2020-11-19T10:01:00+00:00\",\"dateModified\":\"2020-11-24T15:54:50+00:00\",\"author\":{\"@id\":\"https:\/\/javiervarelactor.com\/#\/schema\/person\/e3104f2f3cca87d9a07b40f5281c02ba\"},\"description\":\"Proximamente estreno del Sabor de las Margaritas segunda temporada con Javier Varela actor.\",\"breadcrumb\":{\"@id\":\"https:\/\/javiervarelactor.com\/?p=1618#breadcrumb\"},\"inLanguage\":\"es\",\"potentialAction\":[{\"@type\":\"ReadAction\",\"target\":[\"https:\/\/javiervarelactor.com\/?p=1618\"]}]},{\"@type\":\"ImageObject\",\"inLanguage\":\"es\",\"@id\":\"https:\/\/javiervarelactor.com\/?p=1618#primaryimage\",\"url\":\"https:\/\/javiervarelactor.com\/wp-content\/uploads\/2020\/10\/sabor2.jpg\",\"contentUrl\":\"https:\/\/javiervarelactor.com\/wp-content\/uploads\/2020\/10\/sabor2.jpg\",\"width\":914,\"height\":914,\"caption\":\"javier varela o sabor das margaridas\"},{\"@type\":\"BreadcrumbList\",\"@id\":\"https:\/\/javiervarelactor.com\/?p=1618#breadcrumb\",\"itemListElement\":[{\"@type\":\"ListItem\",\"position\":1,\"name\":\"Inicio\",\"item\":\"https:\/\/javiervarelactor.com\/\"},{\"@type\":\"ListItem\",\"position\":2,\"name\":\"Estreno \u00abO Sabor das Margaridas\u00bb\"}]},{\"@type\":\"WebSite\",\"@id\":\"https:\/\/javiervarelactor.com\/#website\",\"url\":\"https:\/\/javiervarelactor.com\/\",\"name\":\"Javier Varela\",\"description\":\"Actor y Presentador\",\"potentialAction\":[{\"@type\":\"SearchAction\",\"target\":{\"@type\":\"EntryPoint\",\"urlTemplate\":\"https:\/\/javiervarelactor.com\/?s={search_term_string}\"},\"query-input\":\"required name=search_term_string\"}],\"inLanguage\":\"es\"},{\"@type\":\"Person\",\"@id\":\"https:\/\/javiervarelactor.com\/#\/schema\/person\/e3104f2f3cca87d9a07b40f5281c02ba\",\"name\":\"Javier Varela\",\"image\":{\"@type\":\"ImageObject\",\"inLanguage\":\"es\",\"@id\":\"https:\/\/javiervarelactor.com\/#\/schema\/person\/image\/\",\"url\":\"https:\/\/secure.gravatar.com\/avatar\/858edfdbe98ed682c9723085564a87b3?s=96&d=mm&r=g\",\"contentUrl\":\"https:\/\/secure.gravatar.com\/avatar\/858edfdbe98ed682c9723085564a87b3?s=96&d=mm&r=g\",\"caption\":\"Javier Varela\"},\"sameAs\":[\"http:\/\/www.javiervarelactor.com\"],\"url\":\"https:\/\/javiervarelactor.com\/?author=1\"}]}<\/script>\n<!-- \/ Yoast SEO plugin. -->","yoast_head_json":{"title":"Estreno \"O Sabor das Margaridas\" - Javier Varela","description":"Proximamente estreno del Sabor de las Margaritas segunda temporada con Javier Varela actor.","robots":{"index":"index","follow":"follow","max-snippet":"max-snippet:-1","max-image-preview":"max-image-preview:large","max-video-preview":"max-video-preview:-1"},"canonical":"https:\/\/javiervarelactor.com\/?p=1618","og_locale":"es_ES","og_type":"article","og_title":"Estreno \"O Sabor das Margaridas\" - Javier Varela","og_description":"Proximamente estreno del Sabor de las Margaritas segunda temporada con Javier Varela actor.","og_url":"https:\/\/javiervarelactor.com\/?p=1618","og_site_name":"Javier Varela","article_publisher":"https:\/\/www.facebook.com\/pages\/Javier-Varela\/145894855509796?sk=info&amp%3bamp%3bamp%3bamp%3btab=page_info","article_published_time":"2020-11-19T10:01:00+00:00","article_modified_time":"2020-11-24T15:54:50+00:00","og_image":[{"width":914,"height":914,"url":"http:\/\/javiervarelactor.com\/wp-content\/uploads\/2020\/10\/sabor2.jpg","type":"image\/jpeg"}],"author":"Javier Varela","twitter_misc":{"Escrito por":"Javier Varela","Tiempo de lectura":"1 minuto"},"schema":{"@context":"https:\/\/schema.org","@graph":[{"@type":"WebPage","@id":"https:\/\/javiervarelactor.com\/?p=1618","url":"https:\/\/javiervarelactor.com\/?p=1618","name":"Estreno \"O Sabor das Margaridas\" - Javier Varela","isPartOf":{"@id":"https:\/\/javiervarelactor.com\/#website"},"primaryImageOfPage":{"@id":"https:\/\/javiervarelactor.com\/?p=1618#primaryimage"},"image":{"@id":"https:\/\/javiervarelactor.com\/?p=1618#primaryimage"},"thumbnailUrl":"https:\/\/javiervarelactor.com\/wp-content\/uploads\/2020\/10\/sabor2.jpg","datePublished":"2020-11-19T10:01:00+00:00","dateModified":"2020-11-24T15:54:50+00:00","author":{"@id":"https:\/\/javiervarelactor.com\/#\/schema\/person\/e3104f2f3cca87d9a07b40f5281c02ba"},"description":"Proximamente estreno del Sabor de las Margaritas segunda temporada con Javier Varela actor.","breadcrumb":{"@id":"https:\/\/javiervarelactor.com\/?p=1618#breadcrumb"},"inLanguage":"es","potentialAction":[{"@type":"ReadAction","target":["https:\/\/javiervarelactor.com\/?p=1618"]}]},{"@type":"ImageObject","inLanguage":"es","@id":"https:\/\/javiervarelactor.com\/?p=1618#primaryimage","url":"https:\/\/javiervarelactor.com\/wp-content\/uploads\/2020\/10\/sabor2.jpg","contentUrl":"https:\/\/javiervarelactor.com\/wp-content\/uploads\/2020\/10\/sabor2.jpg","width":914,"height":914,"caption":"javier varela o sabor das margaridas"},{"@type":"BreadcrumbList","@id":"https:\/\/javiervarelactor.com\/?p=1618#breadcrumb","itemListElement":[{"@type":"ListItem","position":1,"name":"Inicio","item":"https:\/\/javiervarelactor.com\/"},{"@type":"ListItem","position":2,"name":"Estreno \u00abO Sabor das Margaridas\u00bb"}]},{"@type":"WebSite","@id":"https:\/\/javiervarelactor.com\/#website","url":"https:\/\/javiervarelactor.com\/","name":"Javier Varela","description":"Actor y Presentador","potentialAction":[{"@type":"SearchAction","target":{"@type":"EntryPoint","urlTemplate":"https:\/\/javiervarelactor.com\/?s={search_term_string}"},"query-input":"required name=search_term_string"}],"inLanguage":"es"},{"@type":"Person","@id":"https:\/\/javiervarelactor.com\/#\/schema\/person\/e3104f2f3cca87d9a07b40f5281c02ba","name":"Javier Varela","image":{"@type":"ImageObject","inLanguage":"es","@id":"https:\/\/javiervarelactor.com\/#\/schema\/person\/image\/","url":"https:\/\/secure.gravatar.com\/avatar\/858edfdbe98ed682c9723085564a87b3?s=96&d=mm&r=g","contentUrl":"https:\/\/secure.gravatar.com\/avatar\/858edfdbe98ed682c9723085564a87b3?s=96&d=mm&r=g","caption":"Javier Varela"},"sameAs":["http:\/\/www.javiervarelactor.com"],"url":"https:\/\/javiervarelactor.com\/?author=1"}]}},"_links":{"self":[{"href":"https:\/\/javiervarelactor.com\/index.php?rest_route=\/wp\/v2\/posts\/1618"}],"collection":[{"href":"https:\/\/javiervarelactor.com\/index.php?rest_route=\/wp\/v2\/posts"}],"about":[{"href":"https:\/\/javiervarelactor.com\/index.php?rest_route=\/wp\/v2\/types\/post"}],"author":[{"embeddable":true,"href":"https:\/\/javiervarelactor.com\/index.php?rest_route=\/wp\/v2\/users\/1"}],"replies":[{"embeddable":true,"href":"https:\/\/javiervarelactor.com\/index.php?rest_route=%2Fwp%2Fv2%2Fcomments&post=1618"}],"version-history":[{"count":5,"href":"https:\/\/javiervarelactor.com\/index.php?rest_route=\/wp\/v2\/posts\/1618\/revisions"}],"predecessor-version":[{"id":1674,"href":"https:\/\/javiervarelactor.com\/index.php?rest_route=\/wp\/v2\/posts\/1618\/revisions\/1674"}],"wp:featuredmedia":[{"embeddable":true,"href":"https:\/\/javiervarelactor.com\/index.php?rest_route=\/wp\/v2\/media\/1619"}],"wp:attachment":[{"href":"https:\/\/javiervarelactor.com\/index.php?rest_route=%2Fwp%2Fv2%2Fmedia&parent=1618"}],"wp:term":[{"taxonomy":"category","embeddable":true,"href":"https:\/\/javiervarelactor.com\/index.php?rest_route=%2Fwp%2Fv2%2Fcategories&post=1618"},{"taxonomy":"post_tag","embeddable":true,"href":"https:\/\/javiervarelactor.com\/index.php?rest_route=%2Fwp%2Fv2%2Ftags&post=1618"}],"curies":[{"name":"wp","href":"https:\/\/api.w.org\/{rel}","templated":true}]}}