{"id":1547,"date":"2020-08-31T10:28:21","date_gmt":"2020-08-31T10:28:21","guid":{"rendered":"http:\/\/javiervarelactor.com\/?p=1547"},"modified":"2020-11-10T11:32:58","modified_gmt":"2020-11-10T11:32:58","slug":"presentador-television-un-verano-intenso","status":"publish","type":"post","link":"https:\/\/javiervarelactor.com\/?p=1547","title":{"rendered":"Presentador televisi\u00f3n: un verano intenso."},"content":{"rendered":"\n<p class=\"has-text-align-left has-black-color has-text-color\">El verano 2020 est\u00e1 siendo una temporada muy intensa, para todos, para todo. Para mi ha sido una \u00e9poca de mucho trabajo, muchos viajes, muchos paisajes y mucho disfrute.He tenido el privilegio de formar parte de uno de los proyectos m\u00e1s interesantes de mi carrera: \u00ab<strong>Sen Fronteiras<\/strong>\u00bb una coproducci\u00f3n de TVG y RTP1, un programa donde descubrir la vida y costumbres de localidades portuguesas y sus hermanas gallegas. Como presentador de \u00abSen Fronteiras\u00bb he tenido la oportunidad de poner a prueba mis capacidades f\u00edsicas de la manera m\u00e1s divertida: surf, rafting, comer, beber, reir&#8230; una maravilla de equipo ha hecho posible ponerle im\u00e1genes a las costumbres de los pueblos portugueses. Muy pronto se emitir\u00e1 en RTP1 y en TVG.<\/p>\n\n\n\n<div class=\"wp-block-image\"><figure class=\"alignright\"><img loading=\"lazy\" decoding=\"async\" width=\"531\" height=\"709\" src=\"http:\/\/javiervarelactor.com\/wp-content\/uploads\/2020\/11\/presentador-television-portugal-edited.jpg\" alt=\"presentador televisi\u00f3n portugal\" class=\"wp-image-1660\" srcset=\"https:\/\/javiervarelactor.com\/wp-content\/uploads\/2020\/11\/presentador-television-portugal-edited.jpg 531w, https:\/\/javiervarelactor.com\/wp-content\/uploads\/2020\/11\/presentador-television-portugal-edited-225x300.jpg 225w\" sizes=\"(max-width: 531px) 100vw, 531px\" \/><\/figure><\/div>\n\n\n\n<ul><li><span class=\"has-inline-color has-black-color\">Al otro lado de la frontera, en Galicia, el verano a pasado de feria en feria con \u00ab<strong>Imos de Feira<\/strong>\u00ab, una segunda temporada producida con todas las precauciones y medidas que esta nueva normalidad nos dicta, pero sin perder el calor, el caracter espont\u00e1neo y la naturalidad de quienes hacen posible las ferias en cada uno de los pueblos gallegos que hemos visitado Rafa Dur\u00e1n y yo. Muy pronto tambi\u00e9n, esta segunda y divertida temporada en TVG.<\/span><\/li><\/ul>\n","protected":false},"excerpt":{"rendered":"<p>El verano 2020 est\u00e1 siendo una temporada muy intensa, para todos, para todo. Para mi ha sido una \u00e9poca de mucho trabajo, muchos viajes, muchos paisajes y mucho disfrute.He tenido el privilegio de formar parte de uno de los proyectos m\u00e1s interesantes de mi carrera: \u00abSen Fronteiras\u00bb una coproducci\u00f3n de TVG y RTP1, un programa <a class=\"read-more\" href=\"https:\/\/javiervarelactor.com\/?p=1547\">Leer m\u00e1s<\/a><\/p>\n","protected":false},"author":1,"featured_media":1548,"comment_status":"closed","ping_status":"open","sticky":false,"template":"","format":"standard","meta":{"_monsterinsights_skip_tracking":false,"_monsterinsights_sitenote_active":false,"_monsterinsights_sitenote_note":"","_monsterinsights_sitenote_category":0,"footnotes":""},"categories":[41,22,58],"tags":[99],"yoast_head":"<!-- This site is optimized with the Yoast SEO plugin v22.7 - https:\/\/yoast.com\/wordpress\/plugins\/seo\/ -->\n<title>Presentador televisi\u00f3n: un verano intenso. - Javier Varela<\/title>\n<meta name=\"robots\" content=\"index, follow, max-snippet:-1, max-image-preview:large, max-video-preview:-1\" \/>\n<link rel=\"canonical\" href=\"https:\/\/javiervarelactor.com\/?p=1547\" \/>\n<meta property=\"og:locale\" content=\"es_ES\" \/>\n<meta property=\"og:type\" content=\"article\" \/>\n<meta property=\"og:title\" content=\"Presentador televisi\u00f3n: un verano intenso. - Javier Varela\" \/>\n<meta property=\"og:description\" content=\"El verano 2020 est\u00e1 siendo una temporada muy intensa, para todos, para todo. Para mi ha sido una \u00e9poca de mucho trabajo, muchos viajes, muchos paisajes y mucho disfrute.He tenido el privilegio de formar parte de uno de los proyectos m\u00e1s interesantes de mi carrera: \u00abSen Fronteiras\u00bb una coproducci\u00f3n de TVG y RTP1, un programa Leer m\u00e1s\" \/>\n<meta property=\"og:url\" content=\"https:\/\/javiervarelactor.com\/?p=1547\" \/>\n<meta property=\"og:site_name\" content=\"Javier Varela\" \/>\n<meta property=\"article:publisher\" content=\"https:\/\/www.facebook.com\/pages\/Javier-Varela\/145894855509796?sk=info&amp;amp%3bamp%3bamp%3bamp%3btab=page_info\" \/>\n<meta property=\"article:published_time\" content=\"2020-08-31T10:28:21+00:00\" \/>\n<meta property=\"article:modified_time\" content=\"2020-11-10T11:32:58+00:00\" \/>\n<meta property=\"og:image\" content=\"https:\/\/javiervarelactor.com\/wp-content\/uploads\/2020\/08\/presentador-television-javier-varela.jpg\" \/>\n\t<meta property=\"og:image:width\" content=\"768\" \/>\n\t<meta property=\"og:image:height\" content=\"1024\" \/>\n\t<meta property=\"og:image:type\" content=\"image\/jpeg\" \/>\n<meta name=\"author\" content=\"Javier Varela\" \/>\n<meta name=\"twitter:label1\" content=\"Escrito por\" \/>\n\t<meta name=\"twitter:data1\" content=\"Javier Varela\" \/>\n\t<meta name=\"twitter:label2\" content=\"Tiempo de lectura\" \/>\n\t<meta name=\"twitter:data2\" content=\"1 minuto\" \/>\n<script type=\"application\/ld+json\" class=\"yoast-schema-graph\">{\"@context\":\"https:\/\/schema.org\",\"@graph\":[{\"@type\":\"WebPage\",\"@id\":\"https:\/\/javiervarelactor.com\/?p=1547\",\"url\":\"https:\/\/javiervarelactor.com\/?p=1547\",\"name\":\"Presentador televisi\u00f3n: un verano intenso. - Javier Varela\",\"isPartOf\":{\"@id\":\"https:\/\/javiervarelactor.com\/#website\"},\"primaryImageOfPage\":{\"@id\":\"https:\/\/javiervarelactor.com\/?p=1547#primaryimage\"},\"image\":{\"@id\":\"https:\/\/javiervarelactor.com\/?p=1547#primaryimage\"},\"thumbnailUrl\":\"https:\/\/javiervarelactor.com\/wp-content\/uploads\/2020\/08\/presentador-television-javier-varela.jpg\",\"datePublished\":\"2020-08-31T10:28:21+00:00\",\"dateModified\":\"2020-11-10T11:32:58+00:00\",\"author\":{\"@id\":\"https:\/\/javiervarelactor.com\/#\/schema\/person\/e3104f2f3cca87d9a07b40f5281c02ba\"},\"breadcrumb\":{\"@id\":\"https:\/\/javiervarelactor.com\/?p=1547#breadcrumb\"},\"inLanguage\":\"es\",\"potentialAction\":[{\"@type\":\"ReadAction\",\"target\":[\"https:\/\/javiervarelactor.com\/?p=1547\"]}]},{\"@type\":\"ImageObject\",\"inLanguage\":\"es\",\"@id\":\"https:\/\/javiervarelactor.com\/?p=1547#primaryimage\",\"url\":\"https:\/\/javiervarelactor.com\/wp-content\/uploads\/2020\/08\/presentador-television-javier-varela.jpg\",\"contentUrl\":\"https:\/\/javiervarelactor.com\/wp-content\/uploads\/2020\/08\/presentador-television-javier-varela.jpg\",\"width\":768,\"height\":1024,\"caption\":\"presentador televisi\u00f3n javier varela\"},{\"@type\":\"BreadcrumbList\",\"@id\":\"https:\/\/javiervarelactor.com\/?p=1547#breadcrumb\",\"itemListElement\":[{\"@type\":\"ListItem\",\"position\":1,\"name\":\"Inicio\",\"item\":\"https:\/\/javiervarelactor.com\/\"},{\"@type\":\"ListItem\",\"position\":2,\"name\":\"Presentador televisi\u00f3n: un verano intenso.\"}]},{\"@type\":\"WebSite\",\"@id\":\"https:\/\/javiervarelactor.com\/#website\",\"url\":\"https:\/\/javiervarelactor.com\/\",\"name\":\"Javier Varela\",\"description\":\"Actor y Presentador\",\"potentialAction\":[{\"@type\":\"SearchAction\",\"target\":{\"@type\":\"EntryPoint\",\"urlTemplate\":\"https:\/\/javiervarelactor.com\/?s={search_term_string}\"},\"query-input\":\"required name=search_term_string\"}],\"inLanguage\":\"es\"},{\"@type\":\"Person\",\"@id\":\"https:\/\/javiervarelactor.com\/#\/schema\/person\/e3104f2f3cca87d9a07b40f5281c02ba\",\"name\":\"Javier Varela\",\"image\":{\"@type\":\"ImageObject\",\"inLanguage\":\"es\",\"@id\":\"https:\/\/javiervarelactor.com\/#\/schema\/person\/image\/\",\"url\":\"https:\/\/secure.gravatar.com\/avatar\/858edfdbe98ed682c9723085564a87b3?s=96&d=mm&r=g\",\"contentUrl\":\"https:\/\/secure.gravatar.com\/avatar\/858edfdbe98ed682c9723085564a87b3?s=96&d=mm&r=g\",\"caption\":\"Javier Varela\"},\"sameAs\":[\"http:\/\/www.javiervarelactor.com\"],\"url\":\"https:\/\/javiervarelactor.com\/?author=1\"}]}<\/script>\n<!-- \/ Yoast SEO plugin. -->","yoast_head_json":{"title":"Presentador televisi\u00f3n: un verano intenso. - Javier Varela","robots":{"index":"index","follow":"follow","max-snippet":"max-snippet:-1","max-image-preview":"max-image-preview:large","max-video-preview":"max-video-preview:-1"},"canonical":"https:\/\/javiervarelactor.com\/?p=1547","og_locale":"es_ES","og_type":"article","og_title":"Presentador televisi\u00f3n: un verano intenso. - Javier Varela","og_description":"El verano 2020 est\u00e1 siendo una temporada muy intensa, para todos, para todo. Para mi ha sido una \u00e9poca de mucho trabajo, muchos viajes, muchos paisajes y mucho disfrute.He tenido el privilegio de formar parte de uno de los proyectos m\u00e1s interesantes de mi carrera: \u00abSen Fronteiras\u00bb una coproducci\u00f3n de TVG y RTP1, un programa Leer m\u00e1s","og_url":"https:\/\/javiervarelactor.com\/?p=1547","og_site_name":"Javier Varela","article_publisher":"https:\/\/www.facebook.com\/pages\/Javier-Varela\/145894855509796?sk=info&amp%3bamp%3bamp%3bamp%3btab=page_info","article_published_time":"2020-08-31T10:28:21+00:00","article_modified_time":"2020-11-10T11:32:58+00:00","og_image":[{"width":768,"height":1024,"url":"https:\/\/javiervarelactor.com\/wp-content\/uploads\/2020\/08\/presentador-television-javier-varela.jpg","type":"image\/jpeg"}],"author":"Javier Varela","twitter_misc":{"Escrito por":"Javier Varela","Tiempo de lectura":"1 minuto"},"schema":{"@context":"https:\/\/schema.org","@graph":[{"@type":"WebPage","@id":"https:\/\/javiervarelactor.com\/?p=1547","url":"https:\/\/javiervarelactor.com\/?p=1547","name":"Presentador televisi\u00f3n: un verano intenso. - Javier Varela","isPartOf":{"@id":"https:\/\/javiervarelactor.com\/#website"},"primaryImageOfPage":{"@id":"https:\/\/javiervarelactor.com\/?p=1547#primaryimage"},"image":{"@id":"https:\/\/javiervarelactor.com\/?p=1547#primaryimage"},"thumbnailUrl":"https:\/\/javiervarelactor.com\/wp-content\/uploads\/2020\/08\/presentador-television-javier-varela.jpg","datePublished":"2020-08-31T10:28:21+00:00","dateModified":"2020-11-10T11:32:58+00:00","author":{"@id":"https:\/\/javiervarelactor.com\/#\/schema\/person\/e3104f2f3cca87d9a07b40f5281c02ba"},"breadcrumb":{"@id":"https:\/\/javiervarelactor.com\/?p=1547#breadcrumb"},"inLanguage":"es","potentialAction":[{"@type":"ReadAction","target":["https:\/\/javiervarelactor.com\/?p=1547"]}]},{"@type":"ImageObject","inLanguage":"es","@id":"https:\/\/javiervarelactor.com\/?p=1547#primaryimage","url":"https:\/\/javiervarelactor.com\/wp-content\/uploads\/2020\/08\/presentador-television-javier-varela.jpg","contentUrl":"https:\/\/javiervarelactor.com\/wp-content\/uploads\/2020\/08\/presentador-television-javier-varela.jpg","width":768,"height":1024,"caption":"presentador televisi\u00f3n javier varela"},{"@type":"BreadcrumbList","@id":"https:\/\/javiervarelactor.com\/?p=1547#breadcrumb","itemListElement":[{"@type":"ListItem","position":1,"name":"Inicio","item":"https:\/\/javiervarelactor.com\/"},{"@type":"ListItem","position":2,"name":"Presentador televisi\u00f3n: un verano intenso."}]},{"@type":"WebSite","@id":"https:\/\/javiervarelactor.com\/#website","url":"https:\/\/javiervarelactor.com\/","name":"Javier Varela","description":"Actor y Presentador","potentialAction":[{"@type":"SearchAction","target":{"@type":"EntryPoint","urlTemplate":"https:\/\/javiervarelactor.com\/?s={search_term_string}"},"query-input":"required name=search_term_string"}],"inLanguage":"es"},{"@type":"Person","@id":"https:\/\/javiervarelactor.com\/#\/schema\/person\/e3104f2f3cca87d9a07b40f5281c02ba","name":"Javier Varela","image":{"@type":"ImageObject","inLanguage":"es","@id":"https:\/\/javiervarelactor.com\/#\/schema\/person\/image\/","url":"https:\/\/secure.gravatar.com\/avatar\/858edfdbe98ed682c9723085564a87b3?s=96&d=mm&r=g","contentUrl":"https:\/\/secure.gravatar.com\/avatar\/858edfdbe98ed682c9723085564a87b3?s=96&d=mm&r=g","caption":"Javier Varela"},"sameAs":["http:\/\/www.javiervarelactor.com"],"url":"https:\/\/javiervarelactor.com\/?author=1"}]}},"_links":{"self":[{"href":"https:\/\/javiervarelactor.com\/index.php?rest_route=\/wp\/v2\/posts\/1547"}],"collection":[{"href":"https:\/\/javiervarelactor.com\/index.php?rest_route=\/wp\/v2\/posts"}],"about":[{"href":"https:\/\/javiervarelactor.com\/index.php?rest_route=\/wp\/v2\/types\/post"}],"author":[{"embeddable":true,"href":"https:\/\/javiervarelactor.com\/index.php?rest_route=\/wp\/v2\/users\/1"}],"replies":[{"embeddable":true,"href":"https:\/\/javiervarelactor.com\/index.php?rest_route=%2Fwp%2Fv2%2Fcomments&post=1547"}],"version-history":[{"count":7,"href":"https:\/\/javiervarelactor.com\/index.php?rest_route=\/wp\/v2\/posts\/1547\/revisions"}],"predecessor-version":[{"id":1662,"href":"https:\/\/javiervarelactor.com\/index.php?rest_route=\/wp\/v2\/posts\/1547\/revisions\/1662"}],"wp:featuredmedia":[{"embeddable":true,"href":"https:\/\/javiervarelactor.com\/index.php?rest_route=\/wp\/v2\/media\/1548"}],"wp:attachment":[{"href":"https:\/\/javiervarelactor.com\/index.php?rest_route=%2Fwp%2Fv2%2Fmedia&parent=1547"}],"wp:term":[{"taxonomy":"category","embeddable":true,"href":"https:\/\/javiervarelactor.com\/index.php?rest_route=%2Fwp%2Fv2%2Fcategories&post=1547"},{"taxonomy":"post_tag","embeddable":true,"href":"https:\/\/javiervarelactor.com\/index.php?rest_route=%2Fwp%2Fv2%2Ftags&post=1547"}],"curies":[{"name":"wp","href":"https:\/\/api.w.org\/{rel}","templated":true}]}}