{"id":1536,"date":"2020-03-11T11:17:14","date_gmt":"2020-03-11T11:17:14","guid":{"rendered":"http:\/\/javiervarelactor.com\/?p=1536"},"modified":"2020-11-10T11:33:02","modified_gmt":"2020-11-10T11:33:02","slug":"actor-pelicula-internacional","status":"publish","type":"post","link":"https:\/\/javiervarelactor.com\/?p=1536","title":{"rendered":"Actor pel\u00edcula internacional"},"content":{"rendered":"<p><span style=\"color: #000000;\">Muy pronto podremos disfrutar de mi \u00faltimo trabajo como actor en una pel\u00edcula de producci\u00f3n internacional \u00ab<strong>1618<\/strong>\u00bb en la que he tenido el placer de formar parte. <\/span><\/p>\n<p><span style=\"color: #000000;\">Mi papel como <em>Rey Felipe III<\/em> ha sido una experiencia enormemente enriquecedora, una oportunidad excepcional de trabajar con profesionales de talla internacional en todos los \u00e1mbitos de la producci\u00f3n. A destacar la calidad y delicadeza del equipo de vestuario y caracterizaci\u00f3n, muy pronto podr\u00e9is ver el resultado. Tanto la producci\u00f3n como la direcci\u00f3n facilitaron mi participaci\u00f3n en esta pel\u00edcula y ha sido un placer, de verdad.<\/span><\/p>\n<p><span style=\"color: #000000;\">Es fant\u00e1stico formar parte de un equipo donde los idiomas, nacionalidades y perfiles se mezclan haciendo que el trabajo salga adelante con total fluidez. Una maravilla, el CINE con may\u00fasculas.<br \/>\n<\/span><\/p>\n<p><span style=\"color: #000000;\">Mi participaci\u00f3n en la pel\u00edcula ha sido posible gracias al esfuerzo de mi representante, a la que aprovecho para felicitar por su nuevo proyecto profesional, al que me uno con toda mi energ\u00eda positiva. Nos esperan grandes y divertidos proyectos juntos.<\/span><\/p>\n<p><span style=\"color: #000000;\">En cuanto est\u00e9 disponible la pel\u00edcula os mantender\u00e9 informados.<\/span><\/p>\n","protected":false},"excerpt":{"rendered":"<p>Muy pronto podremos disfrutar de mi \u00faltimo trabajo como actor en una pel\u00edcula de producci\u00f3n internacional \u00ab1618\u00bb en la que he tenido el placer de formar parte. Mi papel como Rey Felipe III ha sido una experiencia enormemente enriquecedora, una oportunidad excepcional de trabajar con profesionales de talla internacional en todos los \u00e1mbitos de la <a class=\"read-more\" href=\"https:\/\/javiervarelactor.com\/?p=1536\">Leer m\u00e1s<\/a><\/p>\n","protected":false},"author":1,"featured_media":1538,"comment_status":"closed","ping_status":"open","sticky":false,"template":"","format":"standard","meta":{"_monsterinsights_skip_tracking":false,"_monsterinsights_sitenote_active":false,"_monsterinsights_sitenote_note":"","_monsterinsights_sitenote_category":0,"footnotes":""},"categories":[21],"tags":[97,98],"yoast_head":"<!-- This site is optimized with the Yoast SEO plugin v22.7 - https:\/\/yoast.com\/wordpress\/plugins\/seo\/ -->\n<title>Actor pel\u00edcula internacional - Javier Varela Actor<\/title>\n<meta name=\"description\" content=\"Mi \u00faltimo trabajo como Actor en la pel\u00edcula internacional &quot;1618&quot; muy pronto en las pantallas de cine y en plataformas- Javier Varela Actor\" \/>\n<meta name=\"robots\" content=\"index, follow, max-snippet:-1, max-image-preview:large, max-video-preview:-1\" \/>\n<link rel=\"canonical\" href=\"https:\/\/javiervarelactor.com\/?p=1536\" \/>\n<meta property=\"og:locale\" content=\"es_ES\" \/>\n<meta property=\"og:type\" content=\"article\" \/>\n<meta property=\"og:title\" content=\"Actor pel\u00edcula internacional - Javier Varela Actor\" \/>\n<meta property=\"og:description\" content=\"Mi \u00faltimo trabajo como Actor en la pel\u00edcula internacional &quot;1618&quot; muy pronto en las pantallas de cine y en plataformas- Javier Varela Actor\" \/>\n<meta property=\"og:url\" content=\"https:\/\/javiervarelactor.com\/?p=1536\" \/>\n<meta property=\"og:site_name\" content=\"Javier Varela\" \/>\n<meta property=\"article:publisher\" content=\"https:\/\/www.facebook.com\/pages\/Javier-Varela\/145894855509796?sk=info&amp;amp%3bamp%3bamp%3bamp%3btab=page_info\" \/>\n<meta property=\"article:published_time\" content=\"2020-03-11T11:17:14+00:00\" \/>\n<meta property=\"article:modified_time\" content=\"2020-11-10T11:33:02+00:00\" \/>\n<meta property=\"og:image\" content=\"https:\/\/javiervarelactor.com\/wp-content\/uploads\/2020\/03\/actor-internacional.jpg\" \/>\n\t<meta property=\"og:image:width\" content=\"750\" \/>\n\t<meta property=\"og:image:height\" content=\"753\" \/>\n\t<meta property=\"og:image:type\" content=\"image\/jpeg\" \/>\n<meta name=\"author\" content=\"Javier Varela\" \/>\n<meta name=\"twitter:label1\" content=\"Escrito por\" \/>\n\t<meta name=\"twitter:data1\" content=\"Javier Varela\" \/>\n\t<meta name=\"twitter:label2\" content=\"Tiempo de lectura\" \/>\n\t<meta name=\"twitter:data2\" content=\"1 minuto\" \/>\n<script type=\"application\/ld+json\" class=\"yoast-schema-graph\">{\"@context\":\"https:\/\/schema.org\",\"@graph\":[{\"@type\":\"WebPage\",\"@id\":\"https:\/\/javiervarelactor.com\/?p=1536\",\"url\":\"https:\/\/javiervarelactor.com\/?p=1536\",\"name\":\"Actor pel\u00edcula internacional - Javier Varela Actor\",\"isPartOf\":{\"@id\":\"https:\/\/javiervarelactor.com\/#website\"},\"primaryImageOfPage\":{\"@id\":\"https:\/\/javiervarelactor.com\/?p=1536#primaryimage\"},\"image\":{\"@id\":\"https:\/\/javiervarelactor.com\/?p=1536#primaryimage\"},\"thumbnailUrl\":\"https:\/\/javiervarelactor.com\/wp-content\/uploads\/2020\/03\/actor-internacional.jpg\",\"datePublished\":\"2020-03-11T11:17:14+00:00\",\"dateModified\":\"2020-11-10T11:33:02+00:00\",\"author\":{\"@id\":\"https:\/\/javiervarelactor.com\/#\/schema\/person\/e3104f2f3cca87d9a07b40f5281c02ba\"},\"description\":\"Mi \u00faltimo trabajo como Actor en la pel\u00edcula internacional \\\"1618\\\" muy pronto en las pantallas de cine y en plataformas- Javier Varela Actor\",\"breadcrumb\":{\"@id\":\"https:\/\/javiervarelactor.com\/?p=1536#breadcrumb\"},\"inLanguage\":\"es\",\"potentialAction\":[{\"@type\":\"ReadAction\",\"target\":[\"https:\/\/javiervarelactor.com\/?p=1536\"]}]},{\"@type\":\"ImageObject\",\"inLanguage\":\"es\",\"@id\":\"https:\/\/javiervarelactor.com\/?p=1536#primaryimage\",\"url\":\"https:\/\/javiervarelactor.com\/wp-content\/uploads\/2020\/03\/actor-internacional.jpg\",\"contentUrl\":\"https:\/\/javiervarelactor.com\/wp-content\/uploads\/2020\/03\/actor-internacional.jpg\",\"width\":750,\"height\":753,\"caption\":\"actor pel\u00edcula internacional\"},{\"@type\":\"BreadcrumbList\",\"@id\":\"https:\/\/javiervarelactor.com\/?p=1536#breadcrumb\",\"itemListElement\":[{\"@type\":\"ListItem\",\"position\":1,\"name\":\"Inicio\",\"item\":\"https:\/\/javiervarelactor.com\/\"},{\"@type\":\"ListItem\",\"position\":2,\"name\":\"Actor pel\u00edcula internacional\"}]},{\"@type\":\"WebSite\",\"@id\":\"https:\/\/javiervarelactor.com\/#website\",\"url\":\"https:\/\/javiervarelactor.com\/\",\"name\":\"Javier Varela\",\"description\":\"Actor y Presentador\",\"potentialAction\":[{\"@type\":\"SearchAction\",\"target\":{\"@type\":\"EntryPoint\",\"urlTemplate\":\"https:\/\/javiervarelactor.com\/?s={search_term_string}\"},\"query-input\":\"required name=search_term_string\"}],\"inLanguage\":\"es\"},{\"@type\":\"Person\",\"@id\":\"https:\/\/javiervarelactor.com\/#\/schema\/person\/e3104f2f3cca87d9a07b40f5281c02ba\",\"name\":\"Javier Varela\",\"image\":{\"@type\":\"ImageObject\",\"inLanguage\":\"es\",\"@id\":\"https:\/\/javiervarelactor.com\/#\/schema\/person\/image\/\",\"url\":\"https:\/\/secure.gravatar.com\/avatar\/858edfdbe98ed682c9723085564a87b3?s=96&d=mm&r=g\",\"contentUrl\":\"https:\/\/secure.gravatar.com\/avatar\/858edfdbe98ed682c9723085564a87b3?s=96&d=mm&r=g\",\"caption\":\"Javier Varela\"},\"sameAs\":[\"http:\/\/www.javiervarelactor.com\"],\"url\":\"https:\/\/javiervarelactor.com\/?author=1\"}]}<\/script>\n<!-- \/ Yoast SEO plugin. -->","yoast_head_json":{"title":"Actor pel\u00edcula internacional - Javier Varela Actor","description":"Mi \u00faltimo trabajo como Actor en la pel\u00edcula internacional \"1618\" muy pronto en las pantallas de cine y en plataformas- Javier Varela Actor","robots":{"index":"index","follow":"follow","max-snippet":"max-snippet:-1","max-image-preview":"max-image-preview:large","max-video-preview":"max-video-preview:-1"},"canonical":"https:\/\/javiervarelactor.com\/?p=1536","og_locale":"es_ES","og_type":"article","og_title":"Actor pel\u00edcula internacional - Javier Varela Actor","og_description":"Mi \u00faltimo trabajo como Actor en la pel\u00edcula internacional \"1618\" muy pronto en las pantallas de cine y en plataformas- Javier Varela Actor","og_url":"https:\/\/javiervarelactor.com\/?p=1536","og_site_name":"Javier Varela","article_publisher":"https:\/\/www.facebook.com\/pages\/Javier-Varela\/145894855509796?sk=info&amp%3bamp%3bamp%3bamp%3btab=page_info","article_published_time":"2020-03-11T11:17:14+00:00","article_modified_time":"2020-11-10T11:33:02+00:00","og_image":[{"width":750,"height":753,"url":"https:\/\/javiervarelactor.com\/wp-content\/uploads\/2020\/03\/actor-internacional.jpg","type":"image\/jpeg"}],"author":"Javier Varela","twitter_misc":{"Escrito por":"Javier Varela","Tiempo de lectura":"1 minuto"},"schema":{"@context":"https:\/\/schema.org","@graph":[{"@type":"WebPage","@id":"https:\/\/javiervarelactor.com\/?p=1536","url":"https:\/\/javiervarelactor.com\/?p=1536","name":"Actor pel\u00edcula internacional - Javier Varela Actor","isPartOf":{"@id":"https:\/\/javiervarelactor.com\/#website"},"primaryImageOfPage":{"@id":"https:\/\/javiervarelactor.com\/?p=1536#primaryimage"},"image":{"@id":"https:\/\/javiervarelactor.com\/?p=1536#primaryimage"},"thumbnailUrl":"https:\/\/javiervarelactor.com\/wp-content\/uploads\/2020\/03\/actor-internacional.jpg","datePublished":"2020-03-11T11:17:14+00:00","dateModified":"2020-11-10T11:33:02+00:00","author":{"@id":"https:\/\/javiervarelactor.com\/#\/schema\/person\/e3104f2f3cca87d9a07b40f5281c02ba"},"description":"Mi \u00faltimo trabajo como Actor en la pel\u00edcula internacional \"1618\" muy pronto en las pantallas de cine y en plataformas- Javier Varela Actor","breadcrumb":{"@id":"https:\/\/javiervarelactor.com\/?p=1536#breadcrumb"},"inLanguage":"es","potentialAction":[{"@type":"ReadAction","target":["https:\/\/javiervarelactor.com\/?p=1536"]}]},{"@type":"ImageObject","inLanguage":"es","@id":"https:\/\/javiervarelactor.com\/?p=1536#primaryimage","url":"https:\/\/javiervarelactor.com\/wp-content\/uploads\/2020\/03\/actor-internacional.jpg","contentUrl":"https:\/\/javiervarelactor.com\/wp-content\/uploads\/2020\/03\/actor-internacional.jpg","width":750,"height":753,"caption":"actor pel\u00edcula internacional"},{"@type":"BreadcrumbList","@id":"https:\/\/javiervarelactor.com\/?p=1536#breadcrumb","itemListElement":[{"@type":"ListItem","position":1,"name":"Inicio","item":"https:\/\/javiervarelactor.com\/"},{"@type":"ListItem","position":2,"name":"Actor pel\u00edcula internacional"}]},{"@type":"WebSite","@id":"https:\/\/javiervarelactor.com\/#website","url":"https:\/\/javiervarelactor.com\/","name":"Javier Varela","description":"Actor y Presentador","potentialAction":[{"@type":"SearchAction","target":{"@type":"EntryPoint","urlTemplate":"https:\/\/javiervarelactor.com\/?s={search_term_string}"},"query-input":"required name=search_term_string"}],"inLanguage":"es"},{"@type":"Person","@id":"https:\/\/javiervarelactor.com\/#\/schema\/person\/e3104f2f3cca87d9a07b40f5281c02ba","name":"Javier Varela","image":{"@type":"ImageObject","inLanguage":"es","@id":"https:\/\/javiervarelactor.com\/#\/schema\/person\/image\/","url":"https:\/\/secure.gravatar.com\/avatar\/858edfdbe98ed682c9723085564a87b3?s=96&d=mm&r=g","contentUrl":"https:\/\/secure.gravatar.com\/avatar\/858edfdbe98ed682c9723085564a87b3?s=96&d=mm&r=g","caption":"Javier Varela"},"sameAs":["http:\/\/www.javiervarelactor.com"],"url":"https:\/\/javiervarelactor.com\/?author=1"}]}},"_links":{"self":[{"href":"https:\/\/javiervarelactor.com\/index.php?rest_route=\/wp\/v2\/posts\/1536"}],"collection":[{"href":"https:\/\/javiervarelactor.com\/index.php?rest_route=\/wp\/v2\/posts"}],"about":[{"href":"https:\/\/javiervarelactor.com\/index.php?rest_route=\/wp\/v2\/types\/post"}],"author":[{"embeddable":true,"href":"https:\/\/javiervarelactor.com\/index.php?rest_route=\/wp\/v2\/users\/1"}],"replies":[{"embeddable":true,"href":"https:\/\/javiervarelactor.com\/index.php?rest_route=%2Fwp%2Fv2%2Fcomments&post=1536"}],"version-history":[{"count":3,"href":"https:\/\/javiervarelactor.com\/index.php?rest_route=\/wp\/v2\/posts\/1536\/revisions"}],"predecessor-version":[{"id":1659,"href":"https:\/\/javiervarelactor.com\/index.php?rest_route=\/wp\/v2\/posts\/1536\/revisions\/1659"}],"wp:featuredmedia":[{"embeddable":true,"href":"https:\/\/javiervarelactor.com\/index.php?rest_route=\/wp\/v2\/media\/1538"}],"wp:attachment":[{"href":"https:\/\/javiervarelactor.com\/index.php?rest_route=%2Fwp%2Fv2%2Fmedia&parent=1536"}],"wp:term":[{"taxonomy":"category","embeddable":true,"href":"https:\/\/javiervarelactor.com\/index.php?rest_route=%2Fwp%2Fv2%2Fcategories&post=1536"},{"taxonomy":"post_tag","embeddable":true,"href":"https:\/\/javiervarelactor.com\/index.php?rest_route=%2Fwp%2Fv2%2Ftags&post=1536"}],"curies":[{"name":"wp","href":"https:\/\/api.w.org\/{rel}","templated":true}]}}