{"id":1531,"date":"2019-11-18T09:02:14","date_gmt":"2019-11-18T09:02:14","guid":{"rendered":"http:\/\/javiervarelactor.com\/?p=1531"},"modified":"2020-11-10T11:34:35","modified_gmt":"2020-11-10T11:34:35","slug":"presentador-television-galicia","status":"publish","type":"post","link":"https:\/\/javiervarelactor.com\/?p=1531","title":{"rendered":"Presentador televisi\u00f3n Galicia"},"content":{"rendered":"<p>D\u00edas de intenso trabajo como Presentador de Televisi\u00f3n en Galicia. Muchos kil\u00f3metros, mucha calle, mucha voz, mucha risa, mucha concentraci\u00f3n, poco descanso y muchas ganas de poder contaros algo m\u00e1s.<\/p>\n<p>Nos vemos estos d\u00edas en Galicia.<\/p>\n","protected":false},"excerpt":{"rendered":"<p>D\u00edas de intenso trabajo como Presentador de Televisi\u00f3n en Galicia. Muchos kil\u00f3metros, mucha calle, mucha voz, mucha risa, mucha concentraci\u00f3n, poco descanso y muchas ganas de poder contaros algo m\u00e1s. Nos vemos estos d\u00edas en Galicia.<\/p>\n","protected":false},"author":1,"featured_media":1533,"comment_status":"closed","ping_status":"open","sticky":false,"template":"","format":"standard","meta":{"_monsterinsights_skip_tracking":false,"_monsterinsights_sitenote_active":false,"_monsterinsights_sitenote_note":"","_monsterinsights_sitenote_category":0,"footnotes":""},"categories":[41,22],"tags":[],"yoast_head":"<!-- This site is optimized with the Yoast SEO plugin v22.7 - https:\/\/yoast.com\/wordpress\/plugins\/seo\/ -->\n<title>presentador televisi\u00f3n galicia<\/title>\n<meta name=\"description\" content=\"presentador televisi\u00f3n galicia Javier Varela\" \/>\n<meta name=\"robots\" content=\"index, follow, max-snippet:-1, max-image-preview:large, max-video-preview:-1\" \/>\n<link rel=\"canonical\" href=\"https:\/\/javiervarelactor.com\/?p=1531\" \/>\n<meta property=\"og:locale\" content=\"es_ES\" \/>\n<meta property=\"og:type\" content=\"article\" \/>\n<meta property=\"og:title\" content=\"presentador televisi\u00f3n galicia\" \/>\n<meta property=\"og:description\" content=\"presentador televisi\u00f3n galicia Javier Varela\" \/>\n<meta property=\"og:url\" content=\"https:\/\/javiervarelactor.com\/?p=1531\" \/>\n<meta property=\"og:site_name\" content=\"Javier Varela\" \/>\n<meta property=\"article:publisher\" content=\"https:\/\/www.facebook.com\/pages\/Javier-Varela\/145894855509796?sk=info&amp;amp%3bamp%3bamp%3bamp%3btab=page_info\" \/>\n<meta property=\"article:published_time\" content=\"2019-11-18T09:02:14+00:00\" \/>\n<meta property=\"article:modified_time\" content=\"2020-11-10T11:34:35+00:00\" \/>\n<meta property=\"og:image\" content=\"https:\/\/javiervarelactor.com\/wp-content\/uploads\/2019\/11\/ribeira-sacra-javier-e1572858401645.jpg\" \/>\n\t<meta property=\"og:image:width\" content=\"566\" \/>\n\t<meta property=\"og:image:height\" content=\"506\" \/>\n\t<meta property=\"og:image:type\" content=\"image\/jpeg\" \/>\n<meta name=\"author\" content=\"Javier Varela\" \/>\n<meta name=\"twitter:label1\" content=\"Escrito por\" \/>\n\t<meta name=\"twitter:data1\" content=\"Javier Varela\" \/>\n<script type=\"application\/ld+json\" class=\"yoast-schema-graph\">{\"@context\":\"https:\/\/schema.org\",\"@graph\":[{\"@type\":\"WebPage\",\"@id\":\"https:\/\/javiervarelactor.com\/?p=1531\",\"url\":\"https:\/\/javiervarelactor.com\/?p=1531\",\"name\":\"presentador televisi\u00f3n galicia\",\"isPartOf\":{\"@id\":\"https:\/\/javiervarelactor.com\/#website\"},\"primaryImageOfPage\":{\"@id\":\"https:\/\/javiervarelactor.com\/?p=1531#primaryimage\"},\"image\":{\"@id\":\"https:\/\/javiervarelactor.com\/?p=1531#primaryimage\"},\"thumbnailUrl\":\"https:\/\/javiervarelactor.com\/wp-content\/uploads\/2019\/11\/ribeira-sacra-javier-e1572858401645.jpg\",\"datePublished\":\"2019-11-18T09:02:14+00:00\",\"dateModified\":\"2020-11-10T11:34:35+00:00\",\"author\":{\"@id\":\"https:\/\/javiervarelactor.com\/#\/schema\/person\/e3104f2f3cca87d9a07b40f5281c02ba\"},\"description\":\"presentador televisi\u00f3n galicia Javier Varela\",\"breadcrumb\":{\"@id\":\"https:\/\/javiervarelactor.com\/?p=1531#breadcrumb\"},\"inLanguage\":\"es\",\"potentialAction\":[{\"@type\":\"ReadAction\",\"target\":[\"https:\/\/javiervarelactor.com\/?p=1531\"]}]},{\"@type\":\"ImageObject\",\"inLanguage\":\"es\",\"@id\":\"https:\/\/javiervarelactor.com\/?p=1531#primaryimage\",\"url\":\"https:\/\/javiervarelactor.com\/wp-content\/uploads\/2019\/11\/ribeira-sacra-javier-e1572858401645.jpg\",\"contentUrl\":\"https:\/\/javiervarelactor.com\/wp-content\/uploads\/2019\/11\/ribeira-sacra-javier-e1572858401645.jpg\",\"width\":566,\"height\":506,\"caption\":\"presentador televisi\u00f3n galicia\"},{\"@type\":\"BreadcrumbList\",\"@id\":\"https:\/\/javiervarelactor.com\/?p=1531#breadcrumb\",\"itemListElement\":[{\"@type\":\"ListItem\",\"position\":1,\"name\":\"Inicio\",\"item\":\"https:\/\/javiervarelactor.com\/\"},{\"@type\":\"ListItem\",\"position\":2,\"name\":\"Presentador televisi\u00f3n Galicia\"}]},{\"@type\":\"WebSite\",\"@id\":\"https:\/\/javiervarelactor.com\/#website\",\"url\":\"https:\/\/javiervarelactor.com\/\",\"name\":\"Javier Varela\",\"description\":\"Actor y Presentador\",\"potentialAction\":[{\"@type\":\"SearchAction\",\"target\":{\"@type\":\"EntryPoint\",\"urlTemplate\":\"https:\/\/javiervarelactor.com\/?s={search_term_string}\"},\"query-input\":\"required name=search_term_string\"}],\"inLanguage\":\"es\"},{\"@type\":\"Person\",\"@id\":\"https:\/\/javiervarelactor.com\/#\/schema\/person\/e3104f2f3cca87d9a07b40f5281c02ba\",\"name\":\"Javier Varela\",\"image\":{\"@type\":\"ImageObject\",\"inLanguage\":\"es\",\"@id\":\"https:\/\/javiervarelactor.com\/#\/schema\/person\/image\/\",\"url\":\"https:\/\/secure.gravatar.com\/avatar\/858edfdbe98ed682c9723085564a87b3?s=96&d=mm&r=g\",\"contentUrl\":\"https:\/\/secure.gravatar.com\/avatar\/858edfdbe98ed682c9723085564a87b3?s=96&d=mm&r=g\",\"caption\":\"Javier Varela\"},\"sameAs\":[\"http:\/\/www.javiervarelactor.com\"],\"url\":\"https:\/\/javiervarelactor.com\/?author=1\"}]}<\/script>\n<!-- \/ Yoast SEO plugin. -->","yoast_head_json":{"title":"presentador televisi\u00f3n galicia","description":"presentador televisi\u00f3n galicia Javier Varela","robots":{"index":"index","follow":"follow","max-snippet":"max-snippet:-1","max-image-preview":"max-image-preview:large","max-video-preview":"max-video-preview:-1"},"canonical":"https:\/\/javiervarelactor.com\/?p=1531","og_locale":"es_ES","og_type":"article","og_title":"presentador televisi\u00f3n galicia","og_description":"presentador televisi\u00f3n galicia Javier Varela","og_url":"https:\/\/javiervarelactor.com\/?p=1531","og_site_name":"Javier Varela","article_publisher":"https:\/\/www.facebook.com\/pages\/Javier-Varela\/145894855509796?sk=info&amp%3bamp%3bamp%3bamp%3btab=page_info","article_published_time":"2019-11-18T09:02:14+00:00","article_modified_time":"2020-11-10T11:34:35+00:00","og_image":[{"width":566,"height":506,"url":"https:\/\/javiervarelactor.com\/wp-content\/uploads\/2019\/11\/ribeira-sacra-javier-e1572858401645.jpg","type":"image\/jpeg"}],"author":"Javier Varela","twitter_misc":{"Escrito por":"Javier Varela"},"schema":{"@context":"https:\/\/schema.org","@graph":[{"@type":"WebPage","@id":"https:\/\/javiervarelactor.com\/?p=1531","url":"https:\/\/javiervarelactor.com\/?p=1531","name":"presentador televisi\u00f3n galicia","isPartOf":{"@id":"https:\/\/javiervarelactor.com\/#website"},"primaryImageOfPage":{"@id":"https:\/\/javiervarelactor.com\/?p=1531#primaryimage"},"image":{"@id":"https:\/\/javiervarelactor.com\/?p=1531#primaryimage"},"thumbnailUrl":"https:\/\/javiervarelactor.com\/wp-content\/uploads\/2019\/11\/ribeira-sacra-javier-e1572858401645.jpg","datePublished":"2019-11-18T09:02:14+00:00","dateModified":"2020-11-10T11:34:35+00:00","author":{"@id":"https:\/\/javiervarelactor.com\/#\/schema\/person\/e3104f2f3cca87d9a07b40f5281c02ba"},"description":"presentador televisi\u00f3n galicia Javier Varela","breadcrumb":{"@id":"https:\/\/javiervarelactor.com\/?p=1531#breadcrumb"},"inLanguage":"es","potentialAction":[{"@type":"ReadAction","target":["https:\/\/javiervarelactor.com\/?p=1531"]}]},{"@type":"ImageObject","inLanguage":"es","@id":"https:\/\/javiervarelactor.com\/?p=1531#primaryimage","url":"https:\/\/javiervarelactor.com\/wp-content\/uploads\/2019\/11\/ribeira-sacra-javier-e1572858401645.jpg","contentUrl":"https:\/\/javiervarelactor.com\/wp-content\/uploads\/2019\/11\/ribeira-sacra-javier-e1572858401645.jpg","width":566,"height":506,"caption":"presentador televisi\u00f3n galicia"},{"@type":"BreadcrumbList","@id":"https:\/\/javiervarelactor.com\/?p=1531#breadcrumb","itemListElement":[{"@type":"ListItem","position":1,"name":"Inicio","item":"https:\/\/javiervarelactor.com\/"},{"@type":"ListItem","position":2,"name":"Presentador televisi\u00f3n Galicia"}]},{"@type":"WebSite","@id":"https:\/\/javiervarelactor.com\/#website","url":"https:\/\/javiervarelactor.com\/","name":"Javier Varela","description":"Actor y Presentador","potentialAction":[{"@type":"SearchAction","target":{"@type":"EntryPoint","urlTemplate":"https:\/\/javiervarelactor.com\/?s={search_term_string}"},"query-input":"required name=search_term_string"}],"inLanguage":"es"},{"@type":"Person","@id":"https:\/\/javiervarelactor.com\/#\/schema\/person\/e3104f2f3cca87d9a07b40f5281c02ba","name":"Javier Varela","image":{"@type":"ImageObject","inLanguage":"es","@id":"https:\/\/javiervarelactor.com\/#\/schema\/person\/image\/","url":"https:\/\/secure.gravatar.com\/avatar\/858edfdbe98ed682c9723085564a87b3?s=96&d=mm&r=g","contentUrl":"https:\/\/secure.gravatar.com\/avatar\/858edfdbe98ed682c9723085564a87b3?s=96&d=mm&r=g","caption":"Javier Varela"},"sameAs":["http:\/\/www.javiervarelactor.com"],"url":"https:\/\/javiervarelactor.com\/?author=1"}]}},"_links":{"self":[{"href":"https:\/\/javiervarelactor.com\/index.php?rest_route=\/wp\/v2\/posts\/1531"}],"collection":[{"href":"https:\/\/javiervarelactor.com\/index.php?rest_route=\/wp\/v2\/posts"}],"about":[{"href":"https:\/\/javiervarelactor.com\/index.php?rest_route=\/wp\/v2\/types\/post"}],"author":[{"embeddable":true,"href":"https:\/\/javiervarelactor.com\/index.php?rest_route=\/wp\/v2\/users\/1"}],"replies":[{"embeddable":true,"href":"https:\/\/javiervarelactor.com\/index.php?rest_route=%2Fwp%2Fv2%2Fcomments&post=1531"}],"version-history":[{"count":2,"href":"https:\/\/javiervarelactor.com\/index.php?rest_route=\/wp\/v2\/posts\/1531\/revisions"}],"predecessor-version":[{"id":1663,"href":"https:\/\/javiervarelactor.com\/index.php?rest_route=\/wp\/v2\/posts\/1531\/revisions\/1663"}],"wp:featuredmedia":[{"embeddable":true,"href":"https:\/\/javiervarelactor.com\/index.php?rest_route=\/wp\/v2\/media\/1533"}],"wp:attachment":[{"href":"https:\/\/javiervarelactor.com\/index.php?rest_route=%2Fwp%2Fv2%2Fmedia&parent=1531"}],"wp:term":[{"taxonomy":"category","embeddable":true,"href":"https:\/\/javiervarelactor.com\/index.php?rest_route=%2Fwp%2Fv2%2Fcategories&post=1531"},{"taxonomy":"post_tag","embeddable":true,"href":"https:\/\/javiervarelactor.com\/index.php?rest_route=%2Fwp%2Fv2%2Ftags&post=1531"}],"curies":[{"name":"wp","href":"https:\/\/api.w.org\/{rel}","templated":true}]}}