{"id":1514,"date":"2019-10-30T18:57:29","date_gmt":"2019-10-30T18:57:29","guid":{"rendered":"http:\/\/javiervarelactor.com\/?p=1514"},"modified":"2019-10-30T18:57:29","modified_gmt":"2019-10-30T18:57:29","slug":"presentador-xv-gala-del-deporte-de-lugo-2019","status":"publish","type":"post","link":"https:\/\/javiervarelactor.com\/?p=1514","title":{"rendered":"Presentador XV Gala del Deporte de Lugo 2019"},"content":{"rendered":"<figure id=\"attachment_1518\" aria-describedby=\"caption-attachment-1518\" style=\"width: 300px\" class=\"wp-caption alignleft\"><a href=\"http:\/\/javiervarelactor.com\/wp-content\/uploads\/2019\/10\/javier-varela-y-miguel-granero.jpg\"><img loading=\"lazy\" decoding=\"async\" class=\"wp-image-1518 size-medium\" src=\"http:\/\/javiervarelactor.com\/wp-content\/uploads\/2019\/10\/javier-varela-y-miguel-granero-300x200.jpg\" alt=\"javier varela y miguel granero\" width=\"300\" height=\"200\" srcset=\"https:\/\/javiervarelactor.com\/wp-content\/uploads\/2019\/10\/javier-varela-y-miguel-granero-300x200.jpg 300w, https:\/\/javiervarelactor.com\/wp-content\/uploads\/2019\/10\/javier-varela-y-miguel-granero-1024x682.jpg 1024w, https:\/\/javiervarelactor.com\/wp-content\/uploads\/2019\/10\/javier-varela-y-miguel-granero.jpg 1600w\" sizes=\"(max-width: 300px) 100vw, 300px\" \/><\/a><figcaption id=\"caption-attachment-1518\" class=\"wp-caption-text\">Javier Varela y Miguel Granero durante la presentaci\u00f3n.<\/figcaption><\/figure>\n<figure id=\"attachment_1520\" aria-describedby=\"caption-attachment-1520\" style=\"width: 300px\" class=\"wp-caption alignleft\"><a href=\"http:\/\/javiervarelactor.com\/wp-content\/uploads\/2019\/10\/presentador-gala-deporte.jpg\"><img loading=\"lazy\" decoding=\"async\" class=\"wp-image-1520 size-medium\" src=\"http:\/\/javiervarelactor.com\/wp-content\/uploads\/2019\/10\/presentador-gala-deporte-300x200.jpg\" alt=\"presentador gala deporte\" width=\"300\" height=\"200\" srcset=\"https:\/\/javiervarelactor.com\/wp-content\/uploads\/2019\/10\/presentador-gala-deporte-300x200.jpg 300w, https:\/\/javiervarelactor.com\/wp-content\/uploads\/2019\/10\/presentador-gala-deporte.jpg 640w\" sizes=\"(max-width: 300px) 100vw, 300px\" \/><\/a><figcaption id=\"caption-attachment-1520\" class=\"wp-caption-text\">Javier Varela presentador<\/figcaption><\/figure>\n<p><span style=\"color: #000000;\">El peri\u00f3dico El Progreso de Lugo celebr\u00f3 el pasado viernes 11 de Octubre la XV Gala del Deporte de Lugo, donde los protagonistas del deporte lucense son homenajeados por su trabajo, entrega y logros. <\/span><\/p>\n<p><span style=\"color: #000000;\">El equipo directivo de El Progreso quiso contar conmigo como <strong>Presentador de la XV Gala del Deporte de Lugo 2019<\/strong> y no puedo estar m\u00e1s orgulloso del trabajo realizado. <\/span><\/p>\n<p><span style=\"color: #000000;\">En primer lugar agradecido por la confianza depositada en mi para dise\u00f1ar la gala, crear el contenido y marcar el ritmo de la misma donde, con m\u00e1s de 30 premios, la velada transcurri\u00f3 \u00e1gil, divertida y emocionante. <\/span><\/p>\n<p><span style=\"color: #000000;\">Muchas gracias al equipo de<span style=\"color: #0000ff;\"> <a style=\"color: #0000ff;\" href=\"https:\/\/granerovideo.com\/\" target=\"_blank\">Granero V\u00eddeo<\/a><\/span>, y en especial a Miguel, al piano, a las c\u00e1maras y al tanto siempre de hacer que subirme al escenario sea amable, c\u00f3modo y seguro. Miguel, eres un compa\u00f1ero enorme, gracias, muchas gracias. De nuevo, en este trabajo como presentador de la Gala del Deporte Lugo 2019 ha sido un placer.<\/span><\/p>\n<figure id=\"attachment_1519\" aria-describedby=\"caption-attachment-1519\" style=\"width: 300px\" class=\"wp-caption alignleft\"><a href=\"http:\/\/javiervarelactor.com\/wp-content\/uploads\/2019\/10\/presentador-gala-deporte-p\u00fablico.jpg\"><img loading=\"lazy\" decoding=\"async\" class=\"wp-image-1519 size-medium\" src=\"http:\/\/javiervarelactor.com\/wp-content\/uploads\/2019\/10\/presentador-gala-deporte-p\u00fablico-300x169.jpg\" alt=\"presentador gala deporte p\u00fablico\" width=\"300\" height=\"169\" srcset=\"https:\/\/javiervarelactor.com\/wp-content\/uploads\/2019\/10\/presentador-gala-deporte-p\u00fablico-300x169.jpg 300w, https:\/\/javiervarelactor.com\/wp-content\/uploads\/2019\/10\/presentador-gala-deporte-p\u00fablico.jpg 640w\" sizes=\"(max-width: 300px) 100vw, 300px\" \/><\/a><figcaption id=\"caption-attachment-1519\" class=\"wp-caption-text\">El p\u00fablico y las autoridades presentes entregados al espect\u00e1culo<\/figcaption><\/figure>\n<p><span style=\"color: #000000;\">La presentaci\u00f3n de galas de entrega de premios es uno de los grandes retos que, como presentador de eventos, enfrento con mayor cuidado. <\/span><\/p>\n<p><span style=\"color: #000000;\">Compensar los tiempos de entretenimiento, con el merecido espacio para los agradecimientos de los premiados y las palabras de los representantes de las instituciones, precisa de una labor de gui\u00f3n milim\u00e9trica, una coordinaci\u00f3n muy marcada entre equipos t\u00e9cnicos y art\u00edsticos, y m\u00e1xima concentraci\u00f3n en el escenario para llevar a cabo con \u00e9xito la Gala.<\/span><\/p>\n<p>&nbsp;<\/p>\n<p><span style=\"color: #000000;\">El resultado ha sido excelente, no solo por mi impresi\u00f3n, sino por los comentarios y felicitaciones recibidos. Muchas gracias a El Progreso por la confianza, enhorabuena a los galardonados por su aportaci\u00f3n al deporte y \u00a1viva el deporte de Lugo!<\/span><\/p>\n","protected":false},"excerpt":{"rendered":"<p>El peri\u00f3dico El Progreso de Lugo celebr\u00f3 el pasado viernes 11 de Octubre la XV Gala del Deporte de Lugo, donde los protagonistas del deporte lucense son homenajeados por su trabajo, entrega y logros. El equipo directivo de El Progreso quiso contar conmigo como Presentador de la XV Gala del Deporte de Lugo 2019 y <a class=\"read-more\" href=\"https:\/\/javiervarelactor.com\/?p=1514\">Leer m\u00e1s<\/a><\/p>\n","protected":false},"author":1,"featured_media":1520,"comment_status":"closed","ping_status":"open","sticky":false,"template":"","format":"standard","meta":{"_monsterinsights_skip_tracking":false,"_monsterinsights_sitenote_active":false,"_monsterinsights_sitenote_note":"","_monsterinsights_sitenote_category":0,"footnotes":""},"categories":[78],"tags":[77,96],"yoast_head":"<!-- This site is optimized with the Yoast SEO plugin v22.7 - https:\/\/yoast.com\/wordpress\/plugins\/seo\/ -->\n<title>Presentador XV Gala del Deporte Lugo 2019 - Javier Varela<\/title>\n<meta name=\"description\" content=\"Presentador XV Gala del Deporte Lugo 2019 - Presentador de eventos en Galicia Javier Varela\" \/>\n<meta name=\"robots\" content=\"index, follow, max-snippet:-1, max-image-preview:large, max-video-preview:-1\" \/>\n<link rel=\"canonical\" href=\"https:\/\/javiervarelactor.com\/?p=1514\" \/>\n<meta property=\"og:locale\" content=\"es_ES\" \/>\n<meta property=\"og:type\" content=\"article\" \/>\n<meta property=\"og:title\" content=\"Presentador XV Gala del Deporte Lugo 2019 - Javier Varela\" \/>\n<meta property=\"og:description\" content=\"Presentador XV Gala del Deporte Lugo 2019 - Presentador de eventos en Galicia Javier Varela\" \/>\n<meta property=\"og:url\" content=\"https:\/\/javiervarelactor.com\/?p=1514\" \/>\n<meta property=\"og:site_name\" content=\"Javier Varela\" \/>\n<meta property=\"article:publisher\" content=\"https:\/\/www.facebook.com\/pages\/Javier-Varela\/145894855509796?sk=info&amp;amp%3bamp%3bamp%3bamp%3btab=page_info\" \/>\n<meta property=\"article:published_time\" content=\"2019-10-30T18:57:29+00:00\" \/>\n<meta property=\"og:image\" content=\"https:\/\/javiervarelactor.com\/wp-content\/uploads\/2019\/10\/presentador-gala-deporte.jpg\" \/>\n\t<meta property=\"og:image:width\" content=\"640\" \/>\n\t<meta property=\"og:image:height\" content=\"427\" \/>\n\t<meta property=\"og:image:type\" content=\"image\/jpeg\" \/>\n<meta name=\"author\" content=\"Javier Varela\" \/>\n<meta name=\"twitter:label1\" content=\"Escrito por\" \/>\n\t<meta name=\"twitter:data1\" content=\"Javier Varela\" \/>\n\t<meta name=\"twitter:label2\" content=\"Tiempo de lectura\" \/>\n\t<meta name=\"twitter:data2\" content=\"2 minutos\" \/>\n<script type=\"application\/ld+json\" class=\"yoast-schema-graph\">{\"@context\":\"https:\/\/schema.org\",\"@graph\":[{\"@type\":\"WebPage\",\"@id\":\"https:\/\/javiervarelactor.com\/?p=1514\",\"url\":\"https:\/\/javiervarelactor.com\/?p=1514\",\"name\":\"Presentador XV Gala del Deporte Lugo 2019 - Javier Varela\",\"isPartOf\":{\"@id\":\"https:\/\/javiervarelactor.com\/#website\"},\"primaryImageOfPage\":{\"@id\":\"https:\/\/javiervarelactor.com\/?p=1514#primaryimage\"},\"image\":{\"@id\":\"https:\/\/javiervarelactor.com\/?p=1514#primaryimage\"},\"thumbnailUrl\":\"https:\/\/javiervarelactor.com\/wp-content\/uploads\/2019\/10\/presentador-gala-deporte.jpg\",\"datePublished\":\"2019-10-30T18:57:29+00:00\",\"dateModified\":\"2019-10-30T18:57:29+00:00\",\"author\":{\"@id\":\"https:\/\/javiervarelactor.com\/#\/schema\/person\/e3104f2f3cca87d9a07b40f5281c02ba\"},\"description\":\"Presentador XV Gala del Deporte Lugo 2019 - Presentador de eventos en Galicia Javier Varela\",\"breadcrumb\":{\"@id\":\"https:\/\/javiervarelactor.com\/?p=1514#breadcrumb\"},\"inLanguage\":\"es\",\"potentialAction\":[{\"@type\":\"ReadAction\",\"target\":[\"https:\/\/javiervarelactor.com\/?p=1514\"]}]},{\"@type\":\"ImageObject\",\"inLanguage\":\"es\",\"@id\":\"https:\/\/javiervarelactor.com\/?p=1514#primaryimage\",\"url\":\"https:\/\/javiervarelactor.com\/wp-content\/uploads\/2019\/10\/presentador-gala-deporte.jpg\",\"contentUrl\":\"https:\/\/javiervarelactor.com\/wp-content\/uploads\/2019\/10\/presentador-gala-deporte.jpg\",\"width\":640,\"height\":427,\"caption\":\"presentador gala deporte\"},{\"@type\":\"BreadcrumbList\",\"@id\":\"https:\/\/javiervarelactor.com\/?p=1514#breadcrumb\",\"itemListElement\":[{\"@type\":\"ListItem\",\"position\":1,\"name\":\"Inicio\",\"item\":\"https:\/\/javiervarelactor.com\/\"},{\"@type\":\"ListItem\",\"position\":2,\"name\":\"Presentador XV Gala del Deporte de Lugo 2019\"}]},{\"@type\":\"WebSite\",\"@id\":\"https:\/\/javiervarelactor.com\/#website\",\"url\":\"https:\/\/javiervarelactor.com\/\",\"name\":\"Javier Varela\",\"description\":\"Actor y Presentador\",\"potentialAction\":[{\"@type\":\"SearchAction\",\"target\":{\"@type\":\"EntryPoint\",\"urlTemplate\":\"https:\/\/javiervarelactor.com\/?s={search_term_string}\"},\"query-input\":\"required name=search_term_string\"}],\"inLanguage\":\"es\"},{\"@type\":\"Person\",\"@id\":\"https:\/\/javiervarelactor.com\/#\/schema\/person\/e3104f2f3cca87d9a07b40f5281c02ba\",\"name\":\"Javier Varela\",\"image\":{\"@type\":\"ImageObject\",\"inLanguage\":\"es\",\"@id\":\"https:\/\/javiervarelactor.com\/#\/schema\/person\/image\/\",\"url\":\"https:\/\/secure.gravatar.com\/avatar\/858edfdbe98ed682c9723085564a87b3?s=96&d=mm&r=g\",\"contentUrl\":\"https:\/\/secure.gravatar.com\/avatar\/858edfdbe98ed682c9723085564a87b3?s=96&d=mm&r=g\",\"caption\":\"Javier Varela\"},\"sameAs\":[\"http:\/\/www.javiervarelactor.com\"],\"url\":\"https:\/\/javiervarelactor.com\/?author=1\"}]}<\/script>\n<!-- \/ Yoast SEO plugin. -->","yoast_head_json":{"title":"Presentador XV Gala del Deporte Lugo 2019 - Javier Varela","description":"Presentador XV Gala del Deporte Lugo 2019 - Presentador de eventos en Galicia Javier Varela","robots":{"index":"index","follow":"follow","max-snippet":"max-snippet:-1","max-image-preview":"max-image-preview:large","max-video-preview":"max-video-preview:-1"},"canonical":"https:\/\/javiervarelactor.com\/?p=1514","og_locale":"es_ES","og_type":"article","og_title":"Presentador XV Gala del Deporte Lugo 2019 - Javier Varela","og_description":"Presentador XV Gala del Deporte Lugo 2019 - Presentador de eventos en Galicia Javier Varela","og_url":"https:\/\/javiervarelactor.com\/?p=1514","og_site_name":"Javier Varela","article_publisher":"https:\/\/www.facebook.com\/pages\/Javier-Varela\/145894855509796?sk=info&amp%3bamp%3bamp%3bamp%3btab=page_info","article_published_time":"2019-10-30T18:57:29+00:00","og_image":[{"width":640,"height":427,"url":"https:\/\/javiervarelactor.com\/wp-content\/uploads\/2019\/10\/presentador-gala-deporte.jpg","type":"image\/jpeg"}],"author":"Javier Varela","twitter_misc":{"Escrito por":"Javier Varela","Tiempo de lectura":"2 minutos"},"schema":{"@context":"https:\/\/schema.org","@graph":[{"@type":"WebPage","@id":"https:\/\/javiervarelactor.com\/?p=1514","url":"https:\/\/javiervarelactor.com\/?p=1514","name":"Presentador XV Gala del Deporte Lugo 2019 - Javier Varela","isPartOf":{"@id":"https:\/\/javiervarelactor.com\/#website"},"primaryImageOfPage":{"@id":"https:\/\/javiervarelactor.com\/?p=1514#primaryimage"},"image":{"@id":"https:\/\/javiervarelactor.com\/?p=1514#primaryimage"},"thumbnailUrl":"https:\/\/javiervarelactor.com\/wp-content\/uploads\/2019\/10\/presentador-gala-deporte.jpg","datePublished":"2019-10-30T18:57:29+00:00","dateModified":"2019-10-30T18:57:29+00:00","author":{"@id":"https:\/\/javiervarelactor.com\/#\/schema\/person\/e3104f2f3cca87d9a07b40f5281c02ba"},"description":"Presentador XV Gala del Deporte Lugo 2019 - Presentador de eventos en Galicia Javier Varela","breadcrumb":{"@id":"https:\/\/javiervarelactor.com\/?p=1514#breadcrumb"},"inLanguage":"es","potentialAction":[{"@type":"ReadAction","target":["https:\/\/javiervarelactor.com\/?p=1514"]}]},{"@type":"ImageObject","inLanguage":"es","@id":"https:\/\/javiervarelactor.com\/?p=1514#primaryimage","url":"https:\/\/javiervarelactor.com\/wp-content\/uploads\/2019\/10\/presentador-gala-deporte.jpg","contentUrl":"https:\/\/javiervarelactor.com\/wp-content\/uploads\/2019\/10\/presentador-gala-deporte.jpg","width":640,"height":427,"caption":"presentador gala deporte"},{"@type":"BreadcrumbList","@id":"https:\/\/javiervarelactor.com\/?p=1514#breadcrumb","itemListElement":[{"@type":"ListItem","position":1,"name":"Inicio","item":"https:\/\/javiervarelactor.com\/"},{"@type":"ListItem","position":2,"name":"Presentador XV Gala del Deporte de Lugo 2019"}]},{"@type":"WebSite","@id":"https:\/\/javiervarelactor.com\/#website","url":"https:\/\/javiervarelactor.com\/","name":"Javier Varela","description":"Actor y Presentador","potentialAction":[{"@type":"SearchAction","target":{"@type":"EntryPoint","urlTemplate":"https:\/\/javiervarelactor.com\/?s={search_term_string}"},"query-input":"required name=search_term_string"}],"inLanguage":"es"},{"@type":"Person","@id":"https:\/\/javiervarelactor.com\/#\/schema\/person\/e3104f2f3cca87d9a07b40f5281c02ba","name":"Javier Varela","image":{"@type":"ImageObject","inLanguage":"es","@id":"https:\/\/javiervarelactor.com\/#\/schema\/person\/image\/","url":"https:\/\/secure.gravatar.com\/avatar\/858edfdbe98ed682c9723085564a87b3?s=96&d=mm&r=g","contentUrl":"https:\/\/secure.gravatar.com\/avatar\/858edfdbe98ed682c9723085564a87b3?s=96&d=mm&r=g","caption":"Javier Varela"},"sameAs":["http:\/\/www.javiervarelactor.com"],"url":"https:\/\/javiervarelactor.com\/?author=1"}]}},"_links":{"self":[{"href":"https:\/\/javiervarelactor.com\/index.php?rest_route=\/wp\/v2\/posts\/1514"}],"collection":[{"href":"https:\/\/javiervarelactor.com\/index.php?rest_route=\/wp\/v2\/posts"}],"about":[{"href":"https:\/\/javiervarelactor.com\/index.php?rest_route=\/wp\/v2\/types\/post"}],"author":[{"embeddable":true,"href":"https:\/\/javiervarelactor.com\/index.php?rest_route=\/wp\/v2\/users\/1"}],"replies":[{"embeddable":true,"href":"https:\/\/javiervarelactor.com\/index.php?rest_route=%2Fwp%2Fv2%2Fcomments&post=1514"}],"version-history":[{"count":11,"href":"https:\/\/javiervarelactor.com\/index.php?rest_route=\/wp\/v2\/posts\/1514\/revisions"}],"predecessor-version":[{"id":1530,"href":"https:\/\/javiervarelactor.com\/index.php?rest_route=\/wp\/v2\/posts\/1514\/revisions\/1530"}],"wp:featuredmedia":[{"embeddable":true,"href":"https:\/\/javiervarelactor.com\/index.php?rest_route=\/wp\/v2\/media\/1520"}],"wp:attachment":[{"href":"https:\/\/javiervarelactor.com\/index.php?rest_route=%2Fwp%2Fv2%2Fmedia&parent=1514"}],"wp:term":[{"taxonomy":"category","embeddable":true,"href":"https:\/\/javiervarelactor.com\/index.php?rest_route=%2Fwp%2Fv2%2Fcategories&post=1514"},{"taxonomy":"post_tag","embeddable":true,"href":"https:\/\/javiervarelactor.com\/index.php?rest_route=%2Fwp%2Fv2%2Ftags&post=1514"}],"curies":[{"name":"wp","href":"https:\/\/api.w.org\/{rel}","templated":true}]}}