{"id":1475,"date":"2019-05-21T16:23:37","date_gmt":"2019-05-21T16:23:37","guid":{"rendered":"http:\/\/javiervarelactor.com\/?p=1475"},"modified":"2019-08-23T16:06:45","modified_gmt":"2019-08-23T16:06:45","slug":"maestro-de-ceremonias-galicia-valladolid-madrid","status":"publish","type":"post","link":"https:\/\/javiervarelactor.com\/?p=1475","title":{"rendered":"Maestro de ceremonias &#8211; Galicia &#8211; Valladolid &#8211; Madrid"},"content":{"rendered":"<p><span style=\"color: #000000;\"><a href=\"http:\/\/javiervarelactor.com\/wp-content\/uploads\/2015\/04\/MG_1354_RET_BASIC.jpg\"><img loading=\"lazy\" decoding=\"async\" class=\"size-medium wp-image-1446 alignleft\" src=\"http:\/\/javiervarelactor.com\/wp-content\/uploads\/2015\/04\/MG_1354_RET_BASIC-300x200.jpg\" alt=\"maestro ceremonias civiles\" width=\"300\" height=\"200\" srcset=\"https:\/\/javiervarelactor.com\/wp-content\/uploads\/2015\/04\/MG_1354_RET_BASIC-300x200.jpg 300w, https:\/\/javiervarelactor.com\/wp-content\/uploads\/2015\/04\/MG_1354_RET_BASIC-1024x683.jpg 1024w\" sizes=\"(max-width: 300px) 100vw, 300px\" \/><\/a>Empieza la temporada de BODAS; momentos intensos, divertidos y muy emocionantes en los que, desde hace unos a\u00f1os, tengo el honor de participar como <strong>Maestro de Ceremonias<\/strong>. <\/span><\/p>\n<p><span style=\"color: #000000;\">Son muchas las parejas que han confiado en mi en los \u00faltimos a\u00f1os para oficiar sus ceremonias civiles; las ceremonias civiles pueden celebrarse en el mismo lugar donde despu\u00e9s continua la fiesta, as\u00ed los invitados no tienen que desplazarse. Otra de las ventajas de la ceremonia civil oficiada por un <strong>Maestro de Ceremonias profesional<\/strong> es que el contenido de la misma es dise\u00f1ado a gusto de los protagonistas. La participaci\u00f3n de familiares, amigos y los propios novios cuenta con el tiempo que se desee; m\u00fasica, poes\u00eda, an\u00e9cdotas, emociones y humor en la medida que los protagonistas quieran para hacer del d\u00eda de su boda un ritual \u00fanico y a medida.<\/span><\/p>\n<p><span style=\"color: #000000;\">Ejercer como <strong>Maestro de Ceremonias<\/strong> es una labor intensa y muy emocionante para mi; por muchos a\u00f1os de profesi\u00f3n, cada d\u00eda de <a href=\"http:\/\/javiervarelactor.com\/index.php\/actor-javier-varela\/ceremonias-civiles\/\" target=\"_blank\">ceremonia<\/a> las emociones y el m\u00e1ximo cuidado entran en juego, entiendo cada una de las bodas como el d\u00eda m\u00e1s especial para las familias que se van a formar desde ese momento y esto es un honor.<\/span><\/p>\n<p><span style=\"color: #000000;\"><strong>Maestro de Ceremonias<\/strong> en Galicia (oficio en Gallego), Madrid, Castilla y Le\u00f3n, Asturias, Cantabria y, bajo consulta, donde quieras. \u00bfNecesitas un <strong>maestro de ceremonias<\/strong> para tu boda civil? \u00a1Ll\u00e1mame!<\/span><br \/>\n<p class=\"wpcf7-contact-form-not-found\"><strong>Error:<\/strong> Formulario de contacto no encontrado.<\/p><\/p>\n","protected":false},"excerpt":{"rendered":"<p>Empieza la temporada de BODAS; momentos intensos, divertidos y muy emocionantes en los que, desde hace unos a\u00f1os, tengo el honor de participar como Maestro de Ceremonias. Son muchas las parejas que han confiado en mi en los \u00faltimos a\u00f1os para oficiar sus ceremonias civiles; las ceremonias civiles pueden celebrarse en el mismo lugar donde <a class=\"read-more\" href=\"https:\/\/javiervarelactor.com\/?p=1475\">Leer m\u00e1s<\/a><\/p>\n","protected":false},"author":1,"featured_media":1446,"comment_status":"closed","ping_status":"open","sticky":false,"template":"","format":"standard","meta":{"_monsterinsights_skip_tracking":false,"_monsterinsights_sitenote_active":false,"_monsterinsights_sitenote_note":"","_monsterinsights_sitenote_category":0,"footnotes":""},"categories":[3],"tags":[6],"yoast_head":"<!-- This site is optimized with the Yoast SEO plugin v22.7 - https:\/\/yoast.com\/wordpress\/plugins\/seo\/ -->\n<title>Maestro de Ceremonias Galicia - Valladolid - Madrid<\/title>\n<meta name=\"description\" content=\"Presentador para bodas - Maestro de Ceremonias - Boda Civil - Con a\u00f1os de experiencia y mucho cari\u00f1o oficio ceremonias civiles en Galicia, Valladolid, Madrid\" \/>\n<meta name=\"robots\" content=\"index, follow, max-snippet:-1, max-image-preview:large, max-video-preview:-1\" \/>\n<link rel=\"canonical\" href=\"https:\/\/javiervarelactor.com\/?p=1475\" \/>\n<meta property=\"og:locale\" content=\"es_ES\" \/>\n<meta property=\"og:type\" content=\"article\" \/>\n<meta property=\"og:title\" content=\"Maestro de Ceremonias Galicia - Valladolid - Madrid\" \/>\n<meta property=\"og:description\" content=\"Presentador para bodas - Maestro de Ceremonias - Boda Civil - Con a\u00f1os de experiencia y mucho cari\u00f1o oficio ceremonias civiles en Galicia, Valladolid, Madrid\" \/>\n<meta property=\"og:url\" content=\"https:\/\/javiervarelactor.com\/?p=1475\" \/>\n<meta property=\"og:site_name\" content=\"Javier Varela\" \/>\n<meta property=\"article:publisher\" content=\"https:\/\/www.facebook.com\/pages\/Javier-Varela\/145894855509796?sk=info&amp;amp%3bamp%3bamp%3bamp%3btab=page_info\" \/>\n<meta property=\"article:published_time\" content=\"2019-05-21T16:23:37+00:00\" \/>\n<meta property=\"article:modified_time\" content=\"2019-08-23T16:06:45+00:00\" \/>\n<meta property=\"og:image\" content=\"https:\/\/javiervarelactor.com\/wp-content\/uploads\/2015\/04\/MG_1354_RET_BASIC.jpg\" \/>\n\t<meta property=\"og:image:width\" content=\"5616\" \/>\n\t<meta property=\"og:image:height\" content=\"3744\" \/>\n\t<meta property=\"og:image:type\" content=\"image\/jpeg\" \/>\n<meta name=\"author\" content=\"Javier Varela\" \/>\n<meta name=\"twitter:label1\" content=\"Escrito por\" \/>\n\t<meta name=\"twitter:data1\" content=\"Javier Varela\" \/>\n\t<meta name=\"twitter:label2\" content=\"Tiempo de lectura\" \/>\n\t<meta name=\"twitter:data2\" content=\"1 minuto\" \/>\n<script type=\"application\/ld+json\" class=\"yoast-schema-graph\">{\"@context\":\"https:\/\/schema.org\",\"@graph\":[{\"@type\":\"WebPage\",\"@id\":\"https:\/\/javiervarelactor.com\/?p=1475\",\"url\":\"https:\/\/javiervarelactor.com\/?p=1475\",\"name\":\"Maestro de Ceremonias Galicia - Valladolid - Madrid\",\"isPartOf\":{\"@id\":\"https:\/\/javiervarelactor.com\/#website\"},\"primaryImageOfPage\":{\"@id\":\"https:\/\/javiervarelactor.com\/?p=1475#primaryimage\"},\"image\":{\"@id\":\"https:\/\/javiervarelactor.com\/?p=1475#primaryimage\"},\"thumbnailUrl\":\"https:\/\/javiervarelactor.com\/wp-content\/uploads\/2015\/04\/MG_1354_RET_BASIC.jpg\",\"datePublished\":\"2019-05-21T16:23:37+00:00\",\"dateModified\":\"2019-08-23T16:06:45+00:00\",\"author\":{\"@id\":\"https:\/\/javiervarelactor.com\/#\/schema\/person\/e3104f2f3cca87d9a07b40f5281c02ba\"},\"description\":\"Presentador para bodas - Maestro de Ceremonias - Boda Civil - Con a\u00f1os de experiencia y mucho cari\u00f1o oficio ceremonias civiles en Galicia, Valladolid, Madrid\",\"breadcrumb\":{\"@id\":\"https:\/\/javiervarelactor.com\/?p=1475#breadcrumb\"},\"inLanguage\":\"es\",\"potentialAction\":[{\"@type\":\"ReadAction\",\"target\":[\"https:\/\/javiervarelactor.com\/?p=1475\"]}]},{\"@type\":\"ImageObject\",\"inLanguage\":\"es\",\"@id\":\"https:\/\/javiervarelactor.com\/?p=1475#primaryimage\",\"url\":\"https:\/\/javiervarelactor.com\/wp-content\/uploads\/2015\/04\/MG_1354_RET_BASIC.jpg\",\"contentUrl\":\"https:\/\/javiervarelactor.com\/wp-content\/uploads\/2015\/04\/MG_1354_RET_BASIC.jpg\",\"width\":5616,\"height\":3744,\"caption\":\"maestro ceremonias civiles\"},{\"@type\":\"BreadcrumbList\",\"@id\":\"https:\/\/javiervarelactor.com\/?p=1475#breadcrumb\",\"itemListElement\":[{\"@type\":\"ListItem\",\"position\":1,\"name\":\"Inicio\",\"item\":\"https:\/\/javiervarelactor.com\/\"},{\"@type\":\"ListItem\",\"position\":2,\"name\":\"Maestro de ceremonias &#8211; Galicia &#8211; Valladolid &#8211; Madrid\"}]},{\"@type\":\"WebSite\",\"@id\":\"https:\/\/javiervarelactor.com\/#website\",\"url\":\"https:\/\/javiervarelactor.com\/\",\"name\":\"Javier Varela\",\"description\":\"Actor y Presentador\",\"potentialAction\":[{\"@type\":\"SearchAction\",\"target\":{\"@type\":\"EntryPoint\",\"urlTemplate\":\"https:\/\/javiervarelactor.com\/?s={search_term_string}\"},\"query-input\":\"required name=search_term_string\"}],\"inLanguage\":\"es\"},{\"@type\":\"Person\",\"@id\":\"https:\/\/javiervarelactor.com\/#\/schema\/person\/e3104f2f3cca87d9a07b40f5281c02ba\",\"name\":\"Javier Varela\",\"image\":{\"@type\":\"ImageObject\",\"inLanguage\":\"es\",\"@id\":\"https:\/\/javiervarelactor.com\/#\/schema\/person\/image\/\",\"url\":\"https:\/\/secure.gravatar.com\/avatar\/858edfdbe98ed682c9723085564a87b3?s=96&d=mm&r=g\",\"contentUrl\":\"https:\/\/secure.gravatar.com\/avatar\/858edfdbe98ed682c9723085564a87b3?s=96&d=mm&r=g\",\"caption\":\"Javier Varela\"},\"sameAs\":[\"http:\/\/www.javiervarelactor.com\"],\"url\":\"https:\/\/javiervarelactor.com\/?author=1\"}]}<\/script>\n<!-- \/ Yoast SEO plugin. -->","yoast_head_json":{"title":"Maestro de Ceremonias Galicia - Valladolid - Madrid","description":"Presentador para bodas - Maestro de Ceremonias - Boda Civil - Con a\u00f1os de experiencia y mucho cari\u00f1o oficio ceremonias civiles en Galicia, Valladolid, Madrid","robots":{"index":"index","follow":"follow","max-snippet":"max-snippet:-1","max-image-preview":"max-image-preview:large","max-video-preview":"max-video-preview:-1"},"canonical":"https:\/\/javiervarelactor.com\/?p=1475","og_locale":"es_ES","og_type":"article","og_title":"Maestro de Ceremonias Galicia - Valladolid - Madrid","og_description":"Presentador para bodas - Maestro de Ceremonias - Boda Civil - Con a\u00f1os de experiencia y mucho cari\u00f1o oficio ceremonias civiles en Galicia, Valladolid, Madrid","og_url":"https:\/\/javiervarelactor.com\/?p=1475","og_site_name":"Javier Varela","article_publisher":"https:\/\/www.facebook.com\/pages\/Javier-Varela\/145894855509796?sk=info&amp%3bamp%3bamp%3bamp%3btab=page_info","article_published_time":"2019-05-21T16:23:37+00:00","article_modified_time":"2019-08-23T16:06:45+00:00","og_image":[{"width":5616,"height":3744,"url":"https:\/\/javiervarelactor.com\/wp-content\/uploads\/2015\/04\/MG_1354_RET_BASIC.jpg","type":"image\/jpeg"}],"author":"Javier Varela","twitter_misc":{"Escrito por":"Javier Varela","Tiempo de lectura":"1 minuto"},"schema":{"@context":"https:\/\/schema.org","@graph":[{"@type":"WebPage","@id":"https:\/\/javiervarelactor.com\/?p=1475","url":"https:\/\/javiervarelactor.com\/?p=1475","name":"Maestro de Ceremonias Galicia - Valladolid - Madrid","isPartOf":{"@id":"https:\/\/javiervarelactor.com\/#website"},"primaryImageOfPage":{"@id":"https:\/\/javiervarelactor.com\/?p=1475#primaryimage"},"image":{"@id":"https:\/\/javiervarelactor.com\/?p=1475#primaryimage"},"thumbnailUrl":"https:\/\/javiervarelactor.com\/wp-content\/uploads\/2015\/04\/MG_1354_RET_BASIC.jpg","datePublished":"2019-05-21T16:23:37+00:00","dateModified":"2019-08-23T16:06:45+00:00","author":{"@id":"https:\/\/javiervarelactor.com\/#\/schema\/person\/e3104f2f3cca87d9a07b40f5281c02ba"},"description":"Presentador para bodas - Maestro de Ceremonias - Boda Civil - Con a\u00f1os de experiencia y mucho cari\u00f1o oficio ceremonias civiles en Galicia, Valladolid, Madrid","breadcrumb":{"@id":"https:\/\/javiervarelactor.com\/?p=1475#breadcrumb"},"inLanguage":"es","potentialAction":[{"@type":"ReadAction","target":["https:\/\/javiervarelactor.com\/?p=1475"]}]},{"@type":"ImageObject","inLanguage":"es","@id":"https:\/\/javiervarelactor.com\/?p=1475#primaryimage","url":"https:\/\/javiervarelactor.com\/wp-content\/uploads\/2015\/04\/MG_1354_RET_BASIC.jpg","contentUrl":"https:\/\/javiervarelactor.com\/wp-content\/uploads\/2015\/04\/MG_1354_RET_BASIC.jpg","width":5616,"height":3744,"caption":"maestro ceremonias civiles"},{"@type":"BreadcrumbList","@id":"https:\/\/javiervarelactor.com\/?p=1475#breadcrumb","itemListElement":[{"@type":"ListItem","position":1,"name":"Inicio","item":"https:\/\/javiervarelactor.com\/"},{"@type":"ListItem","position":2,"name":"Maestro de ceremonias &#8211; Galicia &#8211; Valladolid &#8211; Madrid"}]},{"@type":"WebSite","@id":"https:\/\/javiervarelactor.com\/#website","url":"https:\/\/javiervarelactor.com\/","name":"Javier Varela","description":"Actor y Presentador","potentialAction":[{"@type":"SearchAction","target":{"@type":"EntryPoint","urlTemplate":"https:\/\/javiervarelactor.com\/?s={search_term_string}"},"query-input":"required name=search_term_string"}],"inLanguage":"es"},{"@type":"Person","@id":"https:\/\/javiervarelactor.com\/#\/schema\/person\/e3104f2f3cca87d9a07b40f5281c02ba","name":"Javier Varela","image":{"@type":"ImageObject","inLanguage":"es","@id":"https:\/\/javiervarelactor.com\/#\/schema\/person\/image\/","url":"https:\/\/secure.gravatar.com\/avatar\/858edfdbe98ed682c9723085564a87b3?s=96&d=mm&r=g","contentUrl":"https:\/\/secure.gravatar.com\/avatar\/858edfdbe98ed682c9723085564a87b3?s=96&d=mm&r=g","caption":"Javier Varela"},"sameAs":["http:\/\/www.javiervarelactor.com"],"url":"https:\/\/javiervarelactor.com\/?author=1"}]}},"_links":{"self":[{"href":"https:\/\/javiervarelactor.com\/index.php?rest_route=\/wp\/v2\/posts\/1475"}],"collection":[{"href":"https:\/\/javiervarelactor.com\/index.php?rest_route=\/wp\/v2\/posts"}],"about":[{"href":"https:\/\/javiervarelactor.com\/index.php?rest_route=\/wp\/v2\/types\/post"}],"author":[{"embeddable":true,"href":"https:\/\/javiervarelactor.com\/index.php?rest_route=\/wp\/v2\/users\/1"}],"replies":[{"embeddable":true,"href":"https:\/\/javiervarelactor.com\/index.php?rest_route=%2Fwp%2Fv2%2Fcomments&post=1475"}],"version-history":[{"count":3,"href":"https:\/\/javiervarelactor.com\/index.php?rest_route=\/wp\/v2\/posts\/1475\/revisions"}],"predecessor-version":[{"id":1506,"href":"https:\/\/javiervarelactor.com\/index.php?rest_route=\/wp\/v2\/posts\/1475\/revisions\/1506"}],"wp:featuredmedia":[{"embeddable":true,"href":"https:\/\/javiervarelactor.com\/index.php?rest_route=\/wp\/v2\/media\/1446"}],"wp:attachment":[{"href":"https:\/\/javiervarelactor.com\/index.php?rest_route=%2Fwp%2Fv2%2Fmedia&parent=1475"}],"wp:term":[{"taxonomy":"category","embeddable":true,"href":"https:\/\/javiervarelactor.com\/index.php?rest_route=%2Fwp%2Fv2%2Fcategories&post=1475"},{"taxonomy":"post_tag","embeddable":true,"href":"https:\/\/javiervarelactor.com\/index.php?rest_route=%2Fwp%2Fv2%2Ftags&post=1475"}],"curies":[{"name":"wp","href":"https:\/\/api.w.org\/{rel}","templated":true}]}}