{"id":1459,"date":"2019-03-25T10:17:45","date_gmt":"2019-03-25T10:17:45","guid":{"rendered":"http:\/\/javiervarelactor.com\/?p=1459"},"modified":"2019-03-21T11:28:27","modified_gmt":"2019-03-21T11:28:27","slug":"video-promocional-personalizado","status":"publish","type":"post","link":"https:\/\/javiervarelactor.com\/?p=1459","title":{"rendered":"V\u00eddeo promocional personalizado IV Trail Couzadoiro"},"content":{"rendered":"<p><span style=\"color: #000000;\">Este es el resultado de mi \u00faltimo trabajo como guionista; V\u00eddeo promocional personalizado IV Trail Couzadoiro en Ortigueira. La divertida <em>Carrera y Caminata de monta\u00f1a \u201cMontes de Couzadoiro\u201d<\/em> organizada por la Pe\u00f1a Ciclista Santa Marta, la Concejal\u00eda de Deporte y Juventud del Ayuntamiento de Ortigueira y la Asociaci\u00f3n de Vecinos y Vecinas de Couzadoiro, se celebr\u00f3 el pasado 10 de marzo.<\/span><\/p>\n<p><span style=\"color: #000000;\">Esta producci\u00f3n de v\u00eddeo promocional personalizado, realizada en colaboraci\u00f3n con <a style=\"color: #000000;\" href=\"https:\/\/granerovideo.com\/\" target=\"_blank\">GraneroV\u00eddeo<\/a>, presenta el buen humor y la disposici\u00f3n con la que se desarrolla la carrera, asi como los impresionantes paisajes por donde discurre. Una maravilla de labor, una currada en todos los sentidos, incluyendo el f\u00edsico, pues la caminata familiar es un placer, pero la carrera no es apta para amantes del sof\u00e1 desentrenados \ud83d\ude09<\/span><\/p>\n<p><center><span style=\"color: #000000;\">Una maravilla de trabajo, desde el momento en el que nos encargaron el <strong>gui\u00f3n<\/strong> y hasta el \u00faltimo momento de la grabaci\u00f3n. Much\u00edsimas gracias a la gente de Couzadoiro, Ortigueira y a Miguel Granero, como siempre un enorme placer trabajar de la mano.<\/span><\/center><center><\/center><center><\/center><center><\/center><center><\/center><center><iframe loading=\"lazy\" src=\"https:\/\/www.youtube.com\/embed\/rcr_G2AUTvY\" width=\"360\" height=\"215\" frameborder=\"0\" allowfullscreen=\"allowfullscreen\"><\/iframe><\/center><center><\/center><center><\/center><center><span style=\"color: #000000;\">\u00bfTe interesar\u00eda producir un <strong>v\u00eddeo promocional personalizado<\/strong> para tu evento o empresa? Consulta nuestros trabajos, somos un equipo comprometido, eficaz y muy creativo.<\/span><\/center><center><span style=\"color: #000000;\">Mi labor como guionista y actor, complementada por la labor t\u00e9cnica de<\/span><a href=\"http:\/\/www.granerovideo.com\" target=\"_blank\"> GraneroV\u00eddeo<\/a> <span style=\"color: #000000;\">produce eventos y v\u00eddeos de gran calidad art\u00edstica, los resultados son excelentes, y no lo decimos nosotros, lo afirman nuestros clientes que siempre nos felicitan, nos recomiendan e incluso, repiten.<\/span><\/center><center><span style=\"color: #000000;\">Prueba de ello son los trabajos realizados para fiestas de navidad de empresas, celebraciones particulares, v\u00eddeos promocionales y todo tipo de eventos. Puedes ver algunos ejemplos aqu\u00ed en los trabajos como<\/span> <a href=\"https:\/\/vimeo.com\/manage\/albums\/5851885\" target=\"_blank\">presentador de eventos<\/a> <span style=\"color: #000000;\">y aqu\u00ed una muestra de producciones en exclusiva para<\/span> <a href=\"https:\/\/www.youtube.com\/channel\/UCNUAXtQGiT66VimAU08QKgA\/playlists?view_as=subscriber\" target=\"_blank\">eventos, galas del deporte y otro tipo de eventos<\/a>.<\/center><center><\/center><center><span style=\"color: #000000;\">\u00bfNecesitas un <strong>v\u00eddeo promocional personalizado<\/strong>? <\/span><\/center><center><span style=\"color: #000000;\">No des m\u00e1s vueltas, consulta nuestra manera de trabajar, somos creativos, eficientes y no necsitas nada m\u00e1s. Nuestro equipo cuenta con <em>profesionales de la comunicaci\u00f3n, publicidad, gui\u00f3n, producci\u00f3n audiovisual<\/em> y entrega, compromiso y buen humor \u00a1ll\u00e1manos!<\/span><\/center>&nbsp;<\/p>\n<p><center>\n<div class=\"wpcf7 no-js\" id=\"wpcf7-f1975-o1\" lang=\"es-ES\" dir=\"ltr\">\n<div class=\"screen-reader-response\"><p role=\"status\" aria-live=\"polite\" aria-atomic=\"true\"><\/p> <ul><\/ul><\/div>\n<form action=\"\/index.php?rest_route=%2Fwp%2Fv2%2Fposts%2F1459#wpcf7-f1975-o1\" method=\"post\" class=\"wpcf7-form init\" aria-label=\"Formulario de contacto\" novalidate=\"novalidate\" data-status=\"init\">\n<div style=\"display: none;\">\n<input type=\"hidden\" name=\"_wpcf7\" value=\"1975\" \/>\n<input type=\"hidden\" name=\"_wpcf7_version\" value=\"5.9.4\" \/>\n<input type=\"hidden\" name=\"_wpcf7_locale\" value=\"es_ES\" \/>\n<input type=\"hidden\" name=\"_wpcf7_unit_tag\" value=\"wpcf7-f1975-o1\" \/>\n<input type=\"hidden\" name=\"_wpcf7_container_post\" value=\"0\" \/>\n<input type=\"hidden\" name=\"_wpcf7_posted_data_hash\" value=\"\" \/>\n<\/div>\n<p><label> Tu nombre<br \/>\n<span class=\"wpcf7-form-control-wrap\" data-name=\"your-name\"><input size=\"40\" class=\"wpcf7-form-control wpcf7-text wpcf7-validates-as-required\" autocomplete=\"name\" aria-required=\"true\" aria-invalid=\"false\" value=\"\" type=\"text\" name=\"your-name\" \/><\/span> <\/label>\n<\/p>\n<p><label> Mail<br \/>\n<span class=\"wpcf7-form-control-wrap\" data-name=\"your-email\"><input size=\"40\" class=\"wpcf7-form-control wpcf7-email wpcf7-validates-as-required wpcf7-text wpcf7-validates-as-email\" autocomplete=\"email\" aria-required=\"true\" aria-invalid=\"false\" value=\"\" type=\"email\" name=\"your-email\" \/><\/span> <\/label>\n<\/p>\n<p><label> Asunto<br \/>\n<span class=\"wpcf7-form-control-wrap\" data-name=\"your-subject\"><input size=\"40\" class=\"wpcf7-form-control wpcf7-text wpcf7-validates-as-required\" aria-required=\"true\" aria-invalid=\"false\" value=\"\" type=\"text\" name=\"your-subject\" \/><\/span> <\/label>\n<\/p>\n<p><label> Tu mensaje<br \/>\n<span class=\"wpcf7-form-control-wrap\" data-name=\"your-message\"><textarea cols=\"40\" rows=\"10\" class=\"wpcf7-form-control wpcf7-textarea\" aria-invalid=\"false\" name=\"your-message\"><\/textarea><\/span> <\/label>\n<\/p>\n<p><input class=\"wpcf7-form-control wpcf7-submit has-spinner\" type=\"submit\" value=\"Enviar\" \/>\n<\/p><p style=\"display: none !important;\" class=\"akismet-fields-container\" data-prefix=\"_wpcf7_ak_\"><label>&#916;<textarea name=\"_wpcf7_ak_hp_textarea\" cols=\"45\" rows=\"8\" maxlength=\"100\"><\/textarea><\/label><input type=\"hidden\" id=\"ak_js_1\" name=\"_wpcf7_ak_js\" value=\"98\"\/><script>document.getElementById( \"ak_js_1\" ).setAttribute( \"value\", ( new Date() ).getTime() );<\/script><\/p><div class=\"wpcf7-response-output\" aria-hidden=\"true\"><\/div>\n<\/form>\n<\/div>\n<\/center><\/p>\n","protected":false},"excerpt":{"rendered":"<p>Este es el resultado de mi \u00faltimo trabajo como guionista; V\u00eddeo promocional personalizado IV Trail Couzadoiro en Ortigueira. La divertida Carrera y Caminata de monta\u00f1a \u201cMontes de Couzadoiro\u201d organizada por la Pe\u00f1a Ciclista Santa Marta, la Concejal\u00eda de Deporte y Juventud del Ayuntamiento de Ortigueira y la Asociaci\u00f3n de Vecinos y Vecinas de Couzadoiro, se <a class=\"read-more\" href=\"https:\/\/javiervarelactor.com\/?p=1459\">Leer m\u00e1s<\/a><\/p>\n","protected":false},"author":1,"featured_media":1460,"comment_status":"closed","ping_status":"open","sticky":false,"template":"","format":"standard","meta":{"_monsterinsights_skip_tracking":false,"_monsterinsights_sitenote_active":false,"_monsterinsights_sitenote_note":"","_monsterinsights_sitenote_category":0,"footnotes":""},"categories":[21,90],"tags":[91,92],"yoast_head":"<!-- This site is optimized with the Yoast SEO plugin v22.7 - https:\/\/yoast.com\/wordpress\/plugins\/seo\/ -->\n<title>V\u00eddeo promocional personalizado IV Trail Couzadoiro<\/title>\n<meta name=\"description\" content=\"Gui\u00f3n y presentaci\u00f3n v\u00eddeo promocional personalizado IV Trail Couzadoiro, Ortigueira. Creaci\u00f3n exclusiva gui\u00f3n de Javier Varela y producci\u00f3n GraneroV\u00eddeo.\" \/>\n<meta name=\"robots\" content=\"index, follow, max-snippet:-1, max-image-preview:large, max-video-preview:-1\" \/>\n<link rel=\"canonical\" href=\"https:\/\/javiervarelactor.com\/?p=1459\" \/>\n<meta property=\"og:locale\" content=\"es_ES\" \/>\n<meta property=\"og:type\" content=\"article\" \/>\n<meta property=\"og:title\" content=\"V\u00eddeo promocional personalizado IV Trail Couzadoiro\" \/>\n<meta property=\"og:description\" content=\"Gui\u00f3n y presentaci\u00f3n v\u00eddeo promocional personalizado IV Trail Couzadoiro, Ortigueira. Creaci\u00f3n exclusiva gui\u00f3n de Javier Varela y producci\u00f3n GraneroV\u00eddeo.\" \/>\n<meta property=\"og:url\" content=\"https:\/\/javiervarelactor.com\/?p=1459\" \/>\n<meta property=\"og:site_name\" content=\"Javier Varela\" \/>\n<meta property=\"article:publisher\" content=\"https:\/\/www.facebook.com\/pages\/Javier-Varela\/145894855509796?sk=info&amp;amp%3bamp%3bamp%3bamp%3btab=page_info\" \/>\n<meta property=\"article:published_time\" content=\"2019-03-25T10:17:45+00:00\" \/>\n<meta property=\"article:modified_time\" content=\"2019-03-21T11:28:27+00:00\" \/>\n<meta property=\"og:image\" content=\"https:\/\/javiervarelactor.com\/wp-content\/uploads\/2019\/03\/javier-varela-ortigueira.jpg\" \/>\n\t<meta property=\"og:image:width\" content=\"750\" \/>\n\t<meta property=\"og:image:height\" content=\"356\" \/>\n\t<meta property=\"og:image:type\" content=\"image\/jpeg\" \/>\n<meta name=\"author\" content=\"Javier Varela\" \/>\n<meta name=\"twitter:label1\" content=\"Escrito por\" \/>\n\t<meta name=\"twitter:data1\" content=\"Javier Varela\" \/>\n\t<meta name=\"twitter:label2\" content=\"Tiempo de lectura\" \/>\n\t<meta name=\"twitter:data2\" content=\"2 minutos\" \/>\n<script type=\"application\/ld+json\" class=\"yoast-schema-graph\">{\"@context\":\"https:\/\/schema.org\",\"@graph\":[{\"@type\":\"WebPage\",\"@id\":\"https:\/\/javiervarelactor.com\/?p=1459\",\"url\":\"https:\/\/javiervarelactor.com\/?p=1459\",\"name\":\"V\u00eddeo promocional personalizado IV Trail Couzadoiro\",\"isPartOf\":{\"@id\":\"https:\/\/javiervarelactor.com\/#website\"},\"primaryImageOfPage\":{\"@id\":\"https:\/\/javiervarelactor.com\/?p=1459#primaryimage\"},\"image\":{\"@id\":\"https:\/\/javiervarelactor.com\/?p=1459#primaryimage\"},\"thumbnailUrl\":\"https:\/\/javiervarelactor.com\/wp-content\/uploads\/2019\/03\/javier-varela-ortigueira.jpg\",\"datePublished\":\"2019-03-25T10:17:45+00:00\",\"dateModified\":\"2019-03-21T11:28:27+00:00\",\"author\":{\"@id\":\"https:\/\/javiervarelactor.com\/#\/schema\/person\/e3104f2f3cca87d9a07b40f5281c02ba\"},\"description\":\"Gui\u00f3n y presentaci\u00f3n v\u00eddeo promocional personalizado IV Trail Couzadoiro, Ortigueira. Creaci\u00f3n exclusiva gui\u00f3n de Javier Varela y producci\u00f3n GraneroV\u00eddeo.\",\"breadcrumb\":{\"@id\":\"https:\/\/javiervarelactor.com\/?p=1459#breadcrumb\"},\"inLanguage\":\"es\",\"potentialAction\":[{\"@type\":\"ReadAction\",\"target\":[\"https:\/\/javiervarelactor.com\/?p=1459\"]}]},{\"@type\":\"ImageObject\",\"inLanguage\":\"es\",\"@id\":\"https:\/\/javiervarelactor.com\/?p=1459#primaryimage\",\"url\":\"https:\/\/javiervarelactor.com\/wp-content\/uploads\/2019\/03\/javier-varela-ortigueira.jpg\",\"contentUrl\":\"https:\/\/javiervarelactor.com\/wp-content\/uploads\/2019\/03\/javier-varela-ortigueira.jpg\",\"width\":750,\"height\":356,\"caption\":\"javier varela ortigueira\"},{\"@type\":\"BreadcrumbList\",\"@id\":\"https:\/\/javiervarelactor.com\/?p=1459#breadcrumb\",\"itemListElement\":[{\"@type\":\"ListItem\",\"position\":1,\"name\":\"Inicio\",\"item\":\"https:\/\/javiervarelactor.com\/\"},{\"@type\":\"ListItem\",\"position\":2,\"name\":\"V\u00eddeo promocional personalizado IV Trail Couzadoiro\"}]},{\"@type\":\"WebSite\",\"@id\":\"https:\/\/javiervarelactor.com\/#website\",\"url\":\"https:\/\/javiervarelactor.com\/\",\"name\":\"Javier Varela\",\"description\":\"Actor y Presentador\",\"potentialAction\":[{\"@type\":\"SearchAction\",\"target\":{\"@type\":\"EntryPoint\",\"urlTemplate\":\"https:\/\/javiervarelactor.com\/?s={search_term_string}\"},\"query-input\":\"required name=search_term_string\"}],\"inLanguage\":\"es\"},{\"@type\":\"Person\",\"@id\":\"https:\/\/javiervarelactor.com\/#\/schema\/person\/e3104f2f3cca87d9a07b40f5281c02ba\",\"name\":\"Javier Varela\",\"image\":{\"@type\":\"ImageObject\",\"inLanguage\":\"es\",\"@id\":\"https:\/\/javiervarelactor.com\/#\/schema\/person\/image\/\",\"url\":\"https:\/\/secure.gravatar.com\/avatar\/858edfdbe98ed682c9723085564a87b3?s=96&d=mm&r=g\",\"contentUrl\":\"https:\/\/secure.gravatar.com\/avatar\/858edfdbe98ed682c9723085564a87b3?s=96&d=mm&r=g\",\"caption\":\"Javier Varela\"},\"sameAs\":[\"http:\/\/www.javiervarelactor.com\"],\"url\":\"https:\/\/javiervarelactor.com\/?author=1\"}]}<\/script>\n<!-- \/ Yoast SEO plugin. -->","yoast_head_json":{"title":"V\u00eddeo promocional personalizado IV Trail Couzadoiro","description":"Gui\u00f3n y presentaci\u00f3n v\u00eddeo promocional personalizado IV Trail Couzadoiro, Ortigueira. Creaci\u00f3n exclusiva gui\u00f3n de Javier Varela y producci\u00f3n GraneroV\u00eddeo.","robots":{"index":"index","follow":"follow","max-snippet":"max-snippet:-1","max-image-preview":"max-image-preview:large","max-video-preview":"max-video-preview:-1"},"canonical":"https:\/\/javiervarelactor.com\/?p=1459","og_locale":"es_ES","og_type":"article","og_title":"V\u00eddeo promocional personalizado IV Trail Couzadoiro","og_description":"Gui\u00f3n y presentaci\u00f3n v\u00eddeo promocional personalizado IV Trail Couzadoiro, Ortigueira. Creaci\u00f3n exclusiva gui\u00f3n de Javier Varela y producci\u00f3n GraneroV\u00eddeo.","og_url":"https:\/\/javiervarelactor.com\/?p=1459","og_site_name":"Javier Varela","article_publisher":"https:\/\/www.facebook.com\/pages\/Javier-Varela\/145894855509796?sk=info&amp%3bamp%3bamp%3bamp%3btab=page_info","article_published_time":"2019-03-25T10:17:45+00:00","article_modified_time":"2019-03-21T11:28:27+00:00","og_image":[{"width":750,"height":356,"url":"https:\/\/javiervarelactor.com\/wp-content\/uploads\/2019\/03\/javier-varela-ortigueira.jpg","type":"image\/jpeg"}],"author":"Javier Varela","twitter_misc":{"Escrito por":"Javier Varela","Tiempo de lectura":"2 minutos"},"schema":{"@context":"https:\/\/schema.org","@graph":[{"@type":"WebPage","@id":"https:\/\/javiervarelactor.com\/?p=1459","url":"https:\/\/javiervarelactor.com\/?p=1459","name":"V\u00eddeo promocional personalizado IV Trail Couzadoiro","isPartOf":{"@id":"https:\/\/javiervarelactor.com\/#website"},"primaryImageOfPage":{"@id":"https:\/\/javiervarelactor.com\/?p=1459#primaryimage"},"image":{"@id":"https:\/\/javiervarelactor.com\/?p=1459#primaryimage"},"thumbnailUrl":"https:\/\/javiervarelactor.com\/wp-content\/uploads\/2019\/03\/javier-varela-ortigueira.jpg","datePublished":"2019-03-25T10:17:45+00:00","dateModified":"2019-03-21T11:28:27+00:00","author":{"@id":"https:\/\/javiervarelactor.com\/#\/schema\/person\/e3104f2f3cca87d9a07b40f5281c02ba"},"description":"Gui\u00f3n y presentaci\u00f3n v\u00eddeo promocional personalizado IV Trail Couzadoiro, Ortigueira. Creaci\u00f3n exclusiva gui\u00f3n de Javier Varela y producci\u00f3n GraneroV\u00eddeo.","breadcrumb":{"@id":"https:\/\/javiervarelactor.com\/?p=1459#breadcrumb"},"inLanguage":"es","potentialAction":[{"@type":"ReadAction","target":["https:\/\/javiervarelactor.com\/?p=1459"]}]},{"@type":"ImageObject","inLanguage":"es","@id":"https:\/\/javiervarelactor.com\/?p=1459#primaryimage","url":"https:\/\/javiervarelactor.com\/wp-content\/uploads\/2019\/03\/javier-varela-ortigueira.jpg","contentUrl":"https:\/\/javiervarelactor.com\/wp-content\/uploads\/2019\/03\/javier-varela-ortigueira.jpg","width":750,"height":356,"caption":"javier varela ortigueira"},{"@type":"BreadcrumbList","@id":"https:\/\/javiervarelactor.com\/?p=1459#breadcrumb","itemListElement":[{"@type":"ListItem","position":1,"name":"Inicio","item":"https:\/\/javiervarelactor.com\/"},{"@type":"ListItem","position":2,"name":"V\u00eddeo promocional personalizado IV Trail Couzadoiro"}]},{"@type":"WebSite","@id":"https:\/\/javiervarelactor.com\/#website","url":"https:\/\/javiervarelactor.com\/","name":"Javier Varela","description":"Actor y Presentador","potentialAction":[{"@type":"SearchAction","target":{"@type":"EntryPoint","urlTemplate":"https:\/\/javiervarelactor.com\/?s={search_term_string}"},"query-input":"required name=search_term_string"}],"inLanguage":"es"},{"@type":"Person","@id":"https:\/\/javiervarelactor.com\/#\/schema\/person\/e3104f2f3cca87d9a07b40f5281c02ba","name":"Javier Varela","image":{"@type":"ImageObject","inLanguage":"es","@id":"https:\/\/javiervarelactor.com\/#\/schema\/person\/image\/","url":"https:\/\/secure.gravatar.com\/avatar\/858edfdbe98ed682c9723085564a87b3?s=96&d=mm&r=g","contentUrl":"https:\/\/secure.gravatar.com\/avatar\/858edfdbe98ed682c9723085564a87b3?s=96&d=mm&r=g","caption":"Javier Varela"},"sameAs":["http:\/\/www.javiervarelactor.com"],"url":"https:\/\/javiervarelactor.com\/?author=1"}]}},"_links":{"self":[{"href":"https:\/\/javiervarelactor.com\/index.php?rest_route=\/wp\/v2\/posts\/1459"}],"collection":[{"href":"https:\/\/javiervarelactor.com\/index.php?rest_route=\/wp\/v2\/posts"}],"about":[{"href":"https:\/\/javiervarelactor.com\/index.php?rest_route=\/wp\/v2\/types\/post"}],"author":[{"embeddable":true,"href":"https:\/\/javiervarelactor.com\/index.php?rest_route=\/wp\/v2\/users\/1"}],"replies":[{"embeddable":true,"href":"https:\/\/javiervarelactor.com\/index.php?rest_route=%2Fwp%2Fv2%2Fcomments&post=1459"}],"version-history":[{"count":8,"href":"https:\/\/javiervarelactor.com\/index.php?rest_route=\/wp\/v2\/posts\/1459\/revisions"}],"predecessor-version":[{"id":1463,"href":"https:\/\/javiervarelactor.com\/index.php?rest_route=\/wp\/v2\/posts\/1459\/revisions\/1463"}],"wp:featuredmedia":[{"embeddable":true,"href":"https:\/\/javiervarelactor.com\/index.php?rest_route=\/wp\/v2\/media\/1460"}],"wp:attachment":[{"href":"https:\/\/javiervarelactor.com\/index.php?rest_route=%2Fwp%2Fv2%2Fmedia&parent=1459"}],"wp:term":[{"taxonomy":"category","embeddable":true,"href":"https:\/\/javiervarelactor.com\/index.php?rest_route=%2Fwp%2Fv2%2Fcategories&post=1459"},{"taxonomy":"post_tag","embeddable":true,"href":"https:\/\/javiervarelactor.com\/index.php?rest_route=%2Fwp%2Fv2%2Ftags&post=1459"}],"curies":[{"name":"wp","href":"https:\/\/api.w.org\/{rel}","templated":true}]}}