{"id":1405,"date":"2019-02-01T16:27:54","date_gmt":"2019-02-01T16:27:54","guid":{"rendered":"http:\/\/javiervarelactor.com\/?p=1405"},"modified":"2019-03-21T11:39:29","modified_gmt":"2019-03-21T11:39:29","slug":"servicios-creativos-para-eventos","status":"publish","type":"post","link":"https:\/\/javiervarelactor.com\/?p=1405","title":{"rendered":"Servicios creativos para eventos"},"content":{"rendered":"<h4 style=\"text-align: center;\"><span style=\"color: #000000;\">Servicios creativos para eventos: cada vez son m\u00e1s las entidades que conf\u00edan en mi y mi equipo para desarrollar sus ideas.<br \/>\n<\/span><\/h4>\n<p><span style=\"color: #000000;\">Una faceta profesional realmente intensa, donde entran en juego muchas tareas, no todas creativas pero si muy satisfactorias al poder ofrecer a nuestros clientes un <strong>servicio de eventos integral<\/strong>: desde la primera idea hasta el apagado de luces del escenario final.<\/span><\/p>\n<p><span style=\"color: #000000;\">Como parte de esta labor de SERVICIOS CREATIVOS para eventos; la <em>idea inicial y el desarrollo creativo<\/em> son parte esencial de mi trabajo. El resultado est\u00e1 siendo muy exitoso y me gustar\u00eda compartir algunos cortes del \u00faltimo encargo; el Concello de Vilalba (Lugo) confi\u00f3 en mi para poner el humor y la m\u00fasica (m\u00fasica con mucho humor, a los v\u00eddeos os remito)<\/span><\/p>\n<p><span style=\"color: #000000;\">Aqu\u00ed un ejemplo de c\u00f3mo producimos servicios creativos para eventos, evento personalizado, tal y como imaginas:<\/span><\/p>\n<ul>\n<li><span style=\"color: #000000;\">PROMOCIONES ORIGINALES<\/span><\/li>\n<\/ul>\n<p><center><iframe loading=\"lazy\" src=\"https:\/\/www.youtube.com\/embed\/Ej-85FO8k_Y\" width=\"360\" height=\"215\" frameborder=\"0\" allowfullscreen=\"allowfullscreen\"><\/iframe><\/center><\/p>\n<h5 style=\"text-align: center;\"><a href=\"https:\/\/www.youtube.com\/watch?v=z7ctUgXN9dI&amp;list=PLhq_I49nengaMvWioxvXy-hUC1kBB2h-z\" target=\"_blank\">ver m\u00e1s promociones de eventos humor<\/a><\/h5>\n<ul>\n<li style=\"text-align: left;\"><span style=\"color: #000000;\">CANCIONES PERSONALIZADAS<\/span><\/li>\n<\/ul>\n<p><center><iframe loading=\"lazy\" src=\"https:\/\/www.youtube.com\/embed\/gZbKY5N8p0c\" width=\"360\" height=\"215\" frameborder=\"0\" allowfullscreen=\"allowfullscreen\"><\/iframe><\/center><\/p>\n<h5 style=\"text-align: center;\"><a href=\"https:\/\/www.youtube.com\/watch?v=33UF0NZFS78&amp;list=PLhq_I49nengYo90R8Zae7qjNBAphX9s2H\" target=\"_blank\">otras canciones personalizadas para eventos<\/a><\/h5>\n<ul>\n<li style=\"text-align: left;\"><span style=\"color: #000000;\">DINAMIZACI\u00d3N Y HUMOR<\/span><\/li>\n<\/ul>\n<p><center><iframe loading=\"lazy\" src=\"https:\/\/www.youtube.com\/embed\/vgAedYoMqW4\" width=\"360\" height=\"215\" frameborder=\"0\" allowfullscreen=\"allowfullscreen\"><\/iframe><\/center><br \/>\n<span style=\"color: #000000;\"> \u00bfTe gustar\u00eda personalizar tu evento contando con nuestros<strong> servicios creativos para eventos<\/strong>? Somos profesionales de la comunicaci\u00f3n, publicidad y audiovisuales, con materiales t\u00e9cnicos de primer nivel, y personas entregadas, comprometidas y con muy buen humor. Trabajamos en equipo, de la mano de <a href=\"http:\/\/www.granerovideo.com\" target=\"_blank\">GraneroVideo<\/a>.<br \/>\n<\/span><\/p>\n<p><span style=\"color: #000000;\"> Es posible poner en manos, con total confianza, de mi equipo tu pr\u00f3ximo evento corporativo para que el resultadi sea el que deseas. Estoy especializado en entregas de premios, aniversarios y todo tipo de galas como guionista y presentador. Ser\u00e1 para mi un reto, un placer y un honor sumarme a tu equipo para dise\u00f1ar un evento \u00fanico. Ponte en contacto conmigo y dise\u00f1emos el evento que est\u00e1s imaginando. Tambi\u00e9n realizamos v\u00eddeos de empresa y todo tipo de producciones audiovisuales.<br \/>\n<\/span><\/p>\n<p><span style=\"color: #000000;\">Contacta mediante este formulario o por tel\u00e9fono o mail, <a href=\"http:\/\/javiervarelactor.com\/index.php\/contacto\/\" target=\"_blank\">aqu\u00ed tienes todos mis datos de contacto<\/a>. Vamos a ponernos a ellos, hablamos:<\/span><\/p>\n<p><center>[cfdb-html form=\u00bbContacto\u00bb][\/cfdb-html]<\/center><\/p>\n","protected":false},"excerpt":{"rendered":"<p>Presentaci\u00f3n de eventos personallizada, m\u00fasica, humor&#8230;Servicios creativos para eventos<\/p>\n","protected":false},"author":1,"featured_media":1420,"comment_status":"closed","ping_status":"open","sticky":false,"template":"","format":"standard","meta":{"_monsterinsights_skip_tracking":false,"_monsterinsights_sitenote_active":false,"_monsterinsights_sitenote_note":"","_monsterinsights_sitenote_category":0,"footnotes":""},"categories":[41,78],"tags":[55,88,89],"yoast_head":"<!-- This site is optimized with the Yoast SEO plugin v22.7 - https:\/\/yoast.com\/wordpress\/plugins\/seo\/ -->\n<title>Servicios creativos para eventos<\/title>\n<meta name=\"description\" content=\"Servicios creativos para eventos: Javier Varela guioniza y presenta espect\u00e1culo de humor para la III Gala del Deporte de Vilalba 2019.\" \/>\n<meta name=\"robots\" content=\"index, follow, max-snippet:-1, max-image-preview:large, max-video-preview:-1\" \/>\n<link rel=\"canonical\" href=\"https:\/\/javiervarelactor.com\/?p=1405\" \/>\n<meta property=\"og:locale\" content=\"es_ES\" \/>\n<meta property=\"og:type\" content=\"article\" \/>\n<meta property=\"og:title\" content=\"Servicios creativos para eventos\" \/>\n<meta property=\"og:description\" content=\"Servicios creativos para eventos: Javier Varela guioniza y presenta espect\u00e1culo de humor para la III Gala del Deporte de Vilalba 2019.\" \/>\n<meta property=\"og:url\" content=\"https:\/\/javiervarelactor.com\/?p=1405\" \/>\n<meta property=\"og:site_name\" content=\"Javier Varela\" \/>\n<meta property=\"article:publisher\" content=\"https:\/\/www.facebook.com\/pages\/Javier-Varela\/145894855509796?sk=info&amp;amp%3bamp%3bamp%3bamp%3btab=page_info\" \/>\n<meta property=\"article:published_time\" content=\"2019-02-01T16:27:54+00:00\" \/>\n<meta property=\"article:modified_time\" content=\"2019-03-21T11:39:29+00:00\" \/>\n<meta property=\"og:image\" content=\"https:\/\/javiervarelactor.com\/wp-content\/uploads\/2019\/02\/servicios-creativos-para-eventos.jpg\" \/>\n\t<meta property=\"og:image:width\" content=\"823\" \/>\n\t<meta property=\"og:image:height\" content=\"399\" \/>\n\t<meta property=\"og:image:type\" content=\"image\/jpeg\" \/>\n<meta name=\"author\" content=\"Javier Varela\" \/>\n<meta name=\"twitter:label1\" content=\"Escrito por\" \/>\n\t<meta name=\"twitter:data1\" content=\"Javier Varela\" \/>\n\t<meta name=\"twitter:label2\" content=\"Tiempo de lectura\" \/>\n\t<meta name=\"twitter:data2\" content=\"2 minutos\" \/>\n<script type=\"application\/ld+json\" class=\"yoast-schema-graph\">{\"@context\":\"https:\/\/schema.org\",\"@graph\":[{\"@type\":\"WebPage\",\"@id\":\"https:\/\/javiervarelactor.com\/?p=1405\",\"url\":\"https:\/\/javiervarelactor.com\/?p=1405\",\"name\":\"Servicios creativos para eventos\",\"isPartOf\":{\"@id\":\"https:\/\/javiervarelactor.com\/#website\"},\"primaryImageOfPage\":{\"@id\":\"https:\/\/javiervarelactor.com\/?p=1405#primaryimage\"},\"image\":{\"@id\":\"https:\/\/javiervarelactor.com\/?p=1405#primaryimage\"},\"thumbnailUrl\":\"https:\/\/javiervarelactor.com\/wp-content\/uploads\/2019\/02\/servicios-creativos-para-eventos.jpg\",\"datePublished\":\"2019-02-01T16:27:54+00:00\",\"dateModified\":\"2019-03-21T11:39:29+00:00\",\"author\":{\"@id\":\"https:\/\/javiervarelactor.com\/#\/schema\/person\/e3104f2f3cca87d9a07b40f5281c02ba\"},\"description\":\"Servicios creativos para eventos: Javier Varela guioniza y presenta espect\u00e1culo de humor para la III Gala del Deporte de Vilalba 2019.\",\"breadcrumb\":{\"@id\":\"https:\/\/javiervarelactor.com\/?p=1405#breadcrumb\"},\"inLanguage\":\"es\",\"potentialAction\":[{\"@type\":\"ReadAction\",\"target\":[\"https:\/\/javiervarelactor.com\/?p=1405\"]}]},{\"@type\":\"ImageObject\",\"inLanguage\":\"es\",\"@id\":\"https:\/\/javiervarelactor.com\/?p=1405#primaryimage\",\"url\":\"https:\/\/javiervarelactor.com\/wp-content\/uploads\/2019\/02\/servicios-creativos-para-eventos.jpg\",\"contentUrl\":\"https:\/\/javiervarelactor.com\/wp-content\/uploads\/2019\/02\/servicios-creativos-para-eventos.jpg\",\"width\":823,\"height\":399,\"caption\":\"servicios creativos para eventos\"},{\"@type\":\"BreadcrumbList\",\"@id\":\"https:\/\/javiervarelactor.com\/?p=1405#breadcrumb\",\"itemListElement\":[{\"@type\":\"ListItem\",\"position\":1,\"name\":\"Inicio\",\"item\":\"https:\/\/javiervarelactor.com\/\"},{\"@type\":\"ListItem\",\"position\":2,\"name\":\"Servicios creativos para eventos\"}]},{\"@type\":\"WebSite\",\"@id\":\"https:\/\/javiervarelactor.com\/#website\",\"url\":\"https:\/\/javiervarelactor.com\/\",\"name\":\"Javier Varela\",\"description\":\"Actor y Presentador\",\"potentialAction\":[{\"@type\":\"SearchAction\",\"target\":{\"@type\":\"EntryPoint\",\"urlTemplate\":\"https:\/\/javiervarelactor.com\/?s={search_term_string}\"},\"query-input\":\"required name=search_term_string\"}],\"inLanguage\":\"es\"},{\"@type\":\"Person\",\"@id\":\"https:\/\/javiervarelactor.com\/#\/schema\/person\/e3104f2f3cca87d9a07b40f5281c02ba\",\"name\":\"Javier Varela\",\"image\":{\"@type\":\"ImageObject\",\"inLanguage\":\"es\",\"@id\":\"https:\/\/javiervarelactor.com\/#\/schema\/person\/image\/\",\"url\":\"https:\/\/secure.gravatar.com\/avatar\/858edfdbe98ed682c9723085564a87b3?s=96&d=mm&r=g\",\"contentUrl\":\"https:\/\/secure.gravatar.com\/avatar\/858edfdbe98ed682c9723085564a87b3?s=96&d=mm&r=g\",\"caption\":\"Javier Varela\"},\"sameAs\":[\"http:\/\/www.javiervarelactor.com\"],\"url\":\"https:\/\/javiervarelactor.com\/?author=1\"}]}<\/script>\n<!-- \/ Yoast SEO plugin. -->","yoast_head_json":{"title":"Servicios creativos para eventos","description":"Servicios creativos para eventos: Javier Varela guioniza y presenta espect\u00e1culo de humor para la III Gala del Deporte de Vilalba 2019.","robots":{"index":"index","follow":"follow","max-snippet":"max-snippet:-1","max-image-preview":"max-image-preview:large","max-video-preview":"max-video-preview:-1"},"canonical":"https:\/\/javiervarelactor.com\/?p=1405","og_locale":"es_ES","og_type":"article","og_title":"Servicios creativos para eventos","og_description":"Servicios creativos para eventos: Javier Varela guioniza y presenta espect\u00e1culo de humor para la III Gala del Deporte de Vilalba 2019.","og_url":"https:\/\/javiervarelactor.com\/?p=1405","og_site_name":"Javier Varela","article_publisher":"https:\/\/www.facebook.com\/pages\/Javier-Varela\/145894855509796?sk=info&amp%3bamp%3bamp%3bamp%3btab=page_info","article_published_time":"2019-02-01T16:27:54+00:00","article_modified_time":"2019-03-21T11:39:29+00:00","og_image":[{"width":823,"height":399,"url":"https:\/\/javiervarelactor.com\/wp-content\/uploads\/2019\/02\/servicios-creativos-para-eventos.jpg","type":"image\/jpeg"}],"author":"Javier Varela","twitter_misc":{"Escrito por":"Javier Varela","Tiempo de lectura":"2 minutos"},"schema":{"@context":"https:\/\/schema.org","@graph":[{"@type":"WebPage","@id":"https:\/\/javiervarelactor.com\/?p=1405","url":"https:\/\/javiervarelactor.com\/?p=1405","name":"Servicios creativos para eventos","isPartOf":{"@id":"https:\/\/javiervarelactor.com\/#website"},"primaryImageOfPage":{"@id":"https:\/\/javiervarelactor.com\/?p=1405#primaryimage"},"image":{"@id":"https:\/\/javiervarelactor.com\/?p=1405#primaryimage"},"thumbnailUrl":"https:\/\/javiervarelactor.com\/wp-content\/uploads\/2019\/02\/servicios-creativos-para-eventos.jpg","datePublished":"2019-02-01T16:27:54+00:00","dateModified":"2019-03-21T11:39:29+00:00","author":{"@id":"https:\/\/javiervarelactor.com\/#\/schema\/person\/e3104f2f3cca87d9a07b40f5281c02ba"},"description":"Servicios creativos para eventos: Javier Varela guioniza y presenta espect\u00e1culo de humor para la III Gala del Deporte de Vilalba 2019.","breadcrumb":{"@id":"https:\/\/javiervarelactor.com\/?p=1405#breadcrumb"},"inLanguage":"es","potentialAction":[{"@type":"ReadAction","target":["https:\/\/javiervarelactor.com\/?p=1405"]}]},{"@type":"ImageObject","inLanguage":"es","@id":"https:\/\/javiervarelactor.com\/?p=1405#primaryimage","url":"https:\/\/javiervarelactor.com\/wp-content\/uploads\/2019\/02\/servicios-creativos-para-eventos.jpg","contentUrl":"https:\/\/javiervarelactor.com\/wp-content\/uploads\/2019\/02\/servicios-creativos-para-eventos.jpg","width":823,"height":399,"caption":"servicios creativos para eventos"},{"@type":"BreadcrumbList","@id":"https:\/\/javiervarelactor.com\/?p=1405#breadcrumb","itemListElement":[{"@type":"ListItem","position":1,"name":"Inicio","item":"https:\/\/javiervarelactor.com\/"},{"@type":"ListItem","position":2,"name":"Servicios creativos para eventos"}]},{"@type":"WebSite","@id":"https:\/\/javiervarelactor.com\/#website","url":"https:\/\/javiervarelactor.com\/","name":"Javier Varela","description":"Actor y Presentador","potentialAction":[{"@type":"SearchAction","target":{"@type":"EntryPoint","urlTemplate":"https:\/\/javiervarelactor.com\/?s={search_term_string}"},"query-input":"required name=search_term_string"}],"inLanguage":"es"},{"@type":"Person","@id":"https:\/\/javiervarelactor.com\/#\/schema\/person\/e3104f2f3cca87d9a07b40f5281c02ba","name":"Javier Varela","image":{"@type":"ImageObject","inLanguage":"es","@id":"https:\/\/javiervarelactor.com\/#\/schema\/person\/image\/","url":"https:\/\/secure.gravatar.com\/avatar\/858edfdbe98ed682c9723085564a87b3?s=96&d=mm&r=g","contentUrl":"https:\/\/secure.gravatar.com\/avatar\/858edfdbe98ed682c9723085564a87b3?s=96&d=mm&r=g","caption":"Javier Varela"},"sameAs":["http:\/\/www.javiervarelactor.com"],"url":"https:\/\/javiervarelactor.com\/?author=1"}]}},"_links":{"self":[{"href":"https:\/\/javiervarelactor.com\/index.php?rest_route=\/wp\/v2\/posts\/1405"}],"collection":[{"href":"https:\/\/javiervarelactor.com\/index.php?rest_route=\/wp\/v2\/posts"}],"about":[{"href":"https:\/\/javiervarelactor.com\/index.php?rest_route=\/wp\/v2\/types\/post"}],"author":[{"embeddable":true,"href":"https:\/\/javiervarelactor.com\/index.php?rest_route=\/wp\/v2\/users\/1"}],"replies":[{"embeddable":true,"href":"https:\/\/javiervarelactor.com\/index.php?rest_route=%2Fwp%2Fv2%2Fcomments&post=1405"}],"version-history":[{"count":16,"href":"https:\/\/javiervarelactor.com\/index.php?rest_route=\/wp\/v2\/posts\/1405\/revisions"}],"predecessor-version":[{"id":1470,"href":"https:\/\/javiervarelactor.com\/index.php?rest_route=\/wp\/v2\/posts\/1405\/revisions\/1470"}],"wp:featuredmedia":[{"embeddable":true,"href":"https:\/\/javiervarelactor.com\/index.php?rest_route=\/wp\/v2\/media\/1420"}],"wp:attachment":[{"href":"https:\/\/javiervarelactor.com\/index.php?rest_route=%2Fwp%2Fv2%2Fmedia&parent=1405"}],"wp:term":[{"taxonomy":"category","embeddable":true,"href":"https:\/\/javiervarelactor.com\/index.php?rest_route=%2Fwp%2Fv2%2Fcategories&post=1405"},{"taxonomy":"post_tag","embeddable":true,"href":"https:\/\/javiervarelactor.com\/index.php?rest_route=%2Fwp%2Fv2%2Ftags&post=1405"}],"curies":[{"name":"wp","href":"https:\/\/api.w.org\/{rel}","templated":true}]}}