{"id":1391,"date":"2019-01-22T16:34:58","date_gmt":"2019-01-22T16:34:58","guid":{"rendered":"http:\/\/javiervarelactor.com\/?p=1391"},"modified":"2019-01-22T17:04:01","modified_gmt":"2019-01-22T17:04:01","slug":"monologo-personalizado-eventos","status":"publish","type":"post","link":"https:\/\/javiervarelactor.com\/?p=1391","title":{"rendered":"Mon\u00f3logo personalizado para eventos"},"content":{"rendered":"<p><span style=\"color: #000000;\"><a href=\"http:\/\/javiervarelactor.com\/wp-content\/uploads\/2019\/01\/galaVilal.jpg\"><img loading=\"lazy\" decoding=\"async\" class=\"size-medium wp-image-1394 alignleft\" src=\"http:\/\/javiervarelactor.com\/wp-content\/uploads\/2019\/01\/galaVilal-201x300.jpg\" alt=\"presentaddor gala deporte javier varela\" width=\"201\" height=\"300\" srcset=\"https:\/\/javiervarelactor.com\/wp-content\/uploads\/2019\/01\/galaVilal-201x300.jpg 201w, https:\/\/javiervarelactor.com\/wp-content\/uploads\/2019\/01\/galaVilal-686x1024.jpg 686w, https:\/\/javiervarelactor.com\/wp-content\/uploads\/2019\/01\/galaVilal.jpg 720w\" sizes=\"(max-width: 201px) 100vw, 201px\" \/><\/a>El pasado viernes 18 de enero he tenido el placer de animar con un <strong>mon\u00f3logo personalizado<\/strong> la <strong>III Gala do Deporte de Vilalba<\/strong>; un honor subir al escenario acompa\u00f1ado de mi compa\u00f1ero Miguel Granero tan importante evento para la villa.<br \/>\n<\/span><\/p>\n<p><span style=\"color: #000000;\">La Gala premia a los deportistas locales, clubes deportivos y pone en valor la importancia del deporte base; m\u00e1s de 10 premiados durante una gala en la que el tenis de mesa, f\u00fatbol, judo, baloncesto&#8230;<\/span><\/p>\n<p><span style=\"color: #000000;\">Gracias al equipo que confi\u00f3 en mi para ponerle un toque de<strong> humor<\/strong> a la celebraci\u00f3n, con una <strong>canci\u00f3n personalizada<\/strong>, risa y <strong>ritmo<\/strong> para <strong>amenizar un evento<\/strong> tan importante para la ciudad. Combinar la actualidad, las peculiaridades de la Gala, el contenido interesante para el p\u00fablico y combinar ritmo con diversi\u00f3n ha sido una labor intensa y, viendo los resultados obtenidos, un enorme placer.<br \/>\n<\/span><\/p>\n<p><span style=\"color: #000000;\">Gracias a <a href=\"https:\/\/www.elprogreso.es\/articulo\/a-chaira\/vilalba-mima-estrellas\/201901201114331355021.html\" target=\"_blank\">El Progreso de Lugo<\/a> por el v\u00eddeo resumen \u00bfquieres verlo? Aqu\u00ed te dejo con un fragmento de lo que fue la III Gala del Deporte de Vilalba.<\/span><\/p>\n<p><iframe loading=\"lazy\" src=\"https:\/\/www.youtube.com\/embed\/h5Y7JApRUZI\" width=\"560\" height=\"315\" frameborder=\"0\" allowfullscreen=\"allowfullscreen\"><\/iframe><\/p>\n<p><span style=\"color: #000000;\">\u00bfNecesitas un <strong>mon\u00f3logo personalizado<\/strong> para tu evento? No dudes en consultarme; personalizo cada una de las intervenciones para los eventos en los que personalizo con maravillosos resultados.<\/span><br \/>\n<span style=\"color: #000000;\"> En el previo, realizamos una serie de sketches de humor totalmente personalizados. <\/span><\/p>\n<p><span style=\"color: #000000;\">Puedes verlos aqu\u00ed:<\/span><\/p>\n<p><iframe loading=\"lazy\" src=\"https:\/\/www.youtube.com\/embed\/z7ctUgXN9dI\" width=\"560\" height=\"315\" frameborder=\"0\" allowfullscreen=\"allowfullscreen\"><\/iframe><\/p>\n<p>Mon\u00f3logo personalizado para eventos &#8211; Javier Varela<\/p>\n<p>Mon\u00f3logo personalizado para eventos III Gala do Deporte de Vilalba<\/p>\n","protected":false},"excerpt":{"rendered":"<p>El pasado viernes 18 de enero he tenido el placer de animar con un mon\u00f3logo personalizado la III Gala do Deporte de Vilalba; un honor subir al escenario acompa\u00f1ado de mi compa\u00f1ero Miguel Granero tan importante evento para la villa. La Gala premia a los deportistas locales, clubes deportivos y pone en valor la importancia <a class=\"read-more\" href=\"https:\/\/javiervarelactor.com\/?p=1391\">Leer m\u00e1s<\/a><\/p>\n","protected":false},"author":1,"featured_media":1392,"comment_status":"closed","ping_status":"open","sticky":false,"template":"","format":"standard","meta":{"_monsterinsights_skip_tracking":false,"_monsterinsights_sitenote_active":false,"_monsterinsights_sitenote_note":"","_monsterinsights_sitenote_category":0,"footnotes":""},"categories":[2,78],"tags":[87,88],"yoast_head":"<!-- This site is optimized with the Yoast SEO plugin v22.7 - https:\/\/yoast.com\/wordpress\/plugins\/seo\/ -->\n<title>Mon\u00f3logo personalizado para eventos<\/title>\n<meta name=\"description\" content=\"Mon\u00f3logo personalizado para eventos: humor, canci\u00f3n personalizada, risa y ritmo para amenizar eventos. Javier Varela Monologuista\" \/>\n<meta name=\"robots\" content=\"index, follow, max-snippet:-1, max-image-preview:large, max-video-preview:-1\" \/>\n<link rel=\"canonical\" href=\"https:\/\/javiervarelactor.com\/?p=1391\" \/>\n<meta property=\"og:locale\" content=\"es_ES\" \/>\n<meta property=\"og:type\" content=\"article\" \/>\n<meta property=\"og:title\" content=\"Mon\u00f3logo personalizado para eventos\" \/>\n<meta property=\"og:description\" content=\"Mon\u00f3logo personalizado para eventos: humor, canci\u00f3n personalizada, risa y ritmo para amenizar eventos. Javier Varela Monologuista\" \/>\n<meta property=\"og:url\" content=\"https:\/\/javiervarelactor.com\/?p=1391\" \/>\n<meta property=\"og:site_name\" content=\"Javier Varela\" \/>\n<meta property=\"article:publisher\" content=\"https:\/\/www.facebook.com\/pages\/Javier-Varela\/145894855509796?sk=info&amp;amp%3bamp%3bamp%3bamp%3btab=page_info\" \/>\n<meta property=\"article:published_time\" content=\"2019-01-22T16:34:58+00:00\" \/>\n<meta property=\"article:modified_time\" content=\"2019-01-22T17:04:01+00:00\" \/>\n<meta property=\"og:image\" content=\"https:\/\/javiervarelactor.com\/wp-content\/uploads\/2019\/01\/eventovilal.jpg\" \/>\n\t<meta property=\"og:image:width\" content=\"720\" \/>\n\t<meta property=\"og:image:height\" content=\"480\" \/>\n\t<meta property=\"og:image:type\" content=\"image\/jpeg\" \/>\n<meta name=\"author\" content=\"Javier Varela\" \/>\n<meta name=\"twitter:label1\" content=\"Escrito por\" \/>\n\t<meta name=\"twitter:data1\" content=\"Javier Varela\" \/>\n\t<meta name=\"twitter:label2\" content=\"Tiempo de lectura\" \/>\n\t<meta name=\"twitter:data2\" content=\"1 minuto\" \/>\n<script type=\"application\/ld+json\" class=\"yoast-schema-graph\">{\"@context\":\"https:\/\/schema.org\",\"@graph\":[{\"@type\":\"WebPage\",\"@id\":\"https:\/\/javiervarelactor.com\/?p=1391\",\"url\":\"https:\/\/javiervarelactor.com\/?p=1391\",\"name\":\"Mon\u00f3logo personalizado para eventos\",\"isPartOf\":{\"@id\":\"https:\/\/javiervarelactor.com\/#website\"},\"primaryImageOfPage\":{\"@id\":\"https:\/\/javiervarelactor.com\/?p=1391#primaryimage\"},\"image\":{\"@id\":\"https:\/\/javiervarelactor.com\/?p=1391#primaryimage\"},\"thumbnailUrl\":\"https:\/\/javiervarelactor.com\/wp-content\/uploads\/2019\/01\/eventovilal.jpg\",\"datePublished\":\"2019-01-22T16:34:58+00:00\",\"dateModified\":\"2019-01-22T17:04:01+00:00\",\"author\":{\"@id\":\"https:\/\/javiervarelactor.com\/#\/schema\/person\/e3104f2f3cca87d9a07b40f5281c02ba\"},\"description\":\"Mon\u00f3logo personalizado para eventos: humor, canci\u00f3n personalizada, risa y ritmo para amenizar eventos. Javier Varela Monologuista\",\"breadcrumb\":{\"@id\":\"https:\/\/javiervarelactor.com\/?p=1391#breadcrumb\"},\"inLanguage\":\"es\",\"potentialAction\":[{\"@type\":\"ReadAction\",\"target\":[\"https:\/\/javiervarelactor.com\/?p=1391\"]}]},{\"@type\":\"ImageObject\",\"inLanguage\":\"es\",\"@id\":\"https:\/\/javiervarelactor.com\/?p=1391#primaryimage\",\"url\":\"https:\/\/javiervarelactor.com\/wp-content\/uploads\/2019\/01\/eventovilal.jpg\",\"contentUrl\":\"https:\/\/javiervarelactor.com\/wp-content\/uploads\/2019\/01\/eventovilal.jpg\",\"width\":720,\"height\":480,\"caption\":\"presentador eventos lugo\"},{\"@type\":\"BreadcrumbList\",\"@id\":\"https:\/\/javiervarelactor.com\/?p=1391#breadcrumb\",\"itemListElement\":[{\"@type\":\"ListItem\",\"position\":1,\"name\":\"Inicio\",\"item\":\"https:\/\/javiervarelactor.com\/\"},{\"@type\":\"ListItem\",\"position\":2,\"name\":\"Mon\u00f3logo personalizado para eventos\"}]},{\"@type\":\"WebSite\",\"@id\":\"https:\/\/javiervarelactor.com\/#website\",\"url\":\"https:\/\/javiervarelactor.com\/\",\"name\":\"Javier Varela\",\"description\":\"Actor y Presentador\",\"potentialAction\":[{\"@type\":\"SearchAction\",\"target\":{\"@type\":\"EntryPoint\",\"urlTemplate\":\"https:\/\/javiervarelactor.com\/?s={search_term_string}\"},\"query-input\":\"required name=search_term_string\"}],\"inLanguage\":\"es\"},{\"@type\":\"Person\",\"@id\":\"https:\/\/javiervarelactor.com\/#\/schema\/person\/e3104f2f3cca87d9a07b40f5281c02ba\",\"name\":\"Javier Varela\",\"image\":{\"@type\":\"ImageObject\",\"inLanguage\":\"es\",\"@id\":\"https:\/\/javiervarelactor.com\/#\/schema\/person\/image\/\",\"url\":\"https:\/\/secure.gravatar.com\/avatar\/858edfdbe98ed682c9723085564a87b3?s=96&d=mm&r=g\",\"contentUrl\":\"https:\/\/secure.gravatar.com\/avatar\/858edfdbe98ed682c9723085564a87b3?s=96&d=mm&r=g\",\"caption\":\"Javier Varela\"},\"sameAs\":[\"http:\/\/www.javiervarelactor.com\"],\"url\":\"https:\/\/javiervarelactor.com\/?author=1\"}]}<\/script>\n<!-- \/ Yoast SEO plugin. -->","yoast_head_json":{"title":"Mon\u00f3logo personalizado para eventos","description":"Mon\u00f3logo personalizado para eventos: humor, canci\u00f3n personalizada, risa y ritmo para amenizar eventos. Javier Varela Monologuista","robots":{"index":"index","follow":"follow","max-snippet":"max-snippet:-1","max-image-preview":"max-image-preview:large","max-video-preview":"max-video-preview:-1"},"canonical":"https:\/\/javiervarelactor.com\/?p=1391","og_locale":"es_ES","og_type":"article","og_title":"Mon\u00f3logo personalizado para eventos","og_description":"Mon\u00f3logo personalizado para eventos: humor, canci\u00f3n personalizada, risa y ritmo para amenizar eventos. Javier Varela Monologuista","og_url":"https:\/\/javiervarelactor.com\/?p=1391","og_site_name":"Javier Varela","article_publisher":"https:\/\/www.facebook.com\/pages\/Javier-Varela\/145894855509796?sk=info&amp%3bamp%3bamp%3bamp%3btab=page_info","article_published_time":"2019-01-22T16:34:58+00:00","article_modified_time":"2019-01-22T17:04:01+00:00","og_image":[{"width":720,"height":480,"url":"https:\/\/javiervarelactor.com\/wp-content\/uploads\/2019\/01\/eventovilal.jpg","type":"image\/jpeg"}],"author":"Javier Varela","twitter_misc":{"Escrito por":"Javier Varela","Tiempo de lectura":"1 minuto"},"schema":{"@context":"https:\/\/schema.org","@graph":[{"@type":"WebPage","@id":"https:\/\/javiervarelactor.com\/?p=1391","url":"https:\/\/javiervarelactor.com\/?p=1391","name":"Mon\u00f3logo personalizado para eventos","isPartOf":{"@id":"https:\/\/javiervarelactor.com\/#website"},"primaryImageOfPage":{"@id":"https:\/\/javiervarelactor.com\/?p=1391#primaryimage"},"image":{"@id":"https:\/\/javiervarelactor.com\/?p=1391#primaryimage"},"thumbnailUrl":"https:\/\/javiervarelactor.com\/wp-content\/uploads\/2019\/01\/eventovilal.jpg","datePublished":"2019-01-22T16:34:58+00:00","dateModified":"2019-01-22T17:04:01+00:00","author":{"@id":"https:\/\/javiervarelactor.com\/#\/schema\/person\/e3104f2f3cca87d9a07b40f5281c02ba"},"description":"Mon\u00f3logo personalizado para eventos: humor, canci\u00f3n personalizada, risa y ritmo para amenizar eventos. Javier Varela Monologuista","breadcrumb":{"@id":"https:\/\/javiervarelactor.com\/?p=1391#breadcrumb"},"inLanguage":"es","potentialAction":[{"@type":"ReadAction","target":["https:\/\/javiervarelactor.com\/?p=1391"]}]},{"@type":"ImageObject","inLanguage":"es","@id":"https:\/\/javiervarelactor.com\/?p=1391#primaryimage","url":"https:\/\/javiervarelactor.com\/wp-content\/uploads\/2019\/01\/eventovilal.jpg","contentUrl":"https:\/\/javiervarelactor.com\/wp-content\/uploads\/2019\/01\/eventovilal.jpg","width":720,"height":480,"caption":"presentador eventos lugo"},{"@type":"BreadcrumbList","@id":"https:\/\/javiervarelactor.com\/?p=1391#breadcrumb","itemListElement":[{"@type":"ListItem","position":1,"name":"Inicio","item":"https:\/\/javiervarelactor.com\/"},{"@type":"ListItem","position":2,"name":"Mon\u00f3logo personalizado para eventos"}]},{"@type":"WebSite","@id":"https:\/\/javiervarelactor.com\/#website","url":"https:\/\/javiervarelactor.com\/","name":"Javier Varela","description":"Actor y Presentador","potentialAction":[{"@type":"SearchAction","target":{"@type":"EntryPoint","urlTemplate":"https:\/\/javiervarelactor.com\/?s={search_term_string}"},"query-input":"required name=search_term_string"}],"inLanguage":"es"},{"@type":"Person","@id":"https:\/\/javiervarelactor.com\/#\/schema\/person\/e3104f2f3cca87d9a07b40f5281c02ba","name":"Javier Varela","image":{"@type":"ImageObject","inLanguage":"es","@id":"https:\/\/javiervarelactor.com\/#\/schema\/person\/image\/","url":"https:\/\/secure.gravatar.com\/avatar\/858edfdbe98ed682c9723085564a87b3?s=96&d=mm&r=g","contentUrl":"https:\/\/secure.gravatar.com\/avatar\/858edfdbe98ed682c9723085564a87b3?s=96&d=mm&r=g","caption":"Javier Varela"},"sameAs":["http:\/\/www.javiervarelactor.com"],"url":"https:\/\/javiervarelactor.com\/?author=1"}]}},"_links":{"self":[{"href":"https:\/\/javiervarelactor.com\/index.php?rest_route=\/wp\/v2\/posts\/1391"}],"collection":[{"href":"https:\/\/javiervarelactor.com\/index.php?rest_route=\/wp\/v2\/posts"}],"about":[{"href":"https:\/\/javiervarelactor.com\/index.php?rest_route=\/wp\/v2\/types\/post"}],"author":[{"embeddable":true,"href":"https:\/\/javiervarelactor.com\/index.php?rest_route=\/wp\/v2\/users\/1"}],"replies":[{"embeddable":true,"href":"https:\/\/javiervarelactor.com\/index.php?rest_route=%2Fwp%2Fv2%2Fcomments&post=1391"}],"version-history":[{"count":8,"href":"https:\/\/javiervarelactor.com\/index.php?rest_route=\/wp\/v2\/posts\/1391\/revisions"}],"predecessor-version":[{"id":1401,"href":"https:\/\/javiervarelactor.com\/index.php?rest_route=\/wp\/v2\/posts\/1391\/revisions\/1401"}],"wp:featuredmedia":[{"embeddable":true,"href":"https:\/\/javiervarelactor.com\/index.php?rest_route=\/wp\/v2\/media\/1392"}],"wp:attachment":[{"href":"https:\/\/javiervarelactor.com\/index.php?rest_route=%2Fwp%2Fv2%2Fmedia&parent=1391"}],"wp:term":[{"taxonomy":"category","embeddable":true,"href":"https:\/\/javiervarelactor.com\/index.php?rest_route=%2Fwp%2Fv2%2Fcategories&post=1391"},{"taxonomy":"post_tag","embeddable":true,"href":"https:\/\/javiervarelactor.com\/index.php?rest_route=%2Fwp%2Fv2%2Ftags&post=1391"}],"curies":[{"name":"wp","href":"https:\/\/api.w.org\/{rel}","templated":true}]}}