{"id":139,"date":"2014-09-08T15:20:00","date_gmt":"2014-09-08T15:20:00","guid":{"rendered":"http:\/\/cetras.org\/javiervarela\/?p=139"},"modified":"2015-09-22T14:31:45","modified_gmt":"2015-09-22T14:31:45","slug":"presentador-boda-civil","status":"publish","type":"post","link":"https:\/\/javiervarelactor.com\/?p=139","title":{"rendered":"Presentador Boda Civil"},"content":{"rendered":"<div style=\"text-align: center;\">Este fin de semana he tenido el placer de <b>oficiar una boda civil<\/b>, una ceremonia sencilla, personalizada y a gusto de los protagonistas, los novios.<\/div>\n<div>\n<table class=\"tr-caption-container\" style=\"height: 271px;\" width=\"196\" cellspacing=\"0\" cellpadding=\"0\" align=\"center\">\n<tbody>\n<tr>\n<td><a href=\"http:\/\/1.bp.blogspot.com\/-K8bPt5UDO18\/UvISob0qP8I\/AAAAAAAACaU\/juL52d0xOz8\/s1600\/boda+civil.jpg\"><img decoding=\"async\" class=\" alignleft\" src=\"http:\/\/1.bp.blogspot.com\/-K8bPt5UDO18\/UvISob0qP8I\/AAAAAAAACaU\/juL52d0xOz8\/s1600\/boda+civil.jpg\" alt=\"\" border=\"0\" \/><\/a><\/td>\n<\/tr>\n<tr>\n<td class=\"tr-caption\">Presentador bodas civiles<\/td>\n<\/tr>\n<\/tbody>\n<\/table>\n<p style=\"text-align: center;\">\u00bfBuscas a alguien para oficiar tu boda o ceremonia?<\/p>\n<\/div>\n<div style=\"text-align: center;\">(Teniendo en cuenta que es de car\u00e1cter simb\u00f3lico y que la validez legal no es posible en este tipo de actos, para ello tendr\u00e1s que ir al juzgado, juez de paz o autoridad competente)<\/div>\n<div class=\"separator\"><\/div>\n<table class=\"tr-caption-container\" cellspacing=\"0\" cellpadding=\"0\" align=\"center\">\n<tbody>\n<tr>\n<td><a href=\"http:\/\/1.bp.blogspot.com\/-h-IlMrsl7-4\/UvISqxXfhEI\/AAAAAAAACac\/LYnWZsuSzwQ\/s1600\/presentador+boda.jpg\"><img decoding=\"async\" src=\"http:\/\/1.bp.blogspot.com\/-h-IlMrsl7-4\/UvISqxXfhEI\/AAAAAAAACac\/LYnWZsuSzwQ\/s1600\/presentador+boda.jpg\" alt=\"\" border=\"0\" \/><\/a><\/td>\n<\/tr>\n<tr>\n<td class=\"tr-caption\">Personalizar boda<\/td>\n<\/tr>\n<\/tbody>\n<\/table>\n<p style=\"text-align: center;\">Ponte en <a href=\"mailto: info@javiervarelactor.com\" target=\"_blank\">contacto conmigo aqu\u00ed\u00a0<\/a>y me pondr\u00e9 a vuestra disposici\u00f3n para elaborar el gui\u00f3n de la ceremonia. Un d\u00eda especial merece un acto especial, pero sobretodo, a vuestro gusto.<\/p>\n<h4><\/h4>\n<h4>Muchas gracias a los novios A&amp;G por confiar en mi para un momento tan especial. Gracias a los invitados por sus palabras de felicitaci\u00f3n y agradecimiento. Ha sido para mi un verdadero placer oficiar esta boda, ha sido f\u00e1cil con vuestra confianza.Un sincero deseo de felicidad, tanta como las palabras que vuestros amigos, y yo mismo, compartimos en este d\u00eda tan entra\u00f1able.<\/h4>\n","protected":false},"excerpt":{"rendered":"<p>Presentador Boda Civil<\/p>\n","protected":false},"author":1,"featured_media":147,"comment_status":"closed","ping_status":"open","sticky":false,"template":"","format":"standard","meta":{"_monsterinsights_skip_tracking":false,"_monsterinsights_sitenote_active":false,"_monsterinsights_sitenote_note":"","_monsterinsights_sitenote_category":0,"footnotes":""},"categories":[3],"tags":[6,37,9],"yoast_head":"<!-- This site is optimized with the Yoast SEO plugin v22.7 - https:\/\/yoast.com\/wordpress\/plugins\/seo\/ -->\n<title>Presentador Boda Civil<\/title>\n<meta name=\"description\" content=\"Presentador Boda Civil con experiencia en hacer de tu d\u00eda un momento especial, personalizado y a tu estilo. Bodas, bienvenidas a la vida y lo que imagines.\" \/>\n<meta name=\"robots\" content=\"index, follow, max-snippet:-1, max-image-preview:large, max-video-preview:-1\" \/>\n<link rel=\"canonical\" href=\"https:\/\/javiervarelactor.com\/?p=139\" \/>\n<meta property=\"og:locale\" content=\"es_ES\" \/>\n<meta property=\"og:type\" content=\"article\" \/>\n<meta property=\"og:title\" content=\"Presentador Boda Civil\" \/>\n<meta property=\"og:description\" content=\"Presentador Boda Civil con experiencia en hacer de tu d\u00eda un momento especial, personalizado y a tu estilo. Bodas, bienvenidas a la vida y lo que imagines.\" \/>\n<meta property=\"og:url\" content=\"https:\/\/javiervarelactor.com\/?p=139\" \/>\n<meta property=\"og:site_name\" content=\"Javier Varela\" \/>\n<meta property=\"article:publisher\" content=\"https:\/\/www.facebook.com\/pages\/Javier-Varela\/145894855509796?sk=info&amp;amp%3bamp%3bamp%3bamp%3btab=page_info\" \/>\n<meta property=\"article:published_time\" content=\"2014-09-08T15:20:00+00:00\" \/>\n<meta property=\"article:modified_time\" content=\"2015-09-22T14:31:45+00:00\" \/>\n<meta property=\"og:image\" content=\"https:\/\/javiervarelactor.com\/wp-content\/uploads\/2014\/09\/boda-civil.jpg\" \/>\n\t<meta property=\"og:image:width\" content=\"194\" \/>\n\t<meta property=\"og:image:height\" content=\"260\" \/>\n\t<meta property=\"og:image:type\" content=\"image\/jpeg\" \/>\n<meta name=\"author\" content=\"Javier Varela\" \/>\n<meta name=\"twitter:label1\" content=\"Escrito por\" \/>\n\t<meta name=\"twitter:data1\" content=\"Javier Varela\" \/>\n\t<meta name=\"twitter:label2\" content=\"Tiempo de lectura\" \/>\n\t<meta name=\"twitter:data2\" content=\"1 minuto\" \/>\n<script type=\"application\/ld+json\" class=\"yoast-schema-graph\">{\"@context\":\"https:\/\/schema.org\",\"@graph\":[{\"@type\":\"WebPage\",\"@id\":\"https:\/\/javiervarelactor.com\/?p=139\",\"url\":\"https:\/\/javiervarelactor.com\/?p=139\",\"name\":\"Presentador Boda Civil\",\"isPartOf\":{\"@id\":\"https:\/\/javiervarelactor.com\/#website\"},\"primaryImageOfPage\":{\"@id\":\"https:\/\/javiervarelactor.com\/?p=139#primaryimage\"},\"image\":{\"@id\":\"https:\/\/javiervarelactor.com\/?p=139#primaryimage\"},\"thumbnailUrl\":\"https:\/\/javiervarelactor.com\/wp-content\/uploads\/2014\/09\/boda-civil.jpg\",\"datePublished\":\"2014-09-08T15:20:00+00:00\",\"dateModified\":\"2015-09-22T14:31:45+00:00\",\"author\":{\"@id\":\"https:\/\/javiervarelactor.com\/#\/schema\/person\/e3104f2f3cca87d9a07b40f5281c02ba\"},\"description\":\"Presentador Boda Civil con experiencia en hacer de tu d\u00eda un momento especial, personalizado y a tu estilo. Bodas, bienvenidas a la vida y lo que imagines.\",\"breadcrumb\":{\"@id\":\"https:\/\/javiervarelactor.com\/?p=139#breadcrumb\"},\"inLanguage\":\"es\",\"potentialAction\":[{\"@type\":\"ReadAction\",\"target\":[\"https:\/\/javiervarelactor.com\/?p=139\"]}]},{\"@type\":\"ImageObject\",\"inLanguage\":\"es\",\"@id\":\"https:\/\/javiervarelactor.com\/?p=139#primaryimage\",\"url\":\"https:\/\/javiervarelactor.com\/wp-content\/uploads\/2014\/09\/boda-civil.jpg\",\"contentUrl\":\"https:\/\/javiervarelactor.com\/wp-content\/uploads\/2014\/09\/boda-civil.jpg\",\"width\":194,\"height\":260},{\"@type\":\"BreadcrumbList\",\"@id\":\"https:\/\/javiervarelactor.com\/?p=139#breadcrumb\",\"itemListElement\":[{\"@type\":\"ListItem\",\"position\":1,\"name\":\"Inicio\",\"item\":\"https:\/\/javiervarelactor.com\/\"},{\"@type\":\"ListItem\",\"position\":2,\"name\":\"Presentador Boda Civil\"}]},{\"@type\":\"WebSite\",\"@id\":\"https:\/\/javiervarelactor.com\/#website\",\"url\":\"https:\/\/javiervarelactor.com\/\",\"name\":\"Javier Varela\",\"description\":\"Actor y Presentador\",\"potentialAction\":[{\"@type\":\"SearchAction\",\"target\":{\"@type\":\"EntryPoint\",\"urlTemplate\":\"https:\/\/javiervarelactor.com\/?s={search_term_string}\"},\"query-input\":\"required name=search_term_string\"}],\"inLanguage\":\"es\"},{\"@type\":\"Person\",\"@id\":\"https:\/\/javiervarelactor.com\/#\/schema\/person\/e3104f2f3cca87d9a07b40f5281c02ba\",\"name\":\"Javier Varela\",\"image\":{\"@type\":\"ImageObject\",\"inLanguage\":\"es\",\"@id\":\"https:\/\/javiervarelactor.com\/#\/schema\/person\/image\/\",\"url\":\"https:\/\/secure.gravatar.com\/avatar\/858edfdbe98ed682c9723085564a87b3?s=96&d=mm&r=g\",\"contentUrl\":\"https:\/\/secure.gravatar.com\/avatar\/858edfdbe98ed682c9723085564a87b3?s=96&d=mm&r=g\",\"caption\":\"Javier Varela\"},\"sameAs\":[\"http:\/\/www.javiervarelactor.com\"],\"url\":\"https:\/\/javiervarelactor.com\/?author=1\"}]}<\/script>\n<!-- \/ Yoast SEO plugin. -->","yoast_head_json":{"title":"Presentador Boda Civil","description":"Presentador Boda Civil con experiencia en hacer de tu d\u00eda un momento especial, personalizado y a tu estilo. Bodas, bienvenidas a la vida y lo que imagines.","robots":{"index":"index","follow":"follow","max-snippet":"max-snippet:-1","max-image-preview":"max-image-preview:large","max-video-preview":"max-video-preview:-1"},"canonical":"https:\/\/javiervarelactor.com\/?p=139","og_locale":"es_ES","og_type":"article","og_title":"Presentador Boda Civil","og_description":"Presentador Boda Civil con experiencia en hacer de tu d\u00eda un momento especial, personalizado y a tu estilo. Bodas, bienvenidas a la vida y lo que imagines.","og_url":"https:\/\/javiervarelactor.com\/?p=139","og_site_name":"Javier Varela","article_publisher":"https:\/\/www.facebook.com\/pages\/Javier-Varela\/145894855509796?sk=info&amp%3bamp%3bamp%3bamp%3btab=page_info","article_published_time":"2014-09-08T15:20:00+00:00","article_modified_time":"2015-09-22T14:31:45+00:00","og_image":[{"width":194,"height":260,"url":"https:\/\/javiervarelactor.com\/wp-content\/uploads\/2014\/09\/boda-civil.jpg","type":"image\/jpeg"}],"author":"Javier Varela","twitter_misc":{"Escrito por":"Javier Varela","Tiempo de lectura":"1 minuto"},"schema":{"@context":"https:\/\/schema.org","@graph":[{"@type":"WebPage","@id":"https:\/\/javiervarelactor.com\/?p=139","url":"https:\/\/javiervarelactor.com\/?p=139","name":"Presentador Boda Civil","isPartOf":{"@id":"https:\/\/javiervarelactor.com\/#website"},"primaryImageOfPage":{"@id":"https:\/\/javiervarelactor.com\/?p=139#primaryimage"},"image":{"@id":"https:\/\/javiervarelactor.com\/?p=139#primaryimage"},"thumbnailUrl":"https:\/\/javiervarelactor.com\/wp-content\/uploads\/2014\/09\/boda-civil.jpg","datePublished":"2014-09-08T15:20:00+00:00","dateModified":"2015-09-22T14:31:45+00:00","author":{"@id":"https:\/\/javiervarelactor.com\/#\/schema\/person\/e3104f2f3cca87d9a07b40f5281c02ba"},"description":"Presentador Boda Civil con experiencia en hacer de tu d\u00eda un momento especial, personalizado y a tu estilo. Bodas, bienvenidas a la vida y lo que imagines.","breadcrumb":{"@id":"https:\/\/javiervarelactor.com\/?p=139#breadcrumb"},"inLanguage":"es","potentialAction":[{"@type":"ReadAction","target":["https:\/\/javiervarelactor.com\/?p=139"]}]},{"@type":"ImageObject","inLanguage":"es","@id":"https:\/\/javiervarelactor.com\/?p=139#primaryimage","url":"https:\/\/javiervarelactor.com\/wp-content\/uploads\/2014\/09\/boda-civil.jpg","contentUrl":"https:\/\/javiervarelactor.com\/wp-content\/uploads\/2014\/09\/boda-civil.jpg","width":194,"height":260},{"@type":"BreadcrumbList","@id":"https:\/\/javiervarelactor.com\/?p=139#breadcrumb","itemListElement":[{"@type":"ListItem","position":1,"name":"Inicio","item":"https:\/\/javiervarelactor.com\/"},{"@type":"ListItem","position":2,"name":"Presentador Boda Civil"}]},{"@type":"WebSite","@id":"https:\/\/javiervarelactor.com\/#website","url":"https:\/\/javiervarelactor.com\/","name":"Javier Varela","description":"Actor y Presentador","potentialAction":[{"@type":"SearchAction","target":{"@type":"EntryPoint","urlTemplate":"https:\/\/javiervarelactor.com\/?s={search_term_string}"},"query-input":"required name=search_term_string"}],"inLanguage":"es"},{"@type":"Person","@id":"https:\/\/javiervarelactor.com\/#\/schema\/person\/e3104f2f3cca87d9a07b40f5281c02ba","name":"Javier Varela","image":{"@type":"ImageObject","inLanguage":"es","@id":"https:\/\/javiervarelactor.com\/#\/schema\/person\/image\/","url":"https:\/\/secure.gravatar.com\/avatar\/858edfdbe98ed682c9723085564a87b3?s=96&d=mm&r=g","contentUrl":"https:\/\/secure.gravatar.com\/avatar\/858edfdbe98ed682c9723085564a87b3?s=96&d=mm&r=g","caption":"Javier Varela"},"sameAs":["http:\/\/www.javiervarelactor.com"],"url":"https:\/\/javiervarelactor.com\/?author=1"}]}},"_links":{"self":[{"href":"https:\/\/javiervarelactor.com\/index.php?rest_route=\/wp\/v2\/posts\/139"}],"collection":[{"href":"https:\/\/javiervarelactor.com\/index.php?rest_route=\/wp\/v2\/posts"}],"about":[{"href":"https:\/\/javiervarelactor.com\/index.php?rest_route=\/wp\/v2\/types\/post"}],"author":[{"embeddable":true,"href":"https:\/\/javiervarelactor.com\/index.php?rest_route=\/wp\/v2\/users\/1"}],"replies":[{"embeddable":true,"href":"https:\/\/javiervarelactor.com\/index.php?rest_route=%2Fwp%2Fv2%2Fcomments&post=139"}],"version-history":[{"count":2,"href":"https:\/\/javiervarelactor.com\/index.php?rest_route=\/wp\/v2\/posts\/139\/revisions"}],"predecessor-version":[{"id":294,"href":"https:\/\/javiervarelactor.com\/index.php?rest_route=\/wp\/v2\/posts\/139\/revisions\/294"}],"wp:featuredmedia":[{"embeddable":true,"href":"https:\/\/javiervarelactor.com\/index.php?rest_route=\/wp\/v2\/media\/147"}],"wp:attachment":[{"href":"https:\/\/javiervarelactor.com\/index.php?rest_route=%2Fwp%2Fv2%2Fmedia&parent=139"}],"wp:term":[{"taxonomy":"category","embeddable":true,"href":"https:\/\/javiervarelactor.com\/index.php?rest_route=%2Fwp%2Fv2%2Fcategories&post=139"},{"taxonomy":"post_tag","embeddable":true,"href":"https:\/\/javiervarelactor.com\/index.php?rest_route=%2Fwp%2Fv2%2Ftags&post=139"}],"curies":[{"name":"wp","href":"https:\/\/api.w.org\/{rel}","templated":true}]}}