{"id":1377,"date":"2018-12-16T17:20:36","date_gmt":"2018-12-16T17:20:36","guid":{"rendered":"http:\/\/javiervarelactor.com\/?p=1377"},"modified":"2018-12-16T17:32:33","modified_gmt":"2018-12-16T17:32:33","slug":"monologo-personalizado-para-sensilis","status":"publish","type":"post","link":"https:\/\/javiervarelactor.com\/?p=1377","title":{"rendered":"Mon\u00f3logo personalizado para Sensilis"},"content":{"rendered":"<figure id=\"attachment_1378\" aria-describedby=\"caption-attachment-1378\" style=\"width: 300px\" class=\"wp-caption alignleft\"><a href=\"http:\/\/javiervarelactor.com\/wp-content\/uploads\/2018\/12\/MG_1339_RET_BASIC.jpg\"><img loading=\"lazy\" decoding=\"async\" class=\"wp-image-1378 size-medium\" src=\"http:\/\/javiervarelactor.com\/wp-content\/uploads\/2018\/12\/MG_1339_RET_BASIC-300x200.jpg\" alt=\"Mon\u00f3logo personalizado Javier Varela\" width=\"300\" height=\"200\" srcset=\"https:\/\/javiervarelactor.com\/wp-content\/uploads\/2018\/12\/MG_1339_RET_BASIC-300x200.jpg 300w, https:\/\/javiervarelactor.com\/wp-content\/uploads\/2018\/12\/MG_1339_RET_BASIC-1024x683.jpg 1024w\" sizes=\"(max-width: 300px) 100vw, 300px\" \/><\/a><figcaption id=\"caption-attachment-1378\" class=\"wp-caption-text\">Foto de <a href=\"http:\/\/suerainbow.es\/\" target=\"_blank\">Sue Rainbow Photo<\/a><\/figcaption><\/figure>\n<p><em><span style=\"color: #000000;\">Mon\u00f3logo personalizado para Sensilis. <\/span><\/em><\/p>\n<p><span style=\"color: #000000;\">En plena temporada de fiestas navide\u00f1as, la prestigiosa firma <span style=\"color: #000080;\"><a style=\"color: #000080;\" href=\"https:\/\/www.sensilis.com\/\" target=\"_blank\">Sensilis<\/a> <\/span>ha confiado en mi como monologuista para amenizar su evento #<em>soymujersensilis<\/em> celebrada el pasado 13 de diciembre. El lugar elegido fue la maravillosa<span style=\"color: #000080;\"><a style=\"color: #000080;\" href=\"https:\/\/www.aquintadaauga.com\/es\" target=\"_blank\"> finca A Quinta da Auga<\/a> <span style=\"color: #000000;\">, un espacio precioso a muy pocos kil\u00f3metros de Santiago de Compostela.<\/span><\/span><\/span><\/p>\n<p><span style=\"color: #000000;\">Sensilis puso en mis manos la amenizaci\u00f3n del evento #soymujersensilis y me pidi\u00f3 <strong>personalizar un mon\u00f3logo<\/strong> para la ocasi\u00f3n. Risa, belleza, salud y muy buen humor, la creaci\u00f3n result\u00f3 un \u00e9xito entre las asistentes, quedaron encantadas con la propuesta y yo, como presentador, monologuista y guionista, no pude quedar m\u00e1s contento y satisfecho del trabajo realizado.<\/span><\/p>\n<p><span style=\"color: #000000;\">De este modo y con equipos como el de <em>Sensilis<\/em> es un placer ponerse manos a la obra, encender la mecha de creaci\u00f3n y ponerse en carretera para hacer del evento un momento especial y \u00fanico. <\/span><\/p>\n<p><span style=\"color: #000000;\">Muchas gracias a todo el equipo por, en primer lugar, confiar en mi, en mis propuestas, y adem\u00e1s por hacer del d\u00eda del evento un momento agradable y c\u00f3modo. <strong>Los eventos de navidad<\/strong> y la <strong>personalizaci\u00f3n de mon\u00f3logos<\/strong> son una labor dura, intensa pero, como en este caso, una enorme satisfaci\u00f3n profesional.<\/span><\/p>\n<p style=\"text-align: center;\">\n<p> <iframe loading=\"lazy\" width=\"560\" height=\"315\" src=\"https:\/\/www.youtube.com\/embed\/dP4Dgz6DUf4\" frameborder=\"0\" allow=\"accelerometer; autoplay; encrypted-media; gyroscope; picture-in-picture\" allowfullscreen><\/iframe><\/p>\n<p style=\"text-align: center;\"><span style=\"color: #000000;\"><em>\u00bfQuieres personalizar el evento de empresa?\u00bfnecesitas un presentador de eventos?\u00bfte gustar\u00eda crear un mon\u00f3logo personalizado? \u00a1Cu\u00e9nta conmigo! Mon\u00f3logo personalizado <a href=\"http:\/\/javiervarelactor.com\/wp-content\/uploads\/2018\/12\/IMG_0412.TRIM_.mov\">mon\u00f3logo personalizado eventos <\/a>con Javier Varela<\/em><\/span><\/p>\n","protected":false},"excerpt":{"rendered":"<p>Humor en el evento de Sensilis con Javier Varela. Mon\u00f3logo personalizado para eventos.<\/p>\n","protected":false},"author":1,"featured_media":1378,"comment_status":"closed","ping_status":"open","sticky":false,"template":"","format":"standard","meta":{"_monsterinsights_skip_tracking":false,"_monsterinsights_sitenote_active":false,"_monsterinsights_sitenote_note":"","_monsterinsights_sitenote_category":0,"footnotes":""},"categories":[2,78],"tags":[56,86,39],"yoast_head":"<!-- This site is optimized with the Yoast SEO plugin v22.7 - https:\/\/yoast.com\/wordpress\/plugins\/seo\/ -->\n<title>Mon\u00f3logo personalizado para Sensilis con Javier Varela<\/title>\n<meta name=\"description\" content=\"Mon\u00f3logo personalizado para Sensilis con Javier Varela. Mon\u00f3logo personalizado para eventos de empresa y fiestas de Navidad. Personaliza tu evento con un mon\u00f3logo.\" \/>\n<meta name=\"robots\" content=\"index, follow, max-snippet:-1, max-image-preview:large, max-video-preview:-1\" \/>\n<link rel=\"canonical\" href=\"https:\/\/javiervarelactor.com\/?p=1377\" \/>\n<meta property=\"og:locale\" content=\"es_ES\" \/>\n<meta property=\"og:type\" content=\"article\" \/>\n<meta property=\"og:title\" content=\"Mon\u00f3logo personalizado para Sensilis con Javier Varela\" \/>\n<meta property=\"og:description\" content=\"Mon\u00f3logo personalizado para Sensilis con Javier Varela. Mon\u00f3logo personalizado para eventos de empresa y fiestas de Navidad. Personaliza tu evento con un mon\u00f3logo.\" \/>\n<meta property=\"og:url\" content=\"https:\/\/javiervarelactor.com\/?p=1377\" \/>\n<meta property=\"og:site_name\" content=\"Javier Varela\" \/>\n<meta property=\"article:publisher\" content=\"https:\/\/www.facebook.com\/pages\/Javier-Varela\/145894855509796?sk=info&amp;amp%3bamp%3bamp%3bamp%3btab=page_info\" \/>\n<meta property=\"article:published_time\" content=\"2018-12-16T17:20:36+00:00\" \/>\n<meta property=\"article:modified_time\" content=\"2018-12-16T17:32:33+00:00\" \/>\n<meta property=\"og:image\" content=\"https:\/\/javiervarelactor.com\/wp-content\/uploads\/2018\/12\/MG_1339_RET_BASIC.jpg\" \/>\n\t<meta property=\"og:image:width\" content=\"5616\" \/>\n\t<meta property=\"og:image:height\" content=\"3744\" \/>\n\t<meta property=\"og:image:type\" content=\"image\/jpeg\" \/>\n<meta name=\"author\" content=\"Javier Varela\" \/>\n<meta name=\"twitter:label1\" content=\"Escrito por\" \/>\n\t<meta name=\"twitter:data1\" content=\"Javier Varela\" \/>\n\t<meta name=\"twitter:label2\" content=\"Tiempo de lectura\" \/>\n\t<meta name=\"twitter:data2\" content=\"1 minuto\" \/>\n<script type=\"application\/ld+json\" class=\"yoast-schema-graph\">{\"@context\":\"https:\/\/schema.org\",\"@graph\":[{\"@type\":\"WebPage\",\"@id\":\"https:\/\/javiervarelactor.com\/?p=1377\",\"url\":\"https:\/\/javiervarelactor.com\/?p=1377\",\"name\":\"Mon\u00f3logo personalizado para Sensilis con Javier Varela\",\"isPartOf\":{\"@id\":\"https:\/\/javiervarelactor.com\/#website\"},\"primaryImageOfPage\":{\"@id\":\"https:\/\/javiervarelactor.com\/?p=1377#primaryimage\"},\"image\":{\"@id\":\"https:\/\/javiervarelactor.com\/?p=1377#primaryimage\"},\"thumbnailUrl\":\"https:\/\/javiervarelactor.com\/wp-content\/uploads\/2018\/12\/MG_1339_RET_BASIC.jpg\",\"datePublished\":\"2018-12-16T17:20:36+00:00\",\"dateModified\":\"2018-12-16T17:32:33+00:00\",\"author\":{\"@id\":\"https:\/\/javiervarelactor.com\/#\/schema\/person\/e3104f2f3cca87d9a07b40f5281c02ba\"},\"description\":\"Mon\u00f3logo personalizado para Sensilis con Javier Varela. Mon\u00f3logo personalizado para eventos de empresa y fiestas de Navidad. Personaliza tu evento con un mon\u00f3logo.\",\"breadcrumb\":{\"@id\":\"https:\/\/javiervarelactor.com\/?p=1377#breadcrumb\"},\"inLanguage\":\"es\",\"potentialAction\":[{\"@type\":\"ReadAction\",\"target\":[\"https:\/\/javiervarelactor.com\/?p=1377\"]}]},{\"@type\":\"ImageObject\",\"inLanguage\":\"es\",\"@id\":\"https:\/\/javiervarelactor.com\/?p=1377#primaryimage\",\"url\":\"https:\/\/javiervarelactor.com\/wp-content\/uploads\/2018\/12\/MG_1339_RET_BASIC.jpg\",\"contentUrl\":\"https:\/\/javiervarelactor.com\/wp-content\/uploads\/2018\/12\/MG_1339_RET_BASIC.jpg\",\"width\":5616,\"height\":3744,\"caption\":\"Mon\u00f3logo personalizado Javier Varela\"},{\"@type\":\"BreadcrumbList\",\"@id\":\"https:\/\/javiervarelactor.com\/?p=1377#breadcrumb\",\"itemListElement\":[{\"@type\":\"ListItem\",\"position\":1,\"name\":\"Inicio\",\"item\":\"https:\/\/javiervarelactor.com\/\"},{\"@type\":\"ListItem\",\"position\":2,\"name\":\"Mon\u00f3logo personalizado para Sensilis\"}]},{\"@type\":\"WebSite\",\"@id\":\"https:\/\/javiervarelactor.com\/#website\",\"url\":\"https:\/\/javiervarelactor.com\/\",\"name\":\"Javier Varela\",\"description\":\"Actor y Presentador\",\"potentialAction\":[{\"@type\":\"SearchAction\",\"target\":{\"@type\":\"EntryPoint\",\"urlTemplate\":\"https:\/\/javiervarelactor.com\/?s={search_term_string}\"},\"query-input\":\"required name=search_term_string\"}],\"inLanguage\":\"es\"},{\"@type\":\"Person\",\"@id\":\"https:\/\/javiervarelactor.com\/#\/schema\/person\/e3104f2f3cca87d9a07b40f5281c02ba\",\"name\":\"Javier Varela\",\"image\":{\"@type\":\"ImageObject\",\"inLanguage\":\"es\",\"@id\":\"https:\/\/javiervarelactor.com\/#\/schema\/person\/image\/\",\"url\":\"https:\/\/secure.gravatar.com\/avatar\/858edfdbe98ed682c9723085564a87b3?s=96&d=mm&r=g\",\"contentUrl\":\"https:\/\/secure.gravatar.com\/avatar\/858edfdbe98ed682c9723085564a87b3?s=96&d=mm&r=g\",\"caption\":\"Javier Varela\"},\"sameAs\":[\"http:\/\/www.javiervarelactor.com\"],\"url\":\"https:\/\/javiervarelactor.com\/?author=1\"}]}<\/script>\n<!-- \/ Yoast SEO plugin. -->","yoast_head_json":{"title":"Mon\u00f3logo personalizado para Sensilis con Javier Varela","description":"Mon\u00f3logo personalizado para Sensilis con Javier Varela. Mon\u00f3logo personalizado para eventos de empresa y fiestas de Navidad. Personaliza tu evento con un mon\u00f3logo.","robots":{"index":"index","follow":"follow","max-snippet":"max-snippet:-1","max-image-preview":"max-image-preview:large","max-video-preview":"max-video-preview:-1"},"canonical":"https:\/\/javiervarelactor.com\/?p=1377","og_locale":"es_ES","og_type":"article","og_title":"Mon\u00f3logo personalizado para Sensilis con Javier Varela","og_description":"Mon\u00f3logo personalizado para Sensilis con Javier Varela. Mon\u00f3logo personalizado para eventos de empresa y fiestas de Navidad. Personaliza tu evento con un mon\u00f3logo.","og_url":"https:\/\/javiervarelactor.com\/?p=1377","og_site_name":"Javier Varela","article_publisher":"https:\/\/www.facebook.com\/pages\/Javier-Varela\/145894855509796?sk=info&amp%3bamp%3bamp%3bamp%3btab=page_info","article_published_time":"2018-12-16T17:20:36+00:00","article_modified_time":"2018-12-16T17:32:33+00:00","og_image":[{"width":5616,"height":3744,"url":"https:\/\/javiervarelactor.com\/wp-content\/uploads\/2018\/12\/MG_1339_RET_BASIC.jpg","type":"image\/jpeg"}],"author":"Javier Varela","twitter_misc":{"Escrito por":"Javier Varela","Tiempo de lectura":"1 minuto"},"schema":{"@context":"https:\/\/schema.org","@graph":[{"@type":"WebPage","@id":"https:\/\/javiervarelactor.com\/?p=1377","url":"https:\/\/javiervarelactor.com\/?p=1377","name":"Mon\u00f3logo personalizado para Sensilis con Javier Varela","isPartOf":{"@id":"https:\/\/javiervarelactor.com\/#website"},"primaryImageOfPage":{"@id":"https:\/\/javiervarelactor.com\/?p=1377#primaryimage"},"image":{"@id":"https:\/\/javiervarelactor.com\/?p=1377#primaryimage"},"thumbnailUrl":"https:\/\/javiervarelactor.com\/wp-content\/uploads\/2018\/12\/MG_1339_RET_BASIC.jpg","datePublished":"2018-12-16T17:20:36+00:00","dateModified":"2018-12-16T17:32:33+00:00","author":{"@id":"https:\/\/javiervarelactor.com\/#\/schema\/person\/e3104f2f3cca87d9a07b40f5281c02ba"},"description":"Mon\u00f3logo personalizado para Sensilis con Javier Varela. Mon\u00f3logo personalizado para eventos de empresa y fiestas de Navidad. Personaliza tu evento con un mon\u00f3logo.","breadcrumb":{"@id":"https:\/\/javiervarelactor.com\/?p=1377#breadcrumb"},"inLanguage":"es","potentialAction":[{"@type":"ReadAction","target":["https:\/\/javiervarelactor.com\/?p=1377"]}]},{"@type":"ImageObject","inLanguage":"es","@id":"https:\/\/javiervarelactor.com\/?p=1377#primaryimage","url":"https:\/\/javiervarelactor.com\/wp-content\/uploads\/2018\/12\/MG_1339_RET_BASIC.jpg","contentUrl":"https:\/\/javiervarelactor.com\/wp-content\/uploads\/2018\/12\/MG_1339_RET_BASIC.jpg","width":5616,"height":3744,"caption":"Mon\u00f3logo personalizado Javier Varela"},{"@type":"BreadcrumbList","@id":"https:\/\/javiervarelactor.com\/?p=1377#breadcrumb","itemListElement":[{"@type":"ListItem","position":1,"name":"Inicio","item":"https:\/\/javiervarelactor.com\/"},{"@type":"ListItem","position":2,"name":"Mon\u00f3logo personalizado para Sensilis"}]},{"@type":"WebSite","@id":"https:\/\/javiervarelactor.com\/#website","url":"https:\/\/javiervarelactor.com\/","name":"Javier Varela","description":"Actor y Presentador","potentialAction":[{"@type":"SearchAction","target":{"@type":"EntryPoint","urlTemplate":"https:\/\/javiervarelactor.com\/?s={search_term_string}"},"query-input":"required name=search_term_string"}],"inLanguage":"es"},{"@type":"Person","@id":"https:\/\/javiervarelactor.com\/#\/schema\/person\/e3104f2f3cca87d9a07b40f5281c02ba","name":"Javier Varela","image":{"@type":"ImageObject","inLanguage":"es","@id":"https:\/\/javiervarelactor.com\/#\/schema\/person\/image\/","url":"https:\/\/secure.gravatar.com\/avatar\/858edfdbe98ed682c9723085564a87b3?s=96&d=mm&r=g","contentUrl":"https:\/\/secure.gravatar.com\/avatar\/858edfdbe98ed682c9723085564a87b3?s=96&d=mm&r=g","caption":"Javier Varela"},"sameAs":["http:\/\/www.javiervarelactor.com"],"url":"https:\/\/javiervarelactor.com\/?author=1"}]}},"_links":{"self":[{"href":"https:\/\/javiervarelactor.com\/index.php?rest_route=\/wp\/v2\/posts\/1377"}],"collection":[{"href":"https:\/\/javiervarelactor.com\/index.php?rest_route=\/wp\/v2\/posts"}],"about":[{"href":"https:\/\/javiervarelactor.com\/index.php?rest_route=\/wp\/v2\/types\/post"}],"author":[{"embeddable":true,"href":"https:\/\/javiervarelactor.com\/index.php?rest_route=\/wp\/v2\/users\/1"}],"replies":[{"embeddable":true,"href":"https:\/\/javiervarelactor.com\/index.php?rest_route=%2Fwp%2Fv2%2Fcomments&post=1377"}],"version-history":[{"count":4,"href":"https:\/\/javiervarelactor.com\/index.php?rest_route=\/wp\/v2\/posts\/1377\/revisions"}],"predecessor-version":[{"id":1383,"href":"https:\/\/javiervarelactor.com\/index.php?rest_route=\/wp\/v2\/posts\/1377\/revisions\/1383"}],"wp:featuredmedia":[{"embeddable":true,"href":"https:\/\/javiervarelactor.com\/index.php?rest_route=\/wp\/v2\/media\/1378"}],"wp:attachment":[{"href":"https:\/\/javiervarelactor.com\/index.php?rest_route=%2Fwp%2Fv2%2Fmedia&parent=1377"}],"wp:term":[{"taxonomy":"category","embeddable":true,"href":"https:\/\/javiervarelactor.com\/index.php?rest_route=%2Fwp%2Fv2%2Fcategories&post=1377"},{"taxonomy":"post_tag","embeddable":true,"href":"https:\/\/javiervarelactor.com\/index.php?rest_route=%2Fwp%2Fv2%2Ftags&post=1377"}],"curies":[{"name":"wp","href":"https:\/\/api.w.org\/{rel}","templated":true}]}}