{"id":1357,"date":"2018-11-15T11:00:17","date_gmt":"2018-11-15T11:00:17","guid":{"rendered":"http:\/\/javiervarelactor.com\/?p=1357"},"modified":"2018-11-13T17:56:33","modified_gmt":"2018-11-13T17:56:33","slug":"nueva-temporada-de-gana-a-tua-sorte-en-tvg-con-javier-varela","status":"publish","type":"post","link":"https:\/\/javiervarelactor.com\/?p=1357","title":{"rendered":"Nueva temporada de \u00abGa\u00f1a a tua Sorte\u00bb en TVG con Javier Varela."},"content":{"rendered":"<p style=\"text-align: center;\"><span style=\"color: #000000;\"><strong><a href=\"http:\/\/javiervarelactor.com\/wp-content\/uploads\/2018\/11\/javier-varela-tvg.jpg\"><img loading=\"lazy\" decoding=\"async\" class=\"size-medium wp-image-1364 alignleft\" src=\"http:\/\/javiervarelactor.com\/wp-content\/uploads\/2018\/11\/javier-varela-tvg-300x179.jpg\" alt=\"javier varela tvg\" width=\"300\" height=\"179\" srcset=\"https:\/\/javiervarelactor.com\/wp-content\/uploads\/2018\/11\/javier-varela-tvg-300x179.jpg 300w, https:\/\/javiervarelactor.com\/wp-content\/uploads\/2018\/11\/javier-varela-tvg.jpg 780w\" sizes=\"(max-width: 300px) 100vw, 300px\" \/><\/a><\/strong><\/span><span style=\"color: #000000;\"><strong>Nueva temporada de \u00abGa\u00f1a a tua Sorte\u00bb en TVG con Javier Varela<\/strong><\/span><\/p>\n<p><span style=\"color: #000000;\">El actor y presentador Javier Varela que dio vida al personaje de \u201c<em>Ald\u00e1n<\/em>\u201d en la exitosa serie \u201c<a href=\"http:\/\/javiervarelactor.com\/index.php\/tag\/farina\/\" target=\"_blank\">Fari\u00f1a<\/a>\u201d conduce la nueva temporada del concurso \u201c<a href=\"http:\/\/javiervarelactor.com\/index.php\/tag\/gana-a-tua-sorte\/\" target=\"_blank\">Ga\u00f1a a t\u00faa Sorte<\/a>\u201d en las ma\u00f1anas de Televisi\u00f3n de Galicia.<\/span><\/p>\n<p><span style=\"color: #000000;\">Javier Varela presenta la segunda temporada de este exitoso concurso que cuenta cada ma\u00f1ana con unas audiencias muy favorables. El actor y presentador comenz\u00f3 la primera temporada de \u201c<a href=\"http:\/\/javiervarelactor.com\/index.php\/tag\/gana-a-tua-sorte\/\" target=\"_blank\">Ga\u00f1a a t\u00faa sorte<\/a>\u201d al mismo tiempo que compatibilizaba el rodaje de su personaje <em>Ald\u00e1n<\/em> en la exitosa serie \u201c<a href=\"http:\/\/javiervarelactor.com\/index.php\/tag\/farina\/\" target=\"_blank\">Fari\u00f1a<\/a>\u201d que contin\u00faa cosechando premios y \u00e9xitos. Siguen siendo miles los espectadores que se han enganchado a la serie gracias a su emisi\u00f3n en la plataforma Netflix.<\/span><\/p>\n<p><span style=\"color: #000000;\">El actor presentador conduce \u201c<strong>Ga\u00f1a a t\u00faa sorte<\/strong>\u201d en un renovado plat\u00f3, de innovadora iluminaci\u00f3n y efectos especiales en la nueva temporada emitida en Televisi\u00f3n de Galicia. Cada ma\u00f1ana de lunes a viernes a las 12.00h, Javier Varela conduce este divertido concurso donde una pareja de concursantes se enfrenta a un panel de preguntas de cultura general. La mec\u00e1nica sencilla y, al mismo tiempo intrigante, da la posibilidad a los concursantes de ganar hasta 1500\u20ac cada d\u00eda. Pero si no son capaces de responder correctamente a las preguntas, pueden llevarse a casa un saco de grelos o a la divertida mascota \u201c<em>Don Cachelo<\/em>\u201d como premio.<\/span><\/p>\n<p><span style=\"color: #000000;\">El formato presenta en la cadena auton\u00f3mica un espacio amable, para todos los p\u00fablicos y con un contenido divertido a la vez que formativo. Las preguntas del panel de \u201cGa\u00f1a a tua sorte\u201d dan la posibilidad de jugar desde casa a toda la familia. El horario de emisi\u00f3n es de 12.00 a 12.30h, una media hora de diversi\u00f3n y entretenimiento conducido por el presentador y actor Javier Varela que pone en juego su registro m\u00e1s amable e improvisador despu\u00e9s de haber interpretado al oscuro y enigm\u00e1tico <em>Ald\u00e1n<\/em> en \u201c<a href=\"http:\/\/javiervarelactor.com\/index.php\/tag\/farina\/\" target=\"_blank\">Fari\u00f1a<\/a>\u201d. Puedes ver a Javier Varela cada ma\u00f1ana en \u201c<a href=\"http:\/\/javiervarelactor.com\/index.php\/tag\/gana-a-tua-sorte\/\" target=\"_blank\">Ga\u00f1a a tua sorte<\/a>\u201d de lunes a viernes en TVG.<\/span><\/p>\n<p style=\"text-align: center;\"><strong>Nueva temporada de \u201cGa\u00f1a a t\u00faa Sorte\u201d en las ma\u00f1anas de TVG con Javier Varela.<\/strong><\/p>\n<p>&nbsp;<\/p>\n<p>&nbsp;<\/p>\n","protected":false},"excerpt":{"rendered":"<p>Nueva temporada de \u00abGa\u00f1a a tua Sorte\u00bb en TVG con Javier Varela El actor y presentador Javier Varela que dio vida al personaje de \u201cAld\u00e1n\u201d en la exitosa serie \u201cFari\u00f1a\u201d conduce la nueva temporada del concurso \u201cGa\u00f1a a t\u00faa Sorte\u201d en las ma\u00f1anas de Televisi\u00f3n de Galicia. Javier Varela presenta la segunda temporada de este <a class=\"read-more\" href=\"https:\/\/javiervarelactor.com\/?p=1357\">Leer m\u00e1s<\/a><\/p>\n","protected":false},"author":1,"featured_media":1364,"comment_status":"closed","ping_status":"open","sticky":false,"template":"","format":"standard","meta":{"_monsterinsights_skip_tracking":false,"_monsterinsights_sitenote_active":false,"_monsterinsights_sitenote_note":"","_monsterinsights_sitenote_category":0,"footnotes":""},"categories":[22,58],"tags":[59],"yoast_head":"<!-- This site is optimized with the Yoast SEO plugin v22.7 - https:\/\/yoast.com\/wordpress\/plugins\/seo\/ -->\n<title>Nueva temporada de &quot;Ga\u00f1a a tua Sorte&quot; en TVG con Javier Varela<\/title>\n<meta name=\"description\" content=\"Nueva temporada de &quot;Ga\u00f1a a tua Sorte&quot; en TVG con Javier Varela, concurso diario para todos los p\u00fablicos, cada ma\u00f1ana a las 12h.\" \/>\n<meta name=\"robots\" content=\"index, follow, max-snippet:-1, max-image-preview:large, max-video-preview:-1\" \/>\n<link rel=\"canonical\" href=\"https:\/\/javiervarelactor.com\/?p=1357\" \/>\n<meta property=\"og:locale\" content=\"es_ES\" \/>\n<meta property=\"og:type\" content=\"article\" \/>\n<meta property=\"og:title\" content=\"Nueva temporada de &quot;Ga\u00f1a a tua Sorte&quot; en TVG con Javier Varela\" \/>\n<meta property=\"og:description\" content=\"Nueva temporada de &quot;Ga\u00f1a a tua Sorte&quot; en TVG con Javier Varela, concurso diario para todos los p\u00fablicos, cada ma\u00f1ana a las 12h.\" \/>\n<meta property=\"og:url\" content=\"https:\/\/javiervarelactor.com\/?p=1357\" \/>\n<meta property=\"og:site_name\" content=\"Javier Varela\" \/>\n<meta property=\"article:publisher\" content=\"https:\/\/www.facebook.com\/pages\/Javier-Varela\/145894855509796?sk=info&amp;amp%3bamp%3bamp%3bamp%3btab=page_info\" \/>\n<meta property=\"article:published_time\" content=\"2018-11-15T11:00:17+00:00\" \/>\n<meta property=\"article:modified_time\" content=\"2018-11-13T17:56:33+00:00\" \/>\n<meta property=\"og:image\" content=\"https:\/\/javiervarelactor.com\/wp-content\/uploads\/2018\/11\/javier-varela-tvg.jpg\" \/>\n\t<meta property=\"og:image:width\" content=\"780\" \/>\n\t<meta property=\"og:image:height\" content=\"466\" \/>\n\t<meta property=\"og:image:type\" content=\"image\/jpeg\" \/>\n<meta name=\"author\" content=\"Javier Varela\" \/>\n<meta name=\"twitter:label1\" content=\"Escrito por\" \/>\n\t<meta name=\"twitter:data1\" content=\"Javier Varela\" \/>\n\t<meta name=\"twitter:label2\" content=\"Tiempo de lectura\" \/>\n\t<meta name=\"twitter:data2\" content=\"2 minutos\" \/>\n<script type=\"application\/ld+json\" class=\"yoast-schema-graph\">{\"@context\":\"https:\/\/schema.org\",\"@graph\":[{\"@type\":\"WebPage\",\"@id\":\"https:\/\/javiervarelactor.com\/?p=1357\",\"url\":\"https:\/\/javiervarelactor.com\/?p=1357\",\"name\":\"Nueva temporada de \\\"Ga\u00f1a a tua Sorte\\\" en TVG con Javier Varela\",\"isPartOf\":{\"@id\":\"https:\/\/javiervarelactor.com\/#website\"},\"primaryImageOfPage\":{\"@id\":\"https:\/\/javiervarelactor.com\/?p=1357#primaryimage\"},\"image\":{\"@id\":\"https:\/\/javiervarelactor.com\/?p=1357#primaryimage\"},\"thumbnailUrl\":\"https:\/\/javiervarelactor.com\/wp-content\/uploads\/2018\/11\/javier-varela-tvg.jpg\",\"datePublished\":\"2018-11-15T11:00:17+00:00\",\"dateModified\":\"2018-11-13T17:56:33+00:00\",\"author\":{\"@id\":\"https:\/\/javiervarelactor.com\/#\/schema\/person\/e3104f2f3cca87d9a07b40f5281c02ba\"},\"description\":\"Nueva temporada de \\\"Ga\u00f1a a tua Sorte\\\" en TVG con Javier Varela, concurso diario para todos los p\u00fablicos, cada ma\u00f1ana a las 12h.\",\"breadcrumb\":{\"@id\":\"https:\/\/javiervarelactor.com\/?p=1357#breadcrumb\"},\"inLanguage\":\"es\",\"potentialAction\":[{\"@type\":\"ReadAction\",\"target\":[\"https:\/\/javiervarelactor.com\/?p=1357\"]}]},{\"@type\":\"ImageObject\",\"inLanguage\":\"es\",\"@id\":\"https:\/\/javiervarelactor.com\/?p=1357#primaryimage\",\"url\":\"https:\/\/javiervarelactor.com\/wp-content\/uploads\/2018\/11\/javier-varela-tvg.jpg\",\"contentUrl\":\"https:\/\/javiervarelactor.com\/wp-content\/uploads\/2018\/11\/javier-varela-tvg.jpg\",\"width\":780,\"height\":466,\"caption\":\"javier varela tvg\"},{\"@type\":\"BreadcrumbList\",\"@id\":\"https:\/\/javiervarelactor.com\/?p=1357#breadcrumb\",\"itemListElement\":[{\"@type\":\"ListItem\",\"position\":1,\"name\":\"Inicio\",\"item\":\"https:\/\/javiervarelactor.com\/\"},{\"@type\":\"ListItem\",\"position\":2,\"name\":\"Nueva temporada de \u00abGa\u00f1a a tua Sorte\u00bb en TVG con Javier Varela.\"}]},{\"@type\":\"WebSite\",\"@id\":\"https:\/\/javiervarelactor.com\/#website\",\"url\":\"https:\/\/javiervarelactor.com\/\",\"name\":\"Javier Varela\",\"description\":\"Actor y Presentador\",\"potentialAction\":[{\"@type\":\"SearchAction\",\"target\":{\"@type\":\"EntryPoint\",\"urlTemplate\":\"https:\/\/javiervarelactor.com\/?s={search_term_string}\"},\"query-input\":\"required name=search_term_string\"}],\"inLanguage\":\"es\"},{\"@type\":\"Person\",\"@id\":\"https:\/\/javiervarelactor.com\/#\/schema\/person\/e3104f2f3cca87d9a07b40f5281c02ba\",\"name\":\"Javier Varela\",\"image\":{\"@type\":\"ImageObject\",\"inLanguage\":\"es\",\"@id\":\"https:\/\/javiervarelactor.com\/#\/schema\/person\/image\/\",\"url\":\"https:\/\/secure.gravatar.com\/avatar\/858edfdbe98ed682c9723085564a87b3?s=96&d=mm&r=g\",\"contentUrl\":\"https:\/\/secure.gravatar.com\/avatar\/858edfdbe98ed682c9723085564a87b3?s=96&d=mm&r=g\",\"caption\":\"Javier Varela\"},\"sameAs\":[\"http:\/\/www.javiervarelactor.com\"],\"url\":\"https:\/\/javiervarelactor.com\/?author=1\"}]}<\/script>\n<!-- \/ Yoast SEO plugin. -->","yoast_head_json":{"title":"Nueva temporada de \"Ga\u00f1a a tua Sorte\" en TVG con Javier Varela","description":"Nueva temporada de \"Ga\u00f1a a tua Sorte\" en TVG con Javier Varela, concurso diario para todos los p\u00fablicos, cada ma\u00f1ana a las 12h.","robots":{"index":"index","follow":"follow","max-snippet":"max-snippet:-1","max-image-preview":"max-image-preview:large","max-video-preview":"max-video-preview:-1"},"canonical":"https:\/\/javiervarelactor.com\/?p=1357","og_locale":"es_ES","og_type":"article","og_title":"Nueva temporada de \"Ga\u00f1a a tua Sorte\" en TVG con Javier Varela","og_description":"Nueva temporada de \"Ga\u00f1a a tua Sorte\" en TVG con Javier Varela, concurso diario para todos los p\u00fablicos, cada ma\u00f1ana a las 12h.","og_url":"https:\/\/javiervarelactor.com\/?p=1357","og_site_name":"Javier Varela","article_publisher":"https:\/\/www.facebook.com\/pages\/Javier-Varela\/145894855509796?sk=info&amp%3bamp%3bamp%3bamp%3btab=page_info","article_published_time":"2018-11-15T11:00:17+00:00","article_modified_time":"2018-11-13T17:56:33+00:00","og_image":[{"width":780,"height":466,"url":"https:\/\/javiervarelactor.com\/wp-content\/uploads\/2018\/11\/javier-varela-tvg.jpg","type":"image\/jpeg"}],"author":"Javier Varela","twitter_misc":{"Escrito por":"Javier Varela","Tiempo de lectura":"2 minutos"},"schema":{"@context":"https:\/\/schema.org","@graph":[{"@type":"WebPage","@id":"https:\/\/javiervarelactor.com\/?p=1357","url":"https:\/\/javiervarelactor.com\/?p=1357","name":"Nueva temporada de \"Ga\u00f1a a tua Sorte\" en TVG con Javier Varela","isPartOf":{"@id":"https:\/\/javiervarelactor.com\/#website"},"primaryImageOfPage":{"@id":"https:\/\/javiervarelactor.com\/?p=1357#primaryimage"},"image":{"@id":"https:\/\/javiervarelactor.com\/?p=1357#primaryimage"},"thumbnailUrl":"https:\/\/javiervarelactor.com\/wp-content\/uploads\/2018\/11\/javier-varela-tvg.jpg","datePublished":"2018-11-15T11:00:17+00:00","dateModified":"2018-11-13T17:56:33+00:00","author":{"@id":"https:\/\/javiervarelactor.com\/#\/schema\/person\/e3104f2f3cca87d9a07b40f5281c02ba"},"description":"Nueva temporada de \"Ga\u00f1a a tua Sorte\" en TVG con Javier Varela, concurso diario para todos los p\u00fablicos, cada ma\u00f1ana a las 12h.","breadcrumb":{"@id":"https:\/\/javiervarelactor.com\/?p=1357#breadcrumb"},"inLanguage":"es","potentialAction":[{"@type":"ReadAction","target":["https:\/\/javiervarelactor.com\/?p=1357"]}]},{"@type":"ImageObject","inLanguage":"es","@id":"https:\/\/javiervarelactor.com\/?p=1357#primaryimage","url":"https:\/\/javiervarelactor.com\/wp-content\/uploads\/2018\/11\/javier-varela-tvg.jpg","contentUrl":"https:\/\/javiervarelactor.com\/wp-content\/uploads\/2018\/11\/javier-varela-tvg.jpg","width":780,"height":466,"caption":"javier varela tvg"},{"@type":"BreadcrumbList","@id":"https:\/\/javiervarelactor.com\/?p=1357#breadcrumb","itemListElement":[{"@type":"ListItem","position":1,"name":"Inicio","item":"https:\/\/javiervarelactor.com\/"},{"@type":"ListItem","position":2,"name":"Nueva temporada de \u00abGa\u00f1a a tua Sorte\u00bb en TVG con Javier Varela."}]},{"@type":"WebSite","@id":"https:\/\/javiervarelactor.com\/#website","url":"https:\/\/javiervarelactor.com\/","name":"Javier Varela","description":"Actor y Presentador","potentialAction":[{"@type":"SearchAction","target":{"@type":"EntryPoint","urlTemplate":"https:\/\/javiervarelactor.com\/?s={search_term_string}"},"query-input":"required name=search_term_string"}],"inLanguage":"es"},{"@type":"Person","@id":"https:\/\/javiervarelactor.com\/#\/schema\/person\/e3104f2f3cca87d9a07b40f5281c02ba","name":"Javier Varela","image":{"@type":"ImageObject","inLanguage":"es","@id":"https:\/\/javiervarelactor.com\/#\/schema\/person\/image\/","url":"https:\/\/secure.gravatar.com\/avatar\/858edfdbe98ed682c9723085564a87b3?s=96&d=mm&r=g","contentUrl":"https:\/\/secure.gravatar.com\/avatar\/858edfdbe98ed682c9723085564a87b3?s=96&d=mm&r=g","caption":"Javier Varela"},"sameAs":["http:\/\/www.javiervarelactor.com"],"url":"https:\/\/javiervarelactor.com\/?author=1"}]}},"_links":{"self":[{"href":"https:\/\/javiervarelactor.com\/index.php?rest_route=\/wp\/v2\/posts\/1357"}],"collection":[{"href":"https:\/\/javiervarelactor.com\/index.php?rest_route=\/wp\/v2\/posts"}],"about":[{"href":"https:\/\/javiervarelactor.com\/index.php?rest_route=\/wp\/v2\/types\/post"}],"author":[{"embeddable":true,"href":"https:\/\/javiervarelactor.com\/index.php?rest_route=\/wp\/v2\/users\/1"}],"replies":[{"embeddable":true,"href":"https:\/\/javiervarelactor.com\/index.php?rest_route=%2Fwp%2Fv2%2Fcomments&post=1357"}],"version-history":[{"count":5,"href":"https:\/\/javiervarelactor.com\/index.php?rest_route=\/wp\/v2\/posts\/1357\/revisions"}],"predecessor-version":[{"id":1374,"href":"https:\/\/javiervarelactor.com\/index.php?rest_route=\/wp\/v2\/posts\/1357\/revisions\/1374"}],"wp:featuredmedia":[{"embeddable":true,"href":"https:\/\/javiervarelactor.com\/index.php?rest_route=\/wp\/v2\/media\/1364"}],"wp:attachment":[{"href":"https:\/\/javiervarelactor.com\/index.php?rest_route=%2Fwp%2Fv2%2Fmedia&parent=1357"}],"wp:term":[{"taxonomy":"category","embeddable":true,"href":"https:\/\/javiervarelactor.com\/index.php?rest_route=%2Fwp%2Fv2%2Fcategories&post=1357"},{"taxonomy":"post_tag","embeddable":true,"href":"https:\/\/javiervarelactor.com\/index.php?rest_route=%2Fwp%2Fv2%2Ftags&post=1357"}],"curies":[{"name":"wp","href":"https:\/\/api.w.org\/{rel}","templated":true}]}}