{"id":1338,"date":"2018-10-23T10:58:29","date_gmt":"2018-10-23T10:58:29","guid":{"rendered":"http:\/\/javiervarelactor.com\/?p=1338"},"modified":"2018-11-11T11:20:24","modified_gmt":"2018-11-11T11:20:24","slug":"javier-varela-presenta-gana-a-tua-sorte-de-lunes-a-viernes-en-tvg","status":"publish","type":"post","link":"https:\/\/javiervarelactor.com\/?p=1338","title":{"rendered":"Javier Varela presenta \u00abGa\u00f1a a tua sorte\u00bb de lunes a viernes en TVG"},"content":{"rendered":"<p><a href=\"http:\/\/javiervarelactor.com\/wp-content\/uploads\/2018\/10\/presentador-ga\u00f1a-a-tua-sorte.jpg\"><img loading=\"lazy\" decoding=\"async\" class=\"size-medium wp-image-1361 alignleft\" src=\"http:\/\/javiervarelactor.com\/wp-content\/uploads\/2018\/10\/presentador-ga\u00f1a-a-tua-sorte-300x254.jpg\" alt=\"presentador ga\u00f1a a tua sorte\" width=\"300\" height=\"254\" srcset=\"https:\/\/javiervarelactor.com\/wp-content\/uploads\/2018\/10\/presentador-ga\u00f1a-a-tua-sorte-300x254.jpg 300w, https:\/\/javiervarelactor.com\/wp-content\/uploads\/2018\/10\/presentador-ga\u00f1a-a-tua-sorte.jpg 891w\" sizes=\"(max-width: 300px) 100vw, 300px\" \/><\/a><span style=\"color: #000000;\">Ya en emisi\u00f3n nuevos programas de la primera temporada del divertido programa \u00ab<strong>Ga\u00f1a a t\u00faa sorte<\/strong>\u00bb en Televisi\u00f3n de Galicia. Javier Varela presenta \u00abGa\u00f1a a tua sorte\u00bb de lunes a viernes en TVG, a las 12:00 podemos disfrutar de las preguntas que el ingenioso equipo plantea a los concursantes.<\/span><\/p>\n<p><span style=\"color: #000000;\">El panel de premios se pone en juego cada d\u00eda, a las 12:00 y yo como presentador tengo el enorme placer de disfrutar con este trabajo. Es un placer compartir plat\u00f3 con cada pareja de concursantes; son divertidos, siempre dispuestos a participar y muy atrevidos. As\u00ed es un lujo trabajar.<\/span><\/p>\n<p><span style=\"color: #000000;\">Si quer\u00e9is descubrir la respuesta a las ingeniosas preguntas que el equipo de gui\u00f3n ha preparado, adivinar la reacci\u00f3n de los concursantes y apostar cu\u00e1l ser\u00e1 el premio final, no te pierdas cada d\u00eda de<strong> lunes a viernes a las 12:00 en Televisi\u00f3n de Galicia una nueva edici\u00f3n de \u00abGa\u00f1a a tua sorte\u00bb<\/strong>.<\/span><\/p>\n<p><span style=\"color: #000000;\">y si no puedes verlo en ese momento, pues aprovecha que podemos <a style=\"color: #000000;\" href=\"http:\/\/www.crtvg.es\/tvg\/programas\/gana-a-tua-sorte\" target=\"_blank\">verlo online<\/a> a la hora y en el momento que elijamos. <span style=\"color: #0000ff;\"><strong><a style=\"color: #0000ff;\" href=\"http:\/\/www.crtvg.es\/tvg\/programas\/gana-a-tua-sorte\" target=\"_blank\">Ver \u00abGa\u00f1a a T\u00faa sorte\u00bb online<\/a><\/strong><\/span><\/span><\/p>\n","protected":false},"excerpt":{"rendered":"<p>Ya en emisi\u00f3n nuevos programas de la primera temporada del divertido programa \u00abGa\u00f1a a t\u00faa sorte\u00bb en Televisi\u00f3n de Galicia. Javier Varela presenta \u00abGa\u00f1a a tua sorte\u00bb de lunes a viernes en TVG, a las 12:00 podemos disfrutar de las preguntas que el ingenioso equipo plantea a los concursantes. El panel de premios se pone <a class=\"read-more\" href=\"https:\/\/javiervarelactor.com\/?p=1338\">Leer m\u00e1s<\/a><\/p>\n","protected":false},"author":1,"featured_media":1361,"comment_status":"closed","ping_status":"open","sticky":false,"template":"","format":"standard","meta":{"_monsterinsights_skip_tracking":false,"_monsterinsights_sitenote_active":false,"_monsterinsights_sitenote_note":"","_monsterinsights_sitenote_category":0,"footnotes":""},"categories":[22,58],"tags":[59],"yoast_head":"<!-- This site is optimized with the Yoast SEO plugin v22.7 - https:\/\/yoast.com\/wordpress\/plugins\/seo\/ -->\n<title>Javier Varela presenta &quot;Ga\u00f1a a tua sorte&quot; de lunes a viernes en TVG<\/title>\n<meta name=\"description\" content=\"Ya en emisi\u00f3n nuevos programas de la primera temporada del divertido programa &quot;Ga\u00f1a a t\u00faa sorte&quot; en Televisi\u00f3n de Galicia.\" \/>\n<meta name=\"robots\" content=\"index, follow, max-snippet:-1, max-image-preview:large, max-video-preview:-1\" \/>\n<link rel=\"canonical\" href=\"https:\/\/javiervarelactor.com\/?p=1338\" \/>\n<meta property=\"og:locale\" content=\"es_ES\" \/>\n<meta property=\"og:type\" content=\"article\" \/>\n<meta property=\"og:title\" content=\"Javier Varela presenta &quot;Ga\u00f1a a tua sorte&quot; de lunes a viernes en TVG\" \/>\n<meta property=\"og:description\" content=\"Ya en emisi\u00f3n nuevos programas de la primera temporada del divertido programa &quot;Ga\u00f1a a t\u00faa sorte&quot; en Televisi\u00f3n de Galicia.\" \/>\n<meta property=\"og:url\" content=\"https:\/\/javiervarelactor.com\/?p=1338\" \/>\n<meta property=\"og:site_name\" content=\"Javier Varela\" \/>\n<meta property=\"article:publisher\" content=\"https:\/\/www.facebook.com\/pages\/Javier-Varela\/145894855509796?sk=info&amp;amp%3bamp%3bamp%3bamp%3btab=page_info\" \/>\n<meta property=\"article:published_time\" content=\"2018-10-23T10:58:29+00:00\" \/>\n<meta property=\"article:modified_time\" content=\"2018-11-11T11:20:24+00:00\" \/>\n<meta property=\"og:image\" content=\"https:\/\/javiervarelactor.com\/wp-content\/uploads\/2018\/10\/presentador-ga\u00f1a-a-tua-sorte.jpg\" \/>\n\t<meta property=\"og:image:width\" content=\"891\" \/>\n\t<meta property=\"og:image:height\" content=\"754\" \/>\n\t<meta property=\"og:image:type\" content=\"image\/jpeg\" \/>\n<meta name=\"author\" content=\"Javier Varela\" \/>\n<meta name=\"twitter:label1\" content=\"Escrito por\" \/>\n\t<meta name=\"twitter:data1\" content=\"Javier Varela\" \/>\n\t<meta name=\"twitter:label2\" content=\"Tiempo de lectura\" \/>\n\t<meta name=\"twitter:data2\" content=\"1 minuto\" \/>\n<script type=\"application\/ld+json\" class=\"yoast-schema-graph\">{\"@context\":\"https:\/\/schema.org\",\"@graph\":[{\"@type\":\"WebPage\",\"@id\":\"https:\/\/javiervarelactor.com\/?p=1338\",\"url\":\"https:\/\/javiervarelactor.com\/?p=1338\",\"name\":\"Javier Varela presenta \\\"Ga\u00f1a a tua sorte\\\" de lunes a viernes en TVG\",\"isPartOf\":{\"@id\":\"https:\/\/javiervarelactor.com\/#website\"},\"primaryImageOfPage\":{\"@id\":\"https:\/\/javiervarelactor.com\/?p=1338#primaryimage\"},\"image\":{\"@id\":\"https:\/\/javiervarelactor.com\/?p=1338#primaryimage\"},\"thumbnailUrl\":\"https:\/\/javiervarelactor.com\/wp-content\/uploads\/2018\/10\/presentador-ga\u00f1a-a-tua-sorte.jpg\",\"datePublished\":\"2018-10-23T10:58:29+00:00\",\"dateModified\":\"2018-11-11T11:20:24+00:00\",\"author\":{\"@id\":\"https:\/\/javiervarelactor.com\/#\/schema\/person\/e3104f2f3cca87d9a07b40f5281c02ba\"},\"description\":\"Ya en emisi\u00f3n nuevos programas de la primera temporada del divertido programa \\\"Ga\u00f1a a t\u00faa sorte\\\" en Televisi\u00f3n de Galicia.\",\"breadcrumb\":{\"@id\":\"https:\/\/javiervarelactor.com\/?p=1338#breadcrumb\"},\"inLanguage\":\"es\",\"potentialAction\":[{\"@type\":\"ReadAction\",\"target\":[\"https:\/\/javiervarelactor.com\/?p=1338\"]}]},{\"@type\":\"ImageObject\",\"inLanguage\":\"es\",\"@id\":\"https:\/\/javiervarelactor.com\/?p=1338#primaryimage\",\"url\":\"https:\/\/javiervarelactor.com\/wp-content\/uploads\/2018\/10\/presentador-ga\u00f1a-a-tua-sorte.jpg\",\"contentUrl\":\"https:\/\/javiervarelactor.com\/wp-content\/uploads\/2018\/10\/presentador-ga\u00f1a-a-tua-sorte.jpg\",\"width\":891,\"height\":754,\"caption\":\"presentador ga\u00f1a a tua sorte\"},{\"@type\":\"BreadcrumbList\",\"@id\":\"https:\/\/javiervarelactor.com\/?p=1338#breadcrumb\",\"itemListElement\":[{\"@type\":\"ListItem\",\"position\":1,\"name\":\"Inicio\",\"item\":\"https:\/\/javiervarelactor.com\/\"},{\"@type\":\"ListItem\",\"position\":2,\"name\":\"Javier Varela presenta \u00abGa\u00f1a a tua sorte\u00bb de lunes a viernes en TVG\"}]},{\"@type\":\"WebSite\",\"@id\":\"https:\/\/javiervarelactor.com\/#website\",\"url\":\"https:\/\/javiervarelactor.com\/\",\"name\":\"Javier Varela\",\"description\":\"Actor y Presentador\",\"potentialAction\":[{\"@type\":\"SearchAction\",\"target\":{\"@type\":\"EntryPoint\",\"urlTemplate\":\"https:\/\/javiervarelactor.com\/?s={search_term_string}\"},\"query-input\":\"required name=search_term_string\"}],\"inLanguage\":\"es\"},{\"@type\":\"Person\",\"@id\":\"https:\/\/javiervarelactor.com\/#\/schema\/person\/e3104f2f3cca87d9a07b40f5281c02ba\",\"name\":\"Javier Varela\",\"image\":{\"@type\":\"ImageObject\",\"inLanguage\":\"es\",\"@id\":\"https:\/\/javiervarelactor.com\/#\/schema\/person\/image\/\",\"url\":\"https:\/\/secure.gravatar.com\/avatar\/858edfdbe98ed682c9723085564a87b3?s=96&d=mm&r=g\",\"contentUrl\":\"https:\/\/secure.gravatar.com\/avatar\/858edfdbe98ed682c9723085564a87b3?s=96&d=mm&r=g\",\"caption\":\"Javier Varela\"},\"sameAs\":[\"http:\/\/www.javiervarelactor.com\"],\"url\":\"https:\/\/javiervarelactor.com\/?author=1\"}]}<\/script>\n<!-- \/ Yoast SEO plugin. -->","yoast_head_json":{"title":"Javier Varela presenta \"Ga\u00f1a a tua sorte\" de lunes a viernes en TVG","description":"Ya en emisi\u00f3n nuevos programas de la primera temporada del divertido programa \"Ga\u00f1a a t\u00faa sorte\" en Televisi\u00f3n de Galicia.","robots":{"index":"index","follow":"follow","max-snippet":"max-snippet:-1","max-image-preview":"max-image-preview:large","max-video-preview":"max-video-preview:-1"},"canonical":"https:\/\/javiervarelactor.com\/?p=1338","og_locale":"es_ES","og_type":"article","og_title":"Javier Varela presenta \"Ga\u00f1a a tua sorte\" de lunes a viernes en TVG","og_description":"Ya en emisi\u00f3n nuevos programas de la primera temporada del divertido programa \"Ga\u00f1a a t\u00faa sorte\" en Televisi\u00f3n de Galicia.","og_url":"https:\/\/javiervarelactor.com\/?p=1338","og_site_name":"Javier Varela","article_publisher":"https:\/\/www.facebook.com\/pages\/Javier-Varela\/145894855509796?sk=info&amp%3bamp%3bamp%3bamp%3btab=page_info","article_published_time":"2018-10-23T10:58:29+00:00","article_modified_time":"2018-11-11T11:20:24+00:00","og_image":[{"width":891,"height":754,"url":"https:\/\/javiervarelactor.com\/wp-content\/uploads\/2018\/10\/presentador-ga\u00f1a-a-tua-sorte.jpg","type":"image\/jpeg"}],"author":"Javier Varela","twitter_misc":{"Escrito por":"Javier Varela","Tiempo de lectura":"1 minuto"},"schema":{"@context":"https:\/\/schema.org","@graph":[{"@type":"WebPage","@id":"https:\/\/javiervarelactor.com\/?p=1338","url":"https:\/\/javiervarelactor.com\/?p=1338","name":"Javier Varela presenta \"Ga\u00f1a a tua sorte\" de lunes a viernes en TVG","isPartOf":{"@id":"https:\/\/javiervarelactor.com\/#website"},"primaryImageOfPage":{"@id":"https:\/\/javiervarelactor.com\/?p=1338#primaryimage"},"image":{"@id":"https:\/\/javiervarelactor.com\/?p=1338#primaryimage"},"thumbnailUrl":"https:\/\/javiervarelactor.com\/wp-content\/uploads\/2018\/10\/presentador-ga\u00f1a-a-tua-sorte.jpg","datePublished":"2018-10-23T10:58:29+00:00","dateModified":"2018-11-11T11:20:24+00:00","author":{"@id":"https:\/\/javiervarelactor.com\/#\/schema\/person\/e3104f2f3cca87d9a07b40f5281c02ba"},"description":"Ya en emisi\u00f3n nuevos programas de la primera temporada del divertido programa \"Ga\u00f1a a t\u00faa sorte\" en Televisi\u00f3n de Galicia.","breadcrumb":{"@id":"https:\/\/javiervarelactor.com\/?p=1338#breadcrumb"},"inLanguage":"es","potentialAction":[{"@type":"ReadAction","target":["https:\/\/javiervarelactor.com\/?p=1338"]}]},{"@type":"ImageObject","inLanguage":"es","@id":"https:\/\/javiervarelactor.com\/?p=1338#primaryimage","url":"https:\/\/javiervarelactor.com\/wp-content\/uploads\/2018\/10\/presentador-ga\u00f1a-a-tua-sorte.jpg","contentUrl":"https:\/\/javiervarelactor.com\/wp-content\/uploads\/2018\/10\/presentador-ga\u00f1a-a-tua-sorte.jpg","width":891,"height":754,"caption":"presentador ga\u00f1a a tua sorte"},{"@type":"BreadcrumbList","@id":"https:\/\/javiervarelactor.com\/?p=1338#breadcrumb","itemListElement":[{"@type":"ListItem","position":1,"name":"Inicio","item":"https:\/\/javiervarelactor.com\/"},{"@type":"ListItem","position":2,"name":"Javier Varela presenta \u00abGa\u00f1a a tua sorte\u00bb de lunes a viernes en TVG"}]},{"@type":"WebSite","@id":"https:\/\/javiervarelactor.com\/#website","url":"https:\/\/javiervarelactor.com\/","name":"Javier Varela","description":"Actor y Presentador","potentialAction":[{"@type":"SearchAction","target":{"@type":"EntryPoint","urlTemplate":"https:\/\/javiervarelactor.com\/?s={search_term_string}"},"query-input":"required name=search_term_string"}],"inLanguage":"es"},{"@type":"Person","@id":"https:\/\/javiervarelactor.com\/#\/schema\/person\/e3104f2f3cca87d9a07b40f5281c02ba","name":"Javier Varela","image":{"@type":"ImageObject","inLanguage":"es","@id":"https:\/\/javiervarelactor.com\/#\/schema\/person\/image\/","url":"https:\/\/secure.gravatar.com\/avatar\/858edfdbe98ed682c9723085564a87b3?s=96&d=mm&r=g","contentUrl":"https:\/\/secure.gravatar.com\/avatar\/858edfdbe98ed682c9723085564a87b3?s=96&d=mm&r=g","caption":"Javier Varela"},"sameAs":["http:\/\/www.javiervarelactor.com"],"url":"https:\/\/javiervarelactor.com\/?author=1"}]}},"_links":{"self":[{"href":"https:\/\/javiervarelactor.com\/index.php?rest_route=\/wp\/v2\/posts\/1338"}],"collection":[{"href":"https:\/\/javiervarelactor.com\/index.php?rest_route=\/wp\/v2\/posts"}],"about":[{"href":"https:\/\/javiervarelactor.com\/index.php?rest_route=\/wp\/v2\/types\/post"}],"author":[{"embeddable":true,"href":"https:\/\/javiervarelactor.com\/index.php?rest_route=\/wp\/v2\/users\/1"}],"replies":[{"embeddable":true,"href":"https:\/\/javiervarelactor.com\/index.php?rest_route=%2Fwp%2Fv2%2Fcomments&post=1338"}],"version-history":[{"count":6,"href":"https:\/\/javiervarelactor.com\/index.php?rest_route=\/wp\/v2\/posts\/1338\/revisions"}],"predecessor-version":[{"id":1366,"href":"https:\/\/javiervarelactor.com\/index.php?rest_route=\/wp\/v2\/posts\/1338\/revisions\/1366"}],"wp:featuredmedia":[{"embeddable":true,"href":"https:\/\/javiervarelactor.com\/index.php?rest_route=\/wp\/v2\/media\/1361"}],"wp:attachment":[{"href":"https:\/\/javiervarelactor.com\/index.php?rest_route=%2Fwp%2Fv2%2Fmedia&parent=1338"}],"wp:term":[{"taxonomy":"category","embeddable":true,"href":"https:\/\/javiervarelactor.com\/index.php?rest_route=%2Fwp%2Fv2%2Fcategories&post=1338"},{"taxonomy":"post_tag","embeddable":true,"href":"https:\/\/javiervarelactor.com\/index.php?rest_route=%2Fwp%2Fv2%2Ftags&post=1338"}],"curies":[{"name":"wp","href":"https:\/\/api.w.org\/{rel}","templated":true}]}}