{"id":1325,"date":"2018-09-27T09:02:39","date_gmt":"2018-09-27T09:02:39","guid":{"rendered":"http:\/\/javiervarelactor.com\/?p=1325"},"modified":"2018-12-16T17:23:12","modified_gmt":"2018-12-16T17:23:12","slug":"monologo-saudame-sempre-en-arteixo-javier-varela","status":"publish","type":"post","link":"https:\/\/javiervarelactor.com\/?p=1325","title":{"rendered":"Mon\u00f3logo \u00abSa\u00fadame Sempre\u00bb en Arteixo &#8211; Javier Varela"},"content":{"rendered":"<p><span style=\"color: #000000;\"><a href=\"http:\/\/javiervarelactor.com\/wp-content\/uploads\/2018\/09\/SA\u00daDAME-SEMPRE.jpg\"><img loading=\"lazy\" decoding=\"async\" class=\"size-medium wp-image-1329 alignleft\" src=\"http:\/\/javiervarelactor.com\/wp-content\/uploads\/2018\/09\/SA\u00daDAME-SEMPRE-212x300.jpg\" alt=\"SA\u00daDAME SEMPRE con Javier Varela\" width=\"212\" height=\"300\" srcset=\"https:\/\/javiervarelactor.com\/wp-content\/uploads\/2018\/09\/SA\u00daDAME-SEMPRE-212x300.jpg 212w, https:\/\/javiervarelactor.com\/wp-content\/uploads\/2018\/09\/SA\u00daDAME-SEMPRE-724x1024.jpg 724w, https:\/\/javiervarelactor.com\/wp-content\/uploads\/2018\/09\/SA\u00daDAME-SEMPRE.jpg 1587w\" sizes=\"(max-width: 212px) 100vw, 212px\" \/><\/a>El pr\u00f3ximo <strong>VIERNES 5 de OCTUBRE en el auditorio de ARTEIXO a las <em>20:45<\/em><\/strong> comenzamos la temporada con la gira de \u00abSa\u00fadame Sempre\u00bb mi espect\u00e1culo mon\u00f3logo de humor. <span style=\"color: #808080;\">Mon\u00f3logo \u00abSa\u00fadame Sempre\u00bb en Arteixo &#8211; Javier Varela<\/span><br \/>\n<\/span><\/p>\n<p><span style=\"color: #000000;\">La risa est\u00e1 asegurada. <em>En Galicia somos gente muy \u00abriqui\u00f1a\u00bb y siempre nos saludamos por la calle; este simple gesto puede cambiar tu mirada hacia los dem\u00e1s<\/em>&#8230; con esta premisa damos comienzo a un espect\u00e1culo divertido, simp\u00e1tico y para disfrutar de un muy buen rato.<\/span><\/p>\n<p><span style=\"color: #000000;\">\u00abSa\u00fadame Sempre\u00bb ya lleva recorridos kil\u00f3metros de risa por toda Galicia con excelentes resultados para el humor del p\u00fablico. En esta ocasi\u00f3n, en el auditorio de Arteixo el 5 de Octubre, vuelvo a la carga con novedades en el texto, m\u00e1s risas, m\u00e1s asuntos cotidianos, m\u00e1s humor.<\/span><\/p>\n<p><em>Tengo grabado a fuego en mi cabeza que hace cierto tiempo tuve un d\u00eda malo, muy malo, mal\u00ediiiisimo, y no me apeteci\u00f3 saludar a nadie: las consecuencias fueron terribles, irreversibles. En los telediarios y prensa se empez\u00f3 a hablar de temas tan desconocidos por entonces como el cambio clim\u00e1tico, la crisis, la falta de trabajo, las revueltas sociales, gente que engordaba,\u00a0matrimonios que romp\u00edan, proliferaron las hemorroides, los turistas empezaron a quemarse en Sanxenxo\u2026<\/em><\/p>\n<p><span style=\"color: #000000;\">Es un placer poder seguir cont\u00e1ndote c\u00f3mo sigue la historia en mi espect\u00e1culo, en Galicia. Es motivador y emocionante poder llevar parte de mi trabajo m\u00e1s \u00edntimo y personal en clave de risas a los rincones de mi tierra es siempre una maravilla.<\/span><\/p>\n<p><span style=\"color: #000000;\">Asi que ya sabes, el pr\u00f3ximo <strong>viernes 5 de octubre<\/strong> \u00bfc\u00f3mo quieres empezar el nuevo curso? si la respuesta es bien, an\u00edmate y nos vemos en <strong>Arteixo a las 20:45<\/strong> con mi mon\u00f3logo \u00ab<strong>Sa\u00fadame Sempre<\/strong>\u00ab.<\/span><\/p>\n<p>&nbsp;<\/p>\n","protected":false},"excerpt":{"rendered":"<p>Mon\u00f3logo \u00abSa\u00fadame Sempre\u00bb en Arteixo &#8211; Javier Varela. <\/p>\n","protected":false},"author":1,"featured_media":1329,"comment_status":"closed","ping_status":"open","sticky":false,"template":"","format":"standard","meta":{"_monsterinsights_skip_tracking":false,"_monsterinsights_sitenote_active":false,"_monsterinsights_sitenote_note":"","_monsterinsights_sitenote_category":0,"footnotes":""},"categories":[41,2],"tags":[40,72],"yoast_head":"<!-- This site is optimized with the Yoast SEO plugin v22.7 - https:\/\/yoast.com\/wordpress\/plugins\/seo\/ -->\n<title>Mon\u00f3logo &quot;Sa\u00fadame Sempre&quot; en Arteixo - Javier Varela<\/title>\n<meta name=\"description\" content=\"Mon\u00f3logo &quot;Sa\u00fadame Sempre&quot; en Arteixo - Javier Varela. El pr\u00f3ximo VIERNES 5 de OCTUBRE en el auditorio de ARTEIXO a las 20:45. Mon\u00f3logo de humor.\" \/>\n<meta name=\"robots\" content=\"index, follow, max-snippet:-1, max-image-preview:large, max-video-preview:-1\" \/>\n<link rel=\"canonical\" href=\"https:\/\/javiervarelactor.com\/?p=1325\" \/>\n<meta property=\"og:locale\" content=\"es_ES\" \/>\n<meta property=\"og:type\" content=\"article\" \/>\n<meta property=\"og:title\" content=\"Mon\u00f3logo &quot;Sa\u00fadame Sempre&quot; en Arteixo - Javier Varela\" \/>\n<meta property=\"og:description\" content=\"Mon\u00f3logo &quot;Sa\u00fadame Sempre&quot; en Arteixo - Javier Varela. El pr\u00f3ximo VIERNES 5 de OCTUBRE en el auditorio de ARTEIXO a las 20:45. Mon\u00f3logo de humor.\" \/>\n<meta property=\"og:url\" content=\"https:\/\/javiervarelactor.com\/?p=1325\" \/>\n<meta property=\"og:site_name\" content=\"Javier Varela\" \/>\n<meta property=\"article:publisher\" content=\"https:\/\/www.facebook.com\/pages\/Javier-Varela\/145894855509796?sk=info&amp;amp%3bamp%3bamp%3bamp%3btab=page_info\" \/>\n<meta property=\"article:published_time\" content=\"2018-09-27T09:02:39+00:00\" \/>\n<meta property=\"article:modified_time\" content=\"2018-12-16T17:23:12+00:00\" \/>\n<meta property=\"og:image\" content=\"https:\/\/javiervarelactor.com\/wp-content\/uploads\/2018\/09\/SA\u00daDAME-SEMPRE-724x1024.jpg\" \/>\n\t<meta property=\"og:image:width\" content=\"724\" \/>\n\t<meta property=\"og:image:height\" content=\"1024\" \/>\n\t<meta property=\"og:image:type\" content=\"image\/jpeg\" \/>\n<meta name=\"author\" content=\"Javier Varela\" \/>\n<meta name=\"twitter:label1\" content=\"Escrito por\" \/>\n\t<meta name=\"twitter:data1\" content=\"Javier Varela\" \/>\n\t<meta name=\"twitter:label2\" content=\"Tiempo de lectura\" \/>\n\t<meta name=\"twitter:data2\" content=\"2 minutos\" \/>\n<script type=\"application\/ld+json\" class=\"yoast-schema-graph\">{\"@context\":\"https:\/\/schema.org\",\"@graph\":[{\"@type\":\"WebPage\",\"@id\":\"https:\/\/javiervarelactor.com\/?p=1325\",\"url\":\"https:\/\/javiervarelactor.com\/?p=1325\",\"name\":\"Mon\u00f3logo \\\"Sa\u00fadame Sempre\\\" en Arteixo - Javier Varela\",\"isPartOf\":{\"@id\":\"https:\/\/javiervarelactor.com\/#website\"},\"primaryImageOfPage\":{\"@id\":\"https:\/\/javiervarelactor.com\/?p=1325#primaryimage\"},\"image\":{\"@id\":\"https:\/\/javiervarelactor.com\/?p=1325#primaryimage\"},\"thumbnailUrl\":\"https:\/\/javiervarelactor.com\/wp-content\/uploads\/2018\/09\/SA\u00daDAME-SEMPRE.jpg\",\"datePublished\":\"2018-09-27T09:02:39+00:00\",\"dateModified\":\"2018-12-16T17:23:12+00:00\",\"author\":{\"@id\":\"https:\/\/javiervarelactor.com\/#\/schema\/person\/e3104f2f3cca87d9a07b40f5281c02ba\"},\"description\":\"Mon\u00f3logo \\\"Sa\u00fadame Sempre\\\" en Arteixo - Javier Varela. El pr\u00f3ximo VIERNES 5 de OCTUBRE en el auditorio de ARTEIXO a las 20:45. Mon\u00f3logo de humor.\",\"breadcrumb\":{\"@id\":\"https:\/\/javiervarelactor.com\/?p=1325#breadcrumb\"},\"inLanguage\":\"es\",\"potentialAction\":[{\"@type\":\"ReadAction\",\"target\":[\"https:\/\/javiervarelactor.com\/?p=1325\"]}]},{\"@type\":\"ImageObject\",\"inLanguage\":\"es\",\"@id\":\"https:\/\/javiervarelactor.com\/?p=1325#primaryimage\",\"url\":\"https:\/\/javiervarelactor.com\/wp-content\/uploads\/2018\/09\/SA\u00daDAME-SEMPRE.jpg\",\"contentUrl\":\"https:\/\/javiervarelactor.com\/wp-content\/uploads\/2018\/09\/SA\u00daDAME-SEMPRE.jpg\",\"width\":1587,\"height\":2245,\"caption\":\"SA\u00daDAME SEMPRE con Javier Varela\"},{\"@type\":\"BreadcrumbList\",\"@id\":\"https:\/\/javiervarelactor.com\/?p=1325#breadcrumb\",\"itemListElement\":[{\"@type\":\"ListItem\",\"position\":1,\"name\":\"Inicio\",\"item\":\"https:\/\/javiervarelactor.com\/\"},{\"@type\":\"ListItem\",\"position\":2,\"name\":\"Mon\u00f3logo \u00abSa\u00fadame Sempre\u00bb en Arteixo &#8211; Javier Varela\"}]},{\"@type\":\"WebSite\",\"@id\":\"https:\/\/javiervarelactor.com\/#website\",\"url\":\"https:\/\/javiervarelactor.com\/\",\"name\":\"Javier Varela\",\"description\":\"Actor y Presentador\",\"potentialAction\":[{\"@type\":\"SearchAction\",\"target\":{\"@type\":\"EntryPoint\",\"urlTemplate\":\"https:\/\/javiervarelactor.com\/?s={search_term_string}\"},\"query-input\":\"required name=search_term_string\"}],\"inLanguage\":\"es\"},{\"@type\":\"Person\",\"@id\":\"https:\/\/javiervarelactor.com\/#\/schema\/person\/e3104f2f3cca87d9a07b40f5281c02ba\",\"name\":\"Javier Varela\",\"image\":{\"@type\":\"ImageObject\",\"inLanguage\":\"es\",\"@id\":\"https:\/\/javiervarelactor.com\/#\/schema\/person\/image\/\",\"url\":\"https:\/\/secure.gravatar.com\/avatar\/858edfdbe98ed682c9723085564a87b3?s=96&d=mm&r=g\",\"contentUrl\":\"https:\/\/secure.gravatar.com\/avatar\/858edfdbe98ed682c9723085564a87b3?s=96&d=mm&r=g\",\"caption\":\"Javier Varela\"},\"sameAs\":[\"http:\/\/www.javiervarelactor.com\"],\"url\":\"https:\/\/javiervarelactor.com\/?author=1\"}]}<\/script>\n<!-- \/ Yoast SEO plugin. -->","yoast_head_json":{"title":"Mon\u00f3logo \"Sa\u00fadame Sempre\" en Arteixo - Javier Varela","description":"Mon\u00f3logo \"Sa\u00fadame Sempre\" en Arteixo - Javier Varela. El pr\u00f3ximo VIERNES 5 de OCTUBRE en el auditorio de ARTEIXO a las 20:45. Mon\u00f3logo de humor.","robots":{"index":"index","follow":"follow","max-snippet":"max-snippet:-1","max-image-preview":"max-image-preview:large","max-video-preview":"max-video-preview:-1"},"canonical":"https:\/\/javiervarelactor.com\/?p=1325","og_locale":"es_ES","og_type":"article","og_title":"Mon\u00f3logo \"Sa\u00fadame Sempre\" en Arteixo - Javier Varela","og_description":"Mon\u00f3logo \"Sa\u00fadame Sempre\" en Arteixo - Javier Varela. El pr\u00f3ximo VIERNES 5 de OCTUBRE en el auditorio de ARTEIXO a las 20:45. Mon\u00f3logo de humor.","og_url":"https:\/\/javiervarelactor.com\/?p=1325","og_site_name":"Javier Varela","article_publisher":"https:\/\/www.facebook.com\/pages\/Javier-Varela\/145894855509796?sk=info&amp%3bamp%3bamp%3bamp%3btab=page_info","article_published_time":"2018-09-27T09:02:39+00:00","article_modified_time":"2018-12-16T17:23:12+00:00","og_image":[{"width":724,"height":1024,"url":"https:\/\/javiervarelactor.com\/wp-content\/uploads\/2018\/09\/SA\u00daDAME-SEMPRE-724x1024.jpg","type":"image\/jpeg"}],"author":"Javier Varela","twitter_misc":{"Escrito por":"Javier Varela","Tiempo de lectura":"2 minutos"},"schema":{"@context":"https:\/\/schema.org","@graph":[{"@type":"WebPage","@id":"https:\/\/javiervarelactor.com\/?p=1325","url":"https:\/\/javiervarelactor.com\/?p=1325","name":"Mon\u00f3logo \"Sa\u00fadame Sempre\" en Arteixo - Javier Varela","isPartOf":{"@id":"https:\/\/javiervarelactor.com\/#website"},"primaryImageOfPage":{"@id":"https:\/\/javiervarelactor.com\/?p=1325#primaryimage"},"image":{"@id":"https:\/\/javiervarelactor.com\/?p=1325#primaryimage"},"thumbnailUrl":"https:\/\/javiervarelactor.com\/wp-content\/uploads\/2018\/09\/SA\u00daDAME-SEMPRE.jpg","datePublished":"2018-09-27T09:02:39+00:00","dateModified":"2018-12-16T17:23:12+00:00","author":{"@id":"https:\/\/javiervarelactor.com\/#\/schema\/person\/e3104f2f3cca87d9a07b40f5281c02ba"},"description":"Mon\u00f3logo \"Sa\u00fadame Sempre\" en Arteixo - Javier Varela. El pr\u00f3ximo VIERNES 5 de OCTUBRE en el auditorio de ARTEIXO a las 20:45. Mon\u00f3logo de humor.","breadcrumb":{"@id":"https:\/\/javiervarelactor.com\/?p=1325#breadcrumb"},"inLanguage":"es","potentialAction":[{"@type":"ReadAction","target":["https:\/\/javiervarelactor.com\/?p=1325"]}]},{"@type":"ImageObject","inLanguage":"es","@id":"https:\/\/javiervarelactor.com\/?p=1325#primaryimage","url":"https:\/\/javiervarelactor.com\/wp-content\/uploads\/2018\/09\/SA\u00daDAME-SEMPRE.jpg","contentUrl":"https:\/\/javiervarelactor.com\/wp-content\/uploads\/2018\/09\/SA\u00daDAME-SEMPRE.jpg","width":1587,"height":2245,"caption":"SA\u00daDAME SEMPRE con Javier Varela"},{"@type":"BreadcrumbList","@id":"https:\/\/javiervarelactor.com\/?p=1325#breadcrumb","itemListElement":[{"@type":"ListItem","position":1,"name":"Inicio","item":"https:\/\/javiervarelactor.com\/"},{"@type":"ListItem","position":2,"name":"Mon\u00f3logo \u00abSa\u00fadame Sempre\u00bb en Arteixo &#8211; Javier Varela"}]},{"@type":"WebSite","@id":"https:\/\/javiervarelactor.com\/#website","url":"https:\/\/javiervarelactor.com\/","name":"Javier Varela","description":"Actor y Presentador","potentialAction":[{"@type":"SearchAction","target":{"@type":"EntryPoint","urlTemplate":"https:\/\/javiervarelactor.com\/?s={search_term_string}"},"query-input":"required name=search_term_string"}],"inLanguage":"es"},{"@type":"Person","@id":"https:\/\/javiervarelactor.com\/#\/schema\/person\/e3104f2f3cca87d9a07b40f5281c02ba","name":"Javier Varela","image":{"@type":"ImageObject","inLanguage":"es","@id":"https:\/\/javiervarelactor.com\/#\/schema\/person\/image\/","url":"https:\/\/secure.gravatar.com\/avatar\/858edfdbe98ed682c9723085564a87b3?s=96&d=mm&r=g","contentUrl":"https:\/\/secure.gravatar.com\/avatar\/858edfdbe98ed682c9723085564a87b3?s=96&d=mm&r=g","caption":"Javier Varela"},"sameAs":["http:\/\/www.javiervarelactor.com"],"url":"https:\/\/javiervarelactor.com\/?author=1"}]}},"_links":{"self":[{"href":"https:\/\/javiervarelactor.com\/index.php?rest_route=\/wp\/v2\/posts\/1325"}],"collection":[{"href":"https:\/\/javiervarelactor.com\/index.php?rest_route=\/wp\/v2\/posts"}],"about":[{"href":"https:\/\/javiervarelactor.com\/index.php?rest_route=\/wp\/v2\/types\/post"}],"author":[{"embeddable":true,"href":"https:\/\/javiervarelactor.com\/index.php?rest_route=\/wp\/v2\/users\/1"}],"replies":[{"embeddable":true,"href":"https:\/\/javiervarelactor.com\/index.php?rest_route=%2Fwp%2Fv2%2Fcomments&post=1325"}],"version-history":[{"count":6,"href":"https:\/\/javiervarelactor.com\/index.php?rest_route=\/wp\/v2\/posts\/1325\/revisions"}],"predecessor-version":[{"id":1384,"href":"https:\/\/javiervarelactor.com\/index.php?rest_route=\/wp\/v2\/posts\/1325\/revisions\/1384"}],"wp:featuredmedia":[{"embeddable":true,"href":"https:\/\/javiervarelactor.com\/index.php?rest_route=\/wp\/v2\/media\/1329"}],"wp:attachment":[{"href":"https:\/\/javiervarelactor.com\/index.php?rest_route=%2Fwp%2Fv2%2Fmedia&parent=1325"}],"wp:term":[{"taxonomy":"category","embeddable":true,"href":"https:\/\/javiervarelactor.com\/index.php?rest_route=%2Fwp%2Fv2%2Fcategories&post=1325"},{"taxonomy":"post_tag","embeddable":true,"href":"https:\/\/javiervarelactor.com\/index.php?rest_route=%2Fwp%2Fv2%2Ftags&post=1325"}],"curies":[{"name":"wp","href":"https:\/\/api.w.org\/{rel}","templated":true}]}}