{"id":1319,"date":"2018-09-21T10:47:53","date_gmt":"2018-09-21T10:47:53","guid":{"rendered":"http:\/\/javiervarelactor.com\/?p=1319"},"modified":"2020-11-10T11:17:24","modified_gmt":"2020-11-10T11:17:24","slug":"gran-exito-de-farina-en-netflix","status":"publish","type":"post","link":"https:\/\/javiervarelactor.com\/?p=1319","title":{"rendered":"Gran \u00e9xito de Fari\u00f1a en Netflix"},"content":{"rendered":"<p><span style=\"color: #808080;\"><span style=\"color: #000000;\">En este momento es la 8\u00aa serie m\u00e1s vista del mundo; millones de espectadores disfrutan del gran \u00e9xito de Fari\u00f1a en Netflix con Javier Varela en el papel de Ald\u00e1n.<\/span><br \/><\/span><\/p>\n<p><span style=\"color: #000000;\">La serie \u00abFari\u00f1a\u00bb ya puede verse en la plataforma Netflix desde hace unas semanas y vaya si puede verse, a d\u00eda de hoy es una de las series m\u00e1s vistas en el mundo. <\/span><\/p>\n<p><span style=\"color: #000000;\">Desde Galicia a todos los rincones del mundo pasando por Noia y Panam\u00e1. Desde el 2 de Agosto la serie basada en el pol\u00e9mico <a href=\"https:\/\/www.casadellibro.com\/libro-farina-historia-e-indiscreciones-del-narcotrafico-en-galicia\/9788416001460\/2598167\" target=\"_blank\" rel=\"noopener noreferrer\">libro de Nacho Carretero \u00abFari\u00f1a\u00bb<\/a> se puede ver por todo el mundo gracias a la plataforma <a href=\"https:\/\/www.netflix.com\/es\/\" target=\"_blank\" rel=\"noopener noreferrer\">Netflix<\/a>.<\/span><\/p>\n<p><span style=\"color: #000000;\">Es un honor para mi haber interpretado al personaje Ald\u00e1n en esta exitosa serie que muchos espectadores est\u00e1n disfrutando. La posibilidad de ver la serie a demanda, eligiendo horarios, tiempos e incluso idiomas, facilita el visionado y el disfrute de Fari\u00f1a. Somos cada vez m\u00e1s enganchados. <\/span><\/p>\n<p><a href=\"http:\/\/javiervarelactor.com\/wp-content\/uploads\/2018\/09\/IMG-20180321-WA0007.jpg\"><img loading=\"lazy\" decoding=\"async\" class=\"aligncenter wp-image-1321 size-medium\" title=\"Ald\u00e1n en Fari\u00f1a\" src=\"http:\/\/javiervarelactor.com\/wp-content\/uploads\/2018\/09\/IMG-20180321-WA0007-300x200.jpg\" alt=\"Ald\u00e1n en Fari\u00f1a\" width=\"300\" height=\"200\" srcset=\"https:\/\/javiervarelactor.com\/wp-content\/uploads\/2018\/09\/IMG-20180321-WA0007-300x200.jpg 300w, https:\/\/javiervarelactor.com\/wp-content\/uploads\/2018\/09\/IMG-20180321-WA0007-1024x683.jpg 1024w, https:\/\/javiervarelactor.com\/wp-content\/uploads\/2018\/09\/IMG-20180321-WA0007.jpg 1600w\" sizes=\"(max-width: 300px) 100vw, 300px\" \/><\/a><\/p>\n\n\n<p><\/p>\n","protected":false},"excerpt":{"rendered":"<p>Javier Varela en el papel de Ald\u00e1n; un personaje oscuro en la serie de gran \u00e9xito internacional.<\/p>\n","protected":false},"author":1,"featured_media":1320,"comment_status":"closed","ping_status":"open","sticky":false,"template":"","format":"standard","meta":{"_monsterinsights_skip_tracking":false,"_monsterinsights_sitenote_active":false,"_monsterinsights_sitenote_note":"","_monsterinsights_sitenote_category":0,"footnotes":""},"categories":[21],"tags":[68],"yoast_head":"<!-- This site is optimized with the Yoast SEO plugin v22.7 - https:\/\/yoast.com\/wordpress\/plugins\/seo\/ -->\n<title>Gran \u00e9xito de Fari\u00f1a en Netflix - Javier Varela<\/title>\n<meta name=\"description\" content=\"En este momento es la 8\u00aa serie m\u00e1s vista del mundo. Javier Varela es Ald\u00e1n en Fari\u00f1a.\" \/>\n<meta name=\"robots\" content=\"index, follow, max-snippet:-1, max-image-preview:large, max-video-preview:-1\" \/>\n<link rel=\"canonical\" href=\"https:\/\/javiervarelactor.com\/?p=1319\" \/>\n<meta property=\"og:locale\" content=\"es_ES\" \/>\n<meta property=\"og:type\" content=\"article\" \/>\n<meta property=\"og:title\" content=\"Gran \u00e9xito de Fari\u00f1a en Netflix - Javier Varela\" \/>\n<meta property=\"og:description\" content=\"En este momento es la 8\u00aa serie m\u00e1s vista del mundo. Javier Varela es Ald\u00e1n en Fari\u00f1a.\" \/>\n<meta property=\"og:url\" content=\"https:\/\/javiervarelactor.com\/?p=1319\" \/>\n<meta property=\"og:site_name\" content=\"Javier Varela\" \/>\n<meta property=\"article:publisher\" content=\"https:\/\/www.facebook.com\/pages\/Javier-Varela\/145894855509796?sk=info&amp;amp%3bamp%3bamp%3bamp%3btab=page_info\" \/>\n<meta property=\"article:published_time\" content=\"2018-09-21T10:47:53+00:00\" \/>\n<meta property=\"article:modified_time\" content=\"2020-11-10T11:17:24+00:00\" \/>\n<meta property=\"og:image\" content=\"https:\/\/javiervarelactor.com\/wp-content\/uploads\/2018\/09\/IMG-20180320-WA0008.jpg\" \/>\n\t<meta property=\"og:image:width\" content=\"1600\" \/>\n\t<meta property=\"og:image:height\" content=\"1067\" \/>\n\t<meta property=\"og:image:type\" content=\"image\/jpeg\" \/>\n<meta name=\"author\" content=\"Javier Varela\" \/>\n<meta name=\"twitter:label1\" content=\"Escrito por\" \/>\n\t<meta name=\"twitter:data1\" content=\"Javier Varela\" \/>\n\t<meta name=\"twitter:label2\" content=\"Tiempo de lectura\" \/>\n\t<meta name=\"twitter:data2\" content=\"1 minuto\" \/>\n<script type=\"application\/ld+json\" class=\"yoast-schema-graph\">{\"@context\":\"https:\/\/schema.org\",\"@graph\":[{\"@type\":\"WebPage\",\"@id\":\"https:\/\/javiervarelactor.com\/?p=1319\",\"url\":\"https:\/\/javiervarelactor.com\/?p=1319\",\"name\":\"Gran \u00e9xito de Fari\u00f1a en Netflix - Javier Varela\",\"isPartOf\":{\"@id\":\"https:\/\/javiervarelactor.com\/#website\"},\"primaryImageOfPage\":{\"@id\":\"https:\/\/javiervarelactor.com\/?p=1319#primaryimage\"},\"image\":{\"@id\":\"https:\/\/javiervarelactor.com\/?p=1319#primaryimage\"},\"thumbnailUrl\":\"https:\/\/javiervarelactor.com\/wp-content\/uploads\/2018\/09\/IMG-20180320-WA0008.jpg\",\"datePublished\":\"2018-09-21T10:47:53+00:00\",\"dateModified\":\"2020-11-10T11:17:24+00:00\",\"author\":{\"@id\":\"https:\/\/javiervarelactor.com\/#\/schema\/person\/e3104f2f3cca87d9a07b40f5281c02ba\"},\"description\":\"En este momento es la 8\u00aa serie m\u00e1s vista del mundo. Javier Varela es Ald\u00e1n en Fari\u00f1a.\",\"breadcrumb\":{\"@id\":\"https:\/\/javiervarelactor.com\/?p=1319#breadcrumb\"},\"inLanguage\":\"es\",\"potentialAction\":[{\"@type\":\"ReadAction\",\"target\":[\"https:\/\/javiervarelactor.com\/?p=1319\"]}]},{\"@type\":\"ImageObject\",\"inLanguage\":\"es\",\"@id\":\"https:\/\/javiervarelactor.com\/?p=1319#primaryimage\",\"url\":\"https:\/\/javiervarelactor.com\/wp-content\/uploads\/2018\/09\/IMG-20180320-WA0008.jpg\",\"contentUrl\":\"https:\/\/javiervarelactor.com\/wp-content\/uploads\/2018\/09\/IMG-20180320-WA0008.jpg\",\"width\":1600,\"height\":1067,\"caption\":\"aldan en fari\u00f1a\"},{\"@type\":\"BreadcrumbList\",\"@id\":\"https:\/\/javiervarelactor.com\/?p=1319#breadcrumb\",\"itemListElement\":[{\"@type\":\"ListItem\",\"position\":1,\"name\":\"Inicio\",\"item\":\"https:\/\/javiervarelactor.com\/\"},{\"@type\":\"ListItem\",\"position\":2,\"name\":\"Gran \u00e9xito de Fari\u00f1a en Netflix\"}]},{\"@type\":\"WebSite\",\"@id\":\"https:\/\/javiervarelactor.com\/#website\",\"url\":\"https:\/\/javiervarelactor.com\/\",\"name\":\"Javier Varela\",\"description\":\"Actor y Presentador\",\"potentialAction\":[{\"@type\":\"SearchAction\",\"target\":{\"@type\":\"EntryPoint\",\"urlTemplate\":\"https:\/\/javiervarelactor.com\/?s={search_term_string}\"},\"query-input\":\"required name=search_term_string\"}],\"inLanguage\":\"es\"},{\"@type\":\"Person\",\"@id\":\"https:\/\/javiervarelactor.com\/#\/schema\/person\/e3104f2f3cca87d9a07b40f5281c02ba\",\"name\":\"Javier Varela\",\"image\":{\"@type\":\"ImageObject\",\"inLanguage\":\"es\",\"@id\":\"https:\/\/javiervarelactor.com\/#\/schema\/person\/image\/\",\"url\":\"https:\/\/secure.gravatar.com\/avatar\/858edfdbe98ed682c9723085564a87b3?s=96&d=mm&r=g\",\"contentUrl\":\"https:\/\/secure.gravatar.com\/avatar\/858edfdbe98ed682c9723085564a87b3?s=96&d=mm&r=g\",\"caption\":\"Javier Varela\"},\"sameAs\":[\"http:\/\/www.javiervarelactor.com\"],\"url\":\"https:\/\/javiervarelactor.com\/?author=1\"}]}<\/script>\n<!-- \/ Yoast SEO plugin. -->","yoast_head_json":{"title":"Gran \u00e9xito de Fari\u00f1a en Netflix - Javier Varela","description":"En este momento es la 8\u00aa serie m\u00e1s vista del mundo. Javier Varela es Ald\u00e1n en Fari\u00f1a.","robots":{"index":"index","follow":"follow","max-snippet":"max-snippet:-1","max-image-preview":"max-image-preview:large","max-video-preview":"max-video-preview:-1"},"canonical":"https:\/\/javiervarelactor.com\/?p=1319","og_locale":"es_ES","og_type":"article","og_title":"Gran \u00e9xito de Fari\u00f1a en Netflix - Javier Varela","og_description":"En este momento es la 8\u00aa serie m\u00e1s vista del mundo. Javier Varela es Ald\u00e1n en Fari\u00f1a.","og_url":"https:\/\/javiervarelactor.com\/?p=1319","og_site_name":"Javier Varela","article_publisher":"https:\/\/www.facebook.com\/pages\/Javier-Varela\/145894855509796?sk=info&amp%3bamp%3bamp%3bamp%3btab=page_info","article_published_time":"2018-09-21T10:47:53+00:00","article_modified_time":"2020-11-10T11:17:24+00:00","og_image":[{"width":1600,"height":1067,"url":"https:\/\/javiervarelactor.com\/wp-content\/uploads\/2018\/09\/IMG-20180320-WA0008.jpg","type":"image\/jpeg"}],"author":"Javier Varela","twitter_misc":{"Escrito por":"Javier Varela","Tiempo de lectura":"1 minuto"},"schema":{"@context":"https:\/\/schema.org","@graph":[{"@type":"WebPage","@id":"https:\/\/javiervarelactor.com\/?p=1319","url":"https:\/\/javiervarelactor.com\/?p=1319","name":"Gran \u00e9xito de Fari\u00f1a en Netflix - Javier Varela","isPartOf":{"@id":"https:\/\/javiervarelactor.com\/#website"},"primaryImageOfPage":{"@id":"https:\/\/javiervarelactor.com\/?p=1319#primaryimage"},"image":{"@id":"https:\/\/javiervarelactor.com\/?p=1319#primaryimage"},"thumbnailUrl":"https:\/\/javiervarelactor.com\/wp-content\/uploads\/2018\/09\/IMG-20180320-WA0008.jpg","datePublished":"2018-09-21T10:47:53+00:00","dateModified":"2020-11-10T11:17:24+00:00","author":{"@id":"https:\/\/javiervarelactor.com\/#\/schema\/person\/e3104f2f3cca87d9a07b40f5281c02ba"},"description":"En este momento es la 8\u00aa serie m\u00e1s vista del mundo. Javier Varela es Ald\u00e1n en Fari\u00f1a.","breadcrumb":{"@id":"https:\/\/javiervarelactor.com\/?p=1319#breadcrumb"},"inLanguage":"es","potentialAction":[{"@type":"ReadAction","target":["https:\/\/javiervarelactor.com\/?p=1319"]}]},{"@type":"ImageObject","inLanguage":"es","@id":"https:\/\/javiervarelactor.com\/?p=1319#primaryimage","url":"https:\/\/javiervarelactor.com\/wp-content\/uploads\/2018\/09\/IMG-20180320-WA0008.jpg","contentUrl":"https:\/\/javiervarelactor.com\/wp-content\/uploads\/2018\/09\/IMG-20180320-WA0008.jpg","width":1600,"height":1067,"caption":"aldan en fari\u00f1a"},{"@type":"BreadcrumbList","@id":"https:\/\/javiervarelactor.com\/?p=1319#breadcrumb","itemListElement":[{"@type":"ListItem","position":1,"name":"Inicio","item":"https:\/\/javiervarelactor.com\/"},{"@type":"ListItem","position":2,"name":"Gran \u00e9xito de Fari\u00f1a en Netflix"}]},{"@type":"WebSite","@id":"https:\/\/javiervarelactor.com\/#website","url":"https:\/\/javiervarelactor.com\/","name":"Javier Varela","description":"Actor y Presentador","potentialAction":[{"@type":"SearchAction","target":{"@type":"EntryPoint","urlTemplate":"https:\/\/javiervarelactor.com\/?s={search_term_string}"},"query-input":"required name=search_term_string"}],"inLanguage":"es"},{"@type":"Person","@id":"https:\/\/javiervarelactor.com\/#\/schema\/person\/e3104f2f3cca87d9a07b40f5281c02ba","name":"Javier Varela","image":{"@type":"ImageObject","inLanguage":"es","@id":"https:\/\/javiervarelactor.com\/#\/schema\/person\/image\/","url":"https:\/\/secure.gravatar.com\/avatar\/858edfdbe98ed682c9723085564a87b3?s=96&d=mm&r=g","contentUrl":"https:\/\/secure.gravatar.com\/avatar\/858edfdbe98ed682c9723085564a87b3?s=96&d=mm&r=g","caption":"Javier Varela"},"sameAs":["http:\/\/www.javiervarelactor.com"],"url":"https:\/\/javiervarelactor.com\/?author=1"}]}},"_links":{"self":[{"href":"https:\/\/javiervarelactor.com\/index.php?rest_route=\/wp\/v2\/posts\/1319"}],"collection":[{"href":"https:\/\/javiervarelactor.com\/index.php?rest_route=\/wp\/v2\/posts"}],"about":[{"href":"https:\/\/javiervarelactor.com\/index.php?rest_route=\/wp\/v2\/types\/post"}],"author":[{"embeddable":true,"href":"https:\/\/javiervarelactor.com\/index.php?rest_route=\/wp\/v2\/users\/1"}],"replies":[{"embeddable":true,"href":"https:\/\/javiervarelactor.com\/index.php?rest_route=%2Fwp%2Fv2%2Fcomments&post=1319"}],"version-history":[{"count":7,"href":"https:\/\/javiervarelactor.com\/index.php?rest_route=\/wp\/v2\/posts\/1319\/revisions"}],"predecessor-version":[{"id":1655,"href":"https:\/\/javiervarelactor.com\/index.php?rest_route=\/wp\/v2\/posts\/1319\/revisions\/1655"}],"wp:featuredmedia":[{"embeddable":true,"href":"https:\/\/javiervarelactor.com\/index.php?rest_route=\/wp\/v2\/media\/1320"}],"wp:attachment":[{"href":"https:\/\/javiervarelactor.com\/index.php?rest_route=%2Fwp%2Fv2%2Fmedia&parent=1319"}],"wp:term":[{"taxonomy":"category","embeddable":true,"href":"https:\/\/javiervarelactor.com\/index.php?rest_route=%2Fwp%2Fv2%2Fcategories&post=1319"},{"taxonomy":"post_tag","embeddable":true,"href":"https:\/\/javiervarelactor.com\/index.php?rest_route=%2Fwp%2Fv2%2Ftags&post=1319"}],"curies":[{"name":"wp","href":"https:\/\/api.w.org\/{rel}","templated":true}]}}