{"id":1304,"date":"2018-09-11T11:03:24","date_gmt":"2018-09-11T11:03:24","guid":{"rendered":"http:\/\/javiervarelactor.com\/?p=1304"},"modified":"2018-09-11T11:05:52","modified_gmt":"2018-09-11T11:05:52","slug":"gana-a-tua-sorte-vuelve-a-tvg","status":"publish","type":"post","link":"https:\/\/javiervarelactor.com\/?p=1304","title":{"rendered":"Ga\u00f1a a T\u00faa Sorte vuelve a TVG"},"content":{"rendered":"<p><span style=\"color: #000000;\"><a href=\"http:\/\/javiervarelactor.com\/wp-content\/uploads\/2018\/09\/IMG_9703.jpg\"><img loading=\"lazy\" decoding=\"async\" class=\"size-medium wp-image-1306 alignleft\" src=\"http:\/\/javiervarelactor.com\/wp-content\/uploads\/2018\/09\/IMG_9703-300x169.jpg\" alt=\"presentador ga\u00f1a a tua sorte\" width=\"300\" height=\"169\" \/><\/a>Volvemos a la carga con el divertido programa \u00ab<strong>Ga\u00f1a a t\u00faa sorte<\/strong>\u00bb para Televisi\u00f3n de Galicia. Tan divertido como involucrarme de nuevo con un equipo de profesionales comprometido, profesional y con los que todo es posible. Es posible hacer un formato para todos los p\u00fablicos, con unos concursantes que lo dan todo y unos resultados que pronto ver\u00e9is en TVG.<\/span><\/p>\n<p><span style=\"color: #000000;\">Pronto disfrutaremos de una imagen renovada, unas preguntas muy interesantes y diversi\u00f3n, que al final es lo m\u00e1s amable de este trabajo, divertir al p\u00fablico. Entretener y, en este caso, con \u00abGa\u00f1a a t\u00faa sorte\u00bb aportar unos conocimientos sencillos pero muy \u00fatiles \ud83d\ude09<\/span><\/p>\n<figure id=\"attachment_1305\" aria-describedby=\"caption-attachment-1305\" style=\"width: 630px\" class=\"wp-caption aligncenter\"><a href=\"http:\/\/javiervarelactor.com\/wp-content\/uploads\/2018\/09\/IMG_9702.jpg\"><img loading=\"lazy\" decoding=\"async\" class=\"wp-image-1305 size-large\" src=\"http:\/\/javiervarelactor.com\/wp-content\/uploads\/2018\/09\/IMG_9702-1024x768.jpg\" alt=\"equipo ga\u00f1a a tua sorte\" width=\"630\" height=\"473\" srcset=\"https:\/\/javiervarelactor.com\/wp-content\/uploads\/2018\/09\/IMG_9702-1024x768.jpg 1024w, https:\/\/javiervarelactor.com\/wp-content\/uploads\/2018\/09\/IMG_9702-300x225.jpg 300w, https:\/\/javiervarelactor.com\/wp-content\/uploads\/2018\/09\/IMG_9702.jpg 1600w\" sizes=\"(max-width: 630px) 100vw, 630px\" \/><\/a><figcaption id=\"caption-attachment-1305\" class=\"wp-caption-text\">Equipo ga\u00f1a a tua sorte<\/figcaption><\/figure>\n<p><span style=\"color: #000000;\">Aqu\u00ed el equipo de \u00abGa\u00f1a a tua sorte\u00bb, un equipo humano que hemos dado lo mejor de nosotros en unos d\u00edas intensos, cansados y en los que no hemos perdido el buen humor en ning\u00fan momento.<\/span><\/p>\n<p><span style=\"color: #000000;\">Muy pronto en TVG podremos disfrutar del concurso para todos los p\u00fablicos.<\/span><\/p>\n<p><span style=\"color: #000000;\">Muchas gracias a la productora por confiar de nuevo en mi como presentador de este divertidisimo formato.<\/span><\/p>\n","protected":false},"excerpt":{"rendered":"<p>Volvemos a la carga con el divertido programa \u00abGa\u00f1a a t\u00faa sorte\u00bb para Televisi\u00f3n de Galicia. Tan divertido como involucrarme de nuevo con un equipo de profesionales comprometido, profesional y con los que todo es posible. Es posible hacer un formato para todos los p\u00fablicos, con unos concursantes que lo dan todo y unos resultados <a class=\"read-more\" href=\"https:\/\/javiervarelactor.com\/?p=1304\">Leer m\u00e1s<\/a><\/p>\n","protected":false},"author":1,"featured_media":1306,"comment_status":"closed","ping_status":"open","sticky":false,"template":"","format":"standard","meta":{"_monsterinsights_skip_tracking":false,"_monsterinsights_sitenote_active":false,"_monsterinsights_sitenote_note":"","_monsterinsights_sitenote_category":0,"footnotes":""},"categories":[22,58],"tags":[59],"yoast_head":"<!-- This site is optimized with the Yoast SEO plugin v22.7 - https:\/\/yoast.com\/wordpress\/plugins\/seo\/ -->\n<title>Ga\u00f1a a T\u00faa Sorte vuelve a TVG - Javier Varela Presentador<\/title>\n<meta name=\"description\" content=\"Javier Varela presenta la nueva temporada del programa Ga\u00f1a a T\u00faa Sorte uqe muy pronto vuelve a TVG.\" \/>\n<meta name=\"robots\" content=\"index, follow, max-snippet:-1, max-image-preview:large, max-video-preview:-1\" \/>\n<link rel=\"canonical\" href=\"https:\/\/javiervarelactor.com\/?p=1304\" \/>\n<meta property=\"og:locale\" content=\"es_ES\" \/>\n<meta property=\"og:type\" content=\"article\" \/>\n<meta property=\"og:title\" content=\"Ga\u00f1a a T\u00faa Sorte vuelve a TVG - Javier Varela Presentador\" \/>\n<meta property=\"og:description\" content=\"Javier Varela presenta la nueva temporada del programa Ga\u00f1a a T\u00faa Sorte uqe muy pronto vuelve a TVG.\" \/>\n<meta property=\"og:url\" content=\"https:\/\/javiervarelactor.com\/?p=1304\" \/>\n<meta property=\"og:site_name\" content=\"Javier Varela\" \/>\n<meta property=\"article:publisher\" content=\"https:\/\/www.facebook.com\/pages\/Javier-Varela\/145894855509796?sk=info&amp;amp%3bamp%3bamp%3bamp%3btab=page_info\" \/>\n<meta property=\"article:published_time\" content=\"2018-09-11T11:03:24+00:00\" \/>\n<meta property=\"article:modified_time\" content=\"2018-09-11T11:05:52+00:00\" \/>\n<meta property=\"og:image\" content=\"https:\/\/javiervarelactor.com\/wp-content\/uploads\/2018\/09\/IMG_9703-e1536664235737.jpg\" \/>\n\t<meta property=\"og:image:width\" content=\"1460\" \/>\n\t<meta property=\"og:image:height\" content=\"676\" \/>\n\t<meta property=\"og:image:type\" content=\"image\/jpeg\" \/>\n<meta name=\"author\" content=\"Javier Varela\" \/>\n<meta name=\"twitter:label1\" content=\"Escrito por\" \/>\n\t<meta name=\"twitter:data1\" content=\"Javier Varela\" \/>\n\t<meta name=\"twitter:label2\" content=\"Tiempo de lectura\" \/>\n\t<meta name=\"twitter:data2\" content=\"1 minuto\" \/>\n<script type=\"application\/ld+json\" class=\"yoast-schema-graph\">{\"@context\":\"https:\/\/schema.org\",\"@graph\":[{\"@type\":\"WebPage\",\"@id\":\"https:\/\/javiervarelactor.com\/?p=1304\",\"url\":\"https:\/\/javiervarelactor.com\/?p=1304\",\"name\":\"Ga\u00f1a a T\u00faa Sorte vuelve a TVG - Javier Varela Presentador\",\"isPartOf\":{\"@id\":\"https:\/\/javiervarelactor.com\/#website\"},\"primaryImageOfPage\":{\"@id\":\"https:\/\/javiervarelactor.com\/?p=1304#primaryimage\"},\"image\":{\"@id\":\"https:\/\/javiervarelactor.com\/?p=1304#primaryimage\"},\"thumbnailUrl\":\"https:\/\/javiervarelactor.com\/wp-content\/uploads\/2018\/09\/IMG_9703-e1536664235737.jpg\",\"datePublished\":\"2018-09-11T11:03:24+00:00\",\"dateModified\":\"2018-09-11T11:05:52+00:00\",\"author\":{\"@id\":\"https:\/\/javiervarelactor.com\/#\/schema\/person\/e3104f2f3cca87d9a07b40f5281c02ba\"},\"description\":\"Javier Varela presenta la nueva temporada del programa Ga\u00f1a a T\u00faa Sorte uqe muy pronto vuelve a TVG.\",\"breadcrumb\":{\"@id\":\"https:\/\/javiervarelactor.com\/?p=1304#breadcrumb\"},\"inLanguage\":\"es\",\"potentialAction\":[{\"@type\":\"ReadAction\",\"target\":[\"https:\/\/javiervarelactor.com\/?p=1304\"]}]},{\"@type\":\"ImageObject\",\"inLanguage\":\"es\",\"@id\":\"https:\/\/javiervarelactor.com\/?p=1304#primaryimage\",\"url\":\"https:\/\/javiervarelactor.com\/wp-content\/uploads\/2018\/09\/IMG_9703-e1536664235737.jpg\",\"contentUrl\":\"https:\/\/javiervarelactor.com\/wp-content\/uploads\/2018\/09\/IMG_9703-e1536664235737.jpg\",\"width\":1460,\"height\":676},{\"@type\":\"BreadcrumbList\",\"@id\":\"https:\/\/javiervarelactor.com\/?p=1304#breadcrumb\",\"itemListElement\":[{\"@type\":\"ListItem\",\"position\":1,\"name\":\"Inicio\",\"item\":\"https:\/\/javiervarelactor.com\/\"},{\"@type\":\"ListItem\",\"position\":2,\"name\":\"Ga\u00f1a a T\u00faa Sorte vuelve a TVG\"}]},{\"@type\":\"WebSite\",\"@id\":\"https:\/\/javiervarelactor.com\/#website\",\"url\":\"https:\/\/javiervarelactor.com\/\",\"name\":\"Javier Varela\",\"description\":\"Actor y Presentador\",\"potentialAction\":[{\"@type\":\"SearchAction\",\"target\":{\"@type\":\"EntryPoint\",\"urlTemplate\":\"https:\/\/javiervarelactor.com\/?s={search_term_string}\"},\"query-input\":\"required name=search_term_string\"}],\"inLanguage\":\"es\"},{\"@type\":\"Person\",\"@id\":\"https:\/\/javiervarelactor.com\/#\/schema\/person\/e3104f2f3cca87d9a07b40f5281c02ba\",\"name\":\"Javier Varela\",\"image\":{\"@type\":\"ImageObject\",\"inLanguage\":\"es\",\"@id\":\"https:\/\/javiervarelactor.com\/#\/schema\/person\/image\/\",\"url\":\"https:\/\/secure.gravatar.com\/avatar\/858edfdbe98ed682c9723085564a87b3?s=96&d=mm&r=g\",\"contentUrl\":\"https:\/\/secure.gravatar.com\/avatar\/858edfdbe98ed682c9723085564a87b3?s=96&d=mm&r=g\",\"caption\":\"Javier Varela\"},\"sameAs\":[\"http:\/\/www.javiervarelactor.com\"],\"url\":\"https:\/\/javiervarelactor.com\/?author=1\"}]}<\/script>\n<!-- \/ Yoast SEO plugin. -->","yoast_head_json":{"title":"Ga\u00f1a a T\u00faa Sorte vuelve a TVG - Javier Varela Presentador","description":"Javier Varela presenta la nueva temporada del programa Ga\u00f1a a T\u00faa Sorte uqe muy pronto vuelve a TVG.","robots":{"index":"index","follow":"follow","max-snippet":"max-snippet:-1","max-image-preview":"max-image-preview:large","max-video-preview":"max-video-preview:-1"},"canonical":"https:\/\/javiervarelactor.com\/?p=1304","og_locale":"es_ES","og_type":"article","og_title":"Ga\u00f1a a T\u00faa Sorte vuelve a TVG - Javier Varela Presentador","og_description":"Javier Varela presenta la nueva temporada del programa Ga\u00f1a a T\u00faa Sorte uqe muy pronto vuelve a TVG.","og_url":"https:\/\/javiervarelactor.com\/?p=1304","og_site_name":"Javier Varela","article_publisher":"https:\/\/www.facebook.com\/pages\/Javier-Varela\/145894855509796?sk=info&amp%3bamp%3bamp%3bamp%3btab=page_info","article_published_time":"2018-09-11T11:03:24+00:00","article_modified_time":"2018-09-11T11:05:52+00:00","og_image":[{"width":1460,"height":676,"url":"https:\/\/javiervarelactor.com\/wp-content\/uploads\/2018\/09\/IMG_9703-e1536664235737.jpg","type":"image\/jpeg"}],"author":"Javier Varela","twitter_misc":{"Escrito por":"Javier Varela","Tiempo de lectura":"1 minuto"},"schema":{"@context":"https:\/\/schema.org","@graph":[{"@type":"WebPage","@id":"https:\/\/javiervarelactor.com\/?p=1304","url":"https:\/\/javiervarelactor.com\/?p=1304","name":"Ga\u00f1a a T\u00faa Sorte vuelve a TVG - Javier Varela Presentador","isPartOf":{"@id":"https:\/\/javiervarelactor.com\/#website"},"primaryImageOfPage":{"@id":"https:\/\/javiervarelactor.com\/?p=1304#primaryimage"},"image":{"@id":"https:\/\/javiervarelactor.com\/?p=1304#primaryimage"},"thumbnailUrl":"https:\/\/javiervarelactor.com\/wp-content\/uploads\/2018\/09\/IMG_9703-e1536664235737.jpg","datePublished":"2018-09-11T11:03:24+00:00","dateModified":"2018-09-11T11:05:52+00:00","author":{"@id":"https:\/\/javiervarelactor.com\/#\/schema\/person\/e3104f2f3cca87d9a07b40f5281c02ba"},"description":"Javier Varela presenta la nueva temporada del programa Ga\u00f1a a T\u00faa Sorte uqe muy pronto vuelve a TVG.","breadcrumb":{"@id":"https:\/\/javiervarelactor.com\/?p=1304#breadcrumb"},"inLanguage":"es","potentialAction":[{"@type":"ReadAction","target":["https:\/\/javiervarelactor.com\/?p=1304"]}]},{"@type":"ImageObject","inLanguage":"es","@id":"https:\/\/javiervarelactor.com\/?p=1304#primaryimage","url":"https:\/\/javiervarelactor.com\/wp-content\/uploads\/2018\/09\/IMG_9703-e1536664235737.jpg","contentUrl":"https:\/\/javiervarelactor.com\/wp-content\/uploads\/2018\/09\/IMG_9703-e1536664235737.jpg","width":1460,"height":676},{"@type":"BreadcrumbList","@id":"https:\/\/javiervarelactor.com\/?p=1304#breadcrumb","itemListElement":[{"@type":"ListItem","position":1,"name":"Inicio","item":"https:\/\/javiervarelactor.com\/"},{"@type":"ListItem","position":2,"name":"Ga\u00f1a a T\u00faa Sorte vuelve a TVG"}]},{"@type":"WebSite","@id":"https:\/\/javiervarelactor.com\/#website","url":"https:\/\/javiervarelactor.com\/","name":"Javier Varela","description":"Actor y Presentador","potentialAction":[{"@type":"SearchAction","target":{"@type":"EntryPoint","urlTemplate":"https:\/\/javiervarelactor.com\/?s={search_term_string}"},"query-input":"required name=search_term_string"}],"inLanguage":"es"},{"@type":"Person","@id":"https:\/\/javiervarelactor.com\/#\/schema\/person\/e3104f2f3cca87d9a07b40f5281c02ba","name":"Javier Varela","image":{"@type":"ImageObject","inLanguage":"es","@id":"https:\/\/javiervarelactor.com\/#\/schema\/person\/image\/","url":"https:\/\/secure.gravatar.com\/avatar\/858edfdbe98ed682c9723085564a87b3?s=96&d=mm&r=g","contentUrl":"https:\/\/secure.gravatar.com\/avatar\/858edfdbe98ed682c9723085564a87b3?s=96&d=mm&r=g","caption":"Javier Varela"},"sameAs":["http:\/\/www.javiervarelactor.com"],"url":"https:\/\/javiervarelactor.com\/?author=1"}]}},"_links":{"self":[{"href":"https:\/\/javiervarelactor.com\/index.php?rest_route=\/wp\/v2\/posts\/1304"}],"collection":[{"href":"https:\/\/javiervarelactor.com\/index.php?rest_route=\/wp\/v2\/posts"}],"about":[{"href":"https:\/\/javiervarelactor.com\/index.php?rest_route=\/wp\/v2\/types\/post"}],"author":[{"embeddable":true,"href":"https:\/\/javiervarelactor.com\/index.php?rest_route=\/wp\/v2\/users\/1"}],"replies":[{"embeddable":true,"href":"https:\/\/javiervarelactor.com\/index.php?rest_route=%2Fwp%2Fv2%2Fcomments&post=1304"}],"version-history":[{"count":1,"href":"https:\/\/javiervarelactor.com\/index.php?rest_route=\/wp\/v2\/posts\/1304\/revisions"}],"predecessor-version":[{"id":1309,"href":"https:\/\/javiervarelactor.com\/index.php?rest_route=\/wp\/v2\/posts\/1304\/revisions\/1309"}],"wp:featuredmedia":[{"embeddable":true,"href":"https:\/\/javiervarelactor.com\/index.php?rest_route=\/wp\/v2\/media\/1306"}],"wp:attachment":[{"href":"https:\/\/javiervarelactor.com\/index.php?rest_route=%2Fwp%2Fv2%2Fmedia&parent=1304"}],"wp:term":[{"taxonomy":"category","embeddable":true,"href":"https:\/\/javiervarelactor.com\/index.php?rest_route=%2Fwp%2Fv2%2Fcategories&post=1304"},{"taxonomy":"post_tag","embeddable":true,"href":"https:\/\/javiervarelactor.com\/index.php?rest_route=%2Fwp%2Fv2%2Ftags&post=1304"}],"curies":[{"name":"wp","href":"https:\/\/api.w.org\/{rel}","templated":true}]}}