{"id":1297,"date":"2018-07-23T10:07:17","date_gmt":"2018-07-23T10:07:17","guid":{"rendered":"http:\/\/javiervarelactor.com\/?p=1297"},"modified":"2018-07-23T10:11:36","modified_gmt":"2018-07-23T10:11:36","slug":"resumen-gala-citroen-2017-presentador-de-eventos","status":"publish","type":"post","link":"https:\/\/javiervarelactor.com\/?p=1297","title":{"rendered":"Resumen Gala Citr\u00f6en 2017 \u2013 Presentador de eventos"},"content":{"rendered":"<p><span style=\"color: #000000;\">Un a\u00f1o m\u00e1s, y antes de comenzar el nuevo curso en Septiembre, hacemos balance de un curso completo y volvemos la vista atr\u00e1s. A finales del pasado a\u00f1o 2017 tuve el honor, una vez m\u00e1s, de dirigir, guionizar y presentar la Gala Citr\u00f6en 2017 para Gepsa, en Vigo, un evento amable, emocionante y con un p\u00fablico entregad\u00edsimo.<\/span><\/p>\n<p><span style=\"color: #000000;\">En esta ocasi\u00f3n hicimos un homenaje a la Suerte \u00abNO PIERDAS LA ILUSI\u00d3N\u00bb; y es que la suerte tiene muchas caras pero en todo caso, la cara que m\u00e1s nos gusta y nos divierte es la que se presenta con humor. Y as\u00ed fue esta vez, nos rodeamos de artistas de primer nivel como Oswaldo Dig\u00f3n, Manqui\u00f1a, <a style=\"color: #000000;\" href=\"http:\/\/clubflicflac.com\/\" target=\"_blank\">Club Flic Flac<\/a> y a los mandos de la producci\u00f3n t\u00e9cnica <strong><a style=\"color: #000000;\" href=\"http:\/\/granerovideo.com\/\" target=\"_blank\">GraneroV\u00eddeo<\/a><\/strong> y Alenti, garant\u00eda de calidad.<\/span><\/p>\n<p>La Gala conten\u00eda una serie de v\u00eddeo c\u00f3micos que <a href=\"https:\/\/www.youtube.com\/playlist?list=PLhq_I49nengYo90R8Zae7qjNBAphX9s2H\" target=\"_blank\">pod\u00e9is ver aqu\u00ed<\/a>.<\/p>\n<p><span style=\"color: #000000;\">Os dejo el <strong>v\u00eddeo resumen de la Gala Citr\u00f6en 2017<\/strong>, espero que os guste.<\/span><br \/>\n<iframe loading=\"lazy\" src=\"https:\/\/www.youtube.com\/embed\/c3b7n_f7qc4\" width=\"560\" height=\"315\" frameborder=\"0\" allowfullscreen=\"allowfullscreen\"><\/iframe><\/p>\n","protected":false},"excerpt":{"rendered":"<p>Un a\u00f1o m\u00e1s, y antes de comenzar el nuevo curso en Septiembre, hacemos balance de un curso completo y volvemos la vista atr\u00e1s. A finales del pasado a\u00f1o 2017 tuve el honor, una vez m\u00e1s, de dirigir, guionizar y presentar la Gala Citr\u00f6en 2017 para Gepsa, en Vigo, un evento amable, emocionante y con un <a class=\"read-more\" href=\"https:\/\/javiervarelactor.com\/?p=1297\">Leer m\u00e1s<\/a><\/p>\n","protected":false},"author":1,"featured_media":1298,"comment_status":"closed","ping_status":"open","sticky":false,"template":"","format":"standard","meta":{"_monsterinsights_skip_tracking":false,"_monsterinsights_sitenote_active":false,"_monsterinsights_sitenote_note":"","_monsterinsights_sitenote_category":0,"footnotes":""},"categories":[22,78],"tags":[65,75,66],"yoast_head":"<!-- This site is optimized with the Yoast SEO plugin v22.7 - https:\/\/yoast.com\/wordpress\/plugins\/seo\/ -->\n<title>Resumen Gala Citr\u00f6en 2017 \u2013 Presentador de eventos - Javier Varela<\/title>\n<meta name=\"description\" content=\"V\u00eddeo resumen de la Gala Citr\u00f6en 2017 Gepsa en Vigo. Dirigida, guionizada y presentada por Javier Varela acompa\u00f1ado de Manqui\u00f1a, Oswaldo Dig\u00f3n y GraneroVideo.\" \/>\n<meta name=\"robots\" content=\"index, follow, max-snippet:-1, max-image-preview:large, max-video-preview:-1\" \/>\n<link rel=\"canonical\" href=\"https:\/\/javiervarelactor.com\/?p=1297\" \/>\n<meta property=\"og:locale\" content=\"es_ES\" \/>\n<meta property=\"og:type\" content=\"article\" \/>\n<meta property=\"og:title\" content=\"Resumen Gala Citr\u00f6en 2017 \u2013 Presentador de eventos - Javier Varela\" \/>\n<meta property=\"og:description\" content=\"V\u00eddeo resumen de la Gala Citr\u00f6en 2017 Gepsa en Vigo. Dirigida, guionizada y presentada por Javier Varela acompa\u00f1ado de Manqui\u00f1a, Oswaldo Dig\u00f3n y GraneroVideo.\" \/>\n<meta property=\"og:url\" content=\"https:\/\/javiervarelactor.com\/?p=1297\" \/>\n<meta property=\"og:site_name\" content=\"Javier Varela\" \/>\n<meta property=\"article:publisher\" content=\"https:\/\/www.facebook.com\/pages\/Javier-Varela\/145894855509796?sk=info&amp;amp%3bamp%3bamp%3bamp%3btab=page_info\" \/>\n<meta property=\"article:published_time\" content=\"2018-07-23T10:07:17+00:00\" \/>\n<meta property=\"article:modified_time\" content=\"2018-07-23T10:11:36+00:00\" \/>\n<meta property=\"og:image\" content=\"https:\/\/javiervarelactor.com\/wp-content\/uploads\/2018\/07\/vigo.jpg\" \/>\n\t<meta property=\"og:image:width\" content=\"1152\" \/>\n\t<meta property=\"og:image:height\" content=\"768\" \/>\n\t<meta property=\"og:image:type\" content=\"image\/jpeg\" \/>\n<meta name=\"author\" content=\"Javier Varela\" \/>\n<meta name=\"twitter:label1\" content=\"Escrito por\" \/>\n\t<meta name=\"twitter:data1\" content=\"Javier Varela\" \/>\n\t<meta name=\"twitter:label2\" content=\"Tiempo de lectura\" \/>\n\t<meta name=\"twitter:data2\" content=\"1 minuto\" \/>\n<script type=\"application\/ld+json\" class=\"yoast-schema-graph\">{\"@context\":\"https:\/\/schema.org\",\"@graph\":[{\"@type\":\"WebPage\",\"@id\":\"https:\/\/javiervarelactor.com\/?p=1297\",\"url\":\"https:\/\/javiervarelactor.com\/?p=1297\",\"name\":\"Resumen Gala Citr\u00f6en 2017 \u2013 Presentador de eventos - Javier Varela\",\"isPartOf\":{\"@id\":\"https:\/\/javiervarelactor.com\/#website\"},\"primaryImageOfPage\":{\"@id\":\"https:\/\/javiervarelactor.com\/?p=1297#primaryimage\"},\"image\":{\"@id\":\"https:\/\/javiervarelactor.com\/?p=1297#primaryimage\"},\"thumbnailUrl\":\"https:\/\/javiervarelactor.com\/wp-content\/uploads\/2018\/07\/vigo.jpg\",\"datePublished\":\"2018-07-23T10:07:17+00:00\",\"dateModified\":\"2018-07-23T10:11:36+00:00\",\"author\":{\"@id\":\"https:\/\/javiervarelactor.com\/#\/schema\/person\/e3104f2f3cca87d9a07b40f5281c02ba\"},\"description\":\"V\u00eddeo resumen de la Gala Citr\u00f6en 2017 Gepsa en Vigo. Dirigida, guionizada y presentada por Javier Varela acompa\u00f1ado de Manqui\u00f1a, Oswaldo Dig\u00f3n y GraneroVideo.\",\"breadcrumb\":{\"@id\":\"https:\/\/javiervarelactor.com\/?p=1297#breadcrumb\"},\"inLanguage\":\"es\",\"potentialAction\":[{\"@type\":\"ReadAction\",\"target\":[\"https:\/\/javiervarelactor.com\/?p=1297\"]}]},{\"@type\":\"ImageObject\",\"inLanguage\":\"es\",\"@id\":\"https:\/\/javiervarelactor.com\/?p=1297#primaryimage\",\"url\":\"https:\/\/javiervarelactor.com\/wp-content\/uploads\/2018\/07\/vigo.jpg\",\"contentUrl\":\"https:\/\/javiervarelactor.com\/wp-content\/uploads\/2018\/07\/vigo.jpg\",\"width\":1152,\"height\":768,\"caption\":\"presentador eventos galicia\"},{\"@type\":\"BreadcrumbList\",\"@id\":\"https:\/\/javiervarelactor.com\/?p=1297#breadcrumb\",\"itemListElement\":[{\"@type\":\"ListItem\",\"position\":1,\"name\":\"Inicio\",\"item\":\"https:\/\/javiervarelactor.com\/\"},{\"@type\":\"ListItem\",\"position\":2,\"name\":\"Resumen Gala Citr\u00f6en 2017 \u2013 Presentador de eventos\"}]},{\"@type\":\"WebSite\",\"@id\":\"https:\/\/javiervarelactor.com\/#website\",\"url\":\"https:\/\/javiervarelactor.com\/\",\"name\":\"Javier Varela\",\"description\":\"Actor y Presentador\",\"potentialAction\":[{\"@type\":\"SearchAction\",\"target\":{\"@type\":\"EntryPoint\",\"urlTemplate\":\"https:\/\/javiervarelactor.com\/?s={search_term_string}\"},\"query-input\":\"required name=search_term_string\"}],\"inLanguage\":\"es\"},{\"@type\":\"Person\",\"@id\":\"https:\/\/javiervarelactor.com\/#\/schema\/person\/e3104f2f3cca87d9a07b40f5281c02ba\",\"name\":\"Javier Varela\",\"image\":{\"@type\":\"ImageObject\",\"inLanguage\":\"es\",\"@id\":\"https:\/\/javiervarelactor.com\/#\/schema\/person\/image\/\",\"url\":\"https:\/\/secure.gravatar.com\/avatar\/858edfdbe98ed682c9723085564a87b3?s=96&d=mm&r=g\",\"contentUrl\":\"https:\/\/secure.gravatar.com\/avatar\/858edfdbe98ed682c9723085564a87b3?s=96&d=mm&r=g\",\"caption\":\"Javier Varela\"},\"sameAs\":[\"http:\/\/www.javiervarelactor.com\"],\"url\":\"https:\/\/javiervarelactor.com\/?author=1\"}]}<\/script>\n<!-- \/ Yoast SEO plugin. -->","yoast_head_json":{"title":"Resumen Gala Citr\u00f6en 2017 \u2013 Presentador de eventos - Javier Varela","description":"V\u00eddeo resumen de la Gala Citr\u00f6en 2017 Gepsa en Vigo. Dirigida, guionizada y presentada por Javier Varela acompa\u00f1ado de Manqui\u00f1a, Oswaldo Dig\u00f3n y GraneroVideo.","robots":{"index":"index","follow":"follow","max-snippet":"max-snippet:-1","max-image-preview":"max-image-preview:large","max-video-preview":"max-video-preview:-1"},"canonical":"https:\/\/javiervarelactor.com\/?p=1297","og_locale":"es_ES","og_type":"article","og_title":"Resumen Gala Citr\u00f6en 2017 \u2013 Presentador de eventos - Javier Varela","og_description":"V\u00eddeo resumen de la Gala Citr\u00f6en 2017 Gepsa en Vigo. Dirigida, guionizada y presentada por Javier Varela acompa\u00f1ado de Manqui\u00f1a, Oswaldo Dig\u00f3n y GraneroVideo.","og_url":"https:\/\/javiervarelactor.com\/?p=1297","og_site_name":"Javier Varela","article_publisher":"https:\/\/www.facebook.com\/pages\/Javier-Varela\/145894855509796?sk=info&amp%3bamp%3bamp%3bamp%3btab=page_info","article_published_time":"2018-07-23T10:07:17+00:00","article_modified_time":"2018-07-23T10:11:36+00:00","og_image":[{"width":1152,"height":768,"url":"https:\/\/javiervarelactor.com\/wp-content\/uploads\/2018\/07\/vigo.jpg","type":"image\/jpeg"}],"author":"Javier Varela","twitter_misc":{"Escrito por":"Javier Varela","Tiempo de lectura":"1 minuto"},"schema":{"@context":"https:\/\/schema.org","@graph":[{"@type":"WebPage","@id":"https:\/\/javiervarelactor.com\/?p=1297","url":"https:\/\/javiervarelactor.com\/?p=1297","name":"Resumen Gala Citr\u00f6en 2017 \u2013 Presentador de eventos - Javier Varela","isPartOf":{"@id":"https:\/\/javiervarelactor.com\/#website"},"primaryImageOfPage":{"@id":"https:\/\/javiervarelactor.com\/?p=1297#primaryimage"},"image":{"@id":"https:\/\/javiervarelactor.com\/?p=1297#primaryimage"},"thumbnailUrl":"https:\/\/javiervarelactor.com\/wp-content\/uploads\/2018\/07\/vigo.jpg","datePublished":"2018-07-23T10:07:17+00:00","dateModified":"2018-07-23T10:11:36+00:00","author":{"@id":"https:\/\/javiervarelactor.com\/#\/schema\/person\/e3104f2f3cca87d9a07b40f5281c02ba"},"description":"V\u00eddeo resumen de la Gala Citr\u00f6en 2017 Gepsa en Vigo. Dirigida, guionizada y presentada por Javier Varela acompa\u00f1ado de Manqui\u00f1a, Oswaldo Dig\u00f3n y GraneroVideo.","breadcrumb":{"@id":"https:\/\/javiervarelactor.com\/?p=1297#breadcrumb"},"inLanguage":"es","potentialAction":[{"@type":"ReadAction","target":["https:\/\/javiervarelactor.com\/?p=1297"]}]},{"@type":"ImageObject","inLanguage":"es","@id":"https:\/\/javiervarelactor.com\/?p=1297#primaryimage","url":"https:\/\/javiervarelactor.com\/wp-content\/uploads\/2018\/07\/vigo.jpg","contentUrl":"https:\/\/javiervarelactor.com\/wp-content\/uploads\/2018\/07\/vigo.jpg","width":1152,"height":768,"caption":"presentador eventos galicia"},{"@type":"BreadcrumbList","@id":"https:\/\/javiervarelactor.com\/?p=1297#breadcrumb","itemListElement":[{"@type":"ListItem","position":1,"name":"Inicio","item":"https:\/\/javiervarelactor.com\/"},{"@type":"ListItem","position":2,"name":"Resumen Gala Citr\u00f6en 2017 \u2013 Presentador de eventos"}]},{"@type":"WebSite","@id":"https:\/\/javiervarelactor.com\/#website","url":"https:\/\/javiervarelactor.com\/","name":"Javier Varela","description":"Actor y Presentador","potentialAction":[{"@type":"SearchAction","target":{"@type":"EntryPoint","urlTemplate":"https:\/\/javiervarelactor.com\/?s={search_term_string}"},"query-input":"required name=search_term_string"}],"inLanguage":"es"},{"@type":"Person","@id":"https:\/\/javiervarelactor.com\/#\/schema\/person\/e3104f2f3cca87d9a07b40f5281c02ba","name":"Javier Varela","image":{"@type":"ImageObject","inLanguage":"es","@id":"https:\/\/javiervarelactor.com\/#\/schema\/person\/image\/","url":"https:\/\/secure.gravatar.com\/avatar\/858edfdbe98ed682c9723085564a87b3?s=96&d=mm&r=g","contentUrl":"https:\/\/secure.gravatar.com\/avatar\/858edfdbe98ed682c9723085564a87b3?s=96&d=mm&r=g","caption":"Javier Varela"},"sameAs":["http:\/\/www.javiervarelactor.com"],"url":"https:\/\/javiervarelactor.com\/?author=1"}]}},"_links":{"self":[{"href":"https:\/\/javiervarelactor.com\/index.php?rest_route=\/wp\/v2\/posts\/1297"}],"collection":[{"href":"https:\/\/javiervarelactor.com\/index.php?rest_route=\/wp\/v2\/posts"}],"about":[{"href":"https:\/\/javiervarelactor.com\/index.php?rest_route=\/wp\/v2\/types\/post"}],"author":[{"embeddable":true,"href":"https:\/\/javiervarelactor.com\/index.php?rest_route=\/wp\/v2\/users\/1"}],"replies":[{"embeddable":true,"href":"https:\/\/javiervarelactor.com\/index.php?rest_route=%2Fwp%2Fv2%2Fcomments&post=1297"}],"version-history":[{"count":4,"href":"https:\/\/javiervarelactor.com\/index.php?rest_route=\/wp\/v2\/posts\/1297\/revisions"}],"predecessor-version":[{"id":1302,"href":"https:\/\/javiervarelactor.com\/index.php?rest_route=\/wp\/v2\/posts\/1297\/revisions\/1302"}],"wp:featuredmedia":[{"embeddable":true,"href":"https:\/\/javiervarelactor.com\/index.php?rest_route=\/wp\/v2\/media\/1298"}],"wp:attachment":[{"href":"https:\/\/javiervarelactor.com\/index.php?rest_route=%2Fwp%2Fv2%2Fmedia&parent=1297"}],"wp:term":[{"taxonomy":"category","embeddable":true,"href":"https:\/\/javiervarelactor.com\/index.php?rest_route=%2Fwp%2Fv2%2Fcategories&post=1297"},{"taxonomy":"post_tag","embeddable":true,"href":"https:\/\/javiervarelactor.com\/index.php?rest_route=%2Fwp%2Fv2%2Ftags&post=1297"}],"curies":[{"name":"wp","href":"https:\/\/api.w.org\/{rel}","templated":true}]}}