{"id":1287,"date":"2018-05-09T11:38:24","date_gmt":"2018-05-09T11:38:24","guid":{"rendered":"http:\/\/javiervarelactor.com\/?p=1287"},"modified":"2018-05-09T11:53:23","modified_gmt":"2018-05-09T11:53:23","slug":"pregon-xxxii-festa-do-choco-redondela","status":"publish","type":"post","link":"https:\/\/javiervarelactor.com\/?p=1287","title":{"rendered":"Preg\u00f3n XXXII Festa do Choco Redondela"},"content":{"rendered":"<p><a href=\"http:\/\/javiervarelactor.com\/wp-content\/uploads\/2018\/05\/FullSizeRender1.jpg\"><img loading=\"lazy\" decoding=\"async\" class=\"size-medium wp-image-1289 alignleft\" src=\"http:\/\/javiervarelactor.com\/wp-content\/uploads\/2018\/05\/FullSizeRender1-236x300.jpg\" alt=\"pregon festa do choco 2018\" width=\"236\" height=\"300\" srcset=\"https:\/\/javiervarelactor.com\/wp-content\/uploads\/2018\/05\/FullSizeRender1-236x300.jpg 236w, https:\/\/javiervarelactor.com\/wp-content\/uploads\/2018\/05\/FullSizeRender1.jpg 640w\" sizes=\"(max-width: 236px) 100vw, 236px\" \/><\/a><span style=\"color: #000000;\">Preg\u00f3n XXXII Festa do Choco Redondela &#8211; El pr\u00f3ximo <strong>domingo 13 de Mayo a las 12.30 del mediod\u00eda<\/strong> tendr\u00e9 el honor de ser el pregonero de la XXXII edici\u00f3n de la Fiesta del Choco en Redondela, Pontevedra.<\/span><\/p>\n<p><span style=\"color: #000000;\">Pasaremos un buen rato celebrando una de las fiestas m\u00e1s atractivas de Galicia, festejando la gastronom\u00eda y buen ambiente en esta localidad, donde ya he tenido la oportunidad de comprobar el buen humor y disposici\u00f3n a compartir risas de sus vecinos.<\/span><\/p>\n<p><span style=\"color: #000000;\">Me gustar\u00eda mandar un saludo a todas las redondelanas y redondelanos, deseandoles que disfruten de estos d\u00edas de fiesta y anim\u00e1ndoles a participar en las actividades que les esperan. <\/span><\/p>\n<p><span style=\"color: #000000;\">Un gustazo poder compartir unas risas con todos el pr\u00f3ximo domigo. Pasadlo muy bien pero manteneos frescos, recordad, domingo a las 12.30 del mediod\u00eda.<\/span><\/p>\n<p><a href=\"http:\/\/javiervarelactor.com\/wp-content\/uploads\/2018\/05\/javi-varela_abr_2018_025_edit.jpg\"><img loading=\"lazy\" decoding=\"async\" class=\"size-medium wp-image-1288 aligncenter\" src=\"http:\/\/javiervarelactor.com\/wp-content\/uploads\/2018\/05\/javi-varela_abr_2018_025_edit-300x169.jpg\" alt=\"Javier Varela\" width=\"300\" height=\"169\" srcset=\"https:\/\/javiervarelactor.com\/wp-content\/uploads\/2018\/05\/javi-varela_abr_2018_025_edit-300x169.jpg 300w, https:\/\/javiervarelactor.com\/wp-content\/uploads\/2018\/05\/javi-varela_abr_2018_025_edit-1024x577.jpg 1024w\" sizes=\"(max-width: 300px) 100vw, 300px\" \/><\/a><\/p>\n","protected":false},"excerpt":{"rendered":"<p>Preg\u00f3n XXXII Festa do Choco Redondela &#8211; El pr\u00f3ximo domingo 13 de Mayo a las 12.30 del mediod\u00eda tendr\u00e9 el honor de ser el pregonero de la XXXII edici\u00f3n de la Fiesta del Choco en Redondela, Pontevedra. Pasaremos un buen rato celebrando una de las fiestas m\u00e1s atractivas de Galicia, festejando la gastronom\u00eda y buen <a class=\"read-more\" href=\"https:\/\/javiervarelactor.com\/?p=1287\">Leer m\u00e1s<\/a><\/p>\n","protected":false},"author":1,"featured_media":1289,"comment_status":"closed","ping_status":"open","sticky":false,"template":"","format":"standard","meta":{"_monsterinsights_skip_tracking":false,"_monsterinsights_sitenote_active":false,"_monsterinsights_sitenote_note":"","_monsterinsights_sitenote_category":0,"footnotes":""},"categories":[41,2,22],"tags":[83,39,37,84],"yoast_head":"<!-- This site is optimized with the Yoast SEO plugin v22.7 - https:\/\/yoast.com\/wordpress\/plugins\/seo\/ -->\n<title>Preg\u00f3n XXXII Festa do Choco Redondela - Javier Varela<\/title>\n<meta name=\"description\" content=\"Preg\u00f3n XXXII Festa do Choco Redondela - Javier Varela pregonero de la Fiesta del Choco en Redondela, Pontevedra el domingo 13 de Mayo de 2018 a las 12.30h\" \/>\n<meta name=\"robots\" content=\"index, follow, max-snippet:-1, max-image-preview:large, max-video-preview:-1\" \/>\n<link rel=\"canonical\" href=\"https:\/\/javiervarelactor.com\/?p=1287\" \/>\n<meta property=\"og:locale\" content=\"es_ES\" \/>\n<meta property=\"og:type\" content=\"article\" \/>\n<meta property=\"og:title\" content=\"Preg\u00f3n XXXII Festa do Choco Redondela - Javier Varela\" \/>\n<meta property=\"og:description\" content=\"Preg\u00f3n XXXII Festa do Choco Redondela - Javier Varela pregonero de la Fiesta del Choco en Redondela, Pontevedra el domingo 13 de Mayo de 2018 a las 12.30h\" \/>\n<meta property=\"og:url\" content=\"https:\/\/javiervarelactor.com\/?p=1287\" \/>\n<meta property=\"og:site_name\" content=\"Javier Varela\" \/>\n<meta property=\"article:publisher\" content=\"https:\/\/www.facebook.com\/pages\/Javier-Varela\/145894855509796?sk=info&amp;amp%3bamp%3bamp%3bamp%3btab=page_info\" \/>\n<meta property=\"article:published_time\" content=\"2018-05-09T11:38:24+00:00\" \/>\n<meta property=\"article:modified_time\" content=\"2018-05-09T11:53:23+00:00\" \/>\n<meta property=\"og:image\" content=\"https:\/\/javiervarelactor.com\/wp-content\/uploads\/2018\/05\/FullSizeRender1.jpg\" \/>\n\t<meta property=\"og:image:width\" content=\"640\" \/>\n\t<meta property=\"og:image:height\" content=\"812\" \/>\n\t<meta property=\"og:image:type\" content=\"image\/jpeg\" \/>\n<meta name=\"author\" content=\"Javier Varela\" \/>\n<meta name=\"twitter:label1\" content=\"Escrito por\" \/>\n\t<meta name=\"twitter:data1\" content=\"Javier Varela\" \/>\n\t<meta name=\"twitter:label2\" content=\"Tiempo de lectura\" \/>\n\t<meta name=\"twitter:data2\" content=\"1 minuto\" \/>\n<script type=\"application\/ld+json\" class=\"yoast-schema-graph\">{\"@context\":\"https:\/\/schema.org\",\"@graph\":[{\"@type\":\"WebPage\",\"@id\":\"https:\/\/javiervarelactor.com\/?p=1287\",\"url\":\"https:\/\/javiervarelactor.com\/?p=1287\",\"name\":\"Preg\u00f3n XXXII Festa do Choco Redondela - Javier Varela\",\"isPartOf\":{\"@id\":\"https:\/\/javiervarelactor.com\/#website\"},\"primaryImageOfPage\":{\"@id\":\"https:\/\/javiervarelactor.com\/?p=1287#primaryimage\"},\"image\":{\"@id\":\"https:\/\/javiervarelactor.com\/?p=1287#primaryimage\"},\"thumbnailUrl\":\"https:\/\/javiervarelactor.com\/wp-content\/uploads\/2018\/05\/FullSizeRender1.jpg\",\"datePublished\":\"2018-05-09T11:38:24+00:00\",\"dateModified\":\"2018-05-09T11:53:23+00:00\",\"author\":{\"@id\":\"https:\/\/javiervarelactor.com\/#\/schema\/person\/e3104f2f3cca87d9a07b40f5281c02ba\"},\"description\":\"Preg\u00f3n XXXII Festa do Choco Redondela - Javier Varela pregonero de la Fiesta del Choco en Redondela, Pontevedra el domingo 13 de Mayo de 2018 a las 12.30h\",\"breadcrumb\":{\"@id\":\"https:\/\/javiervarelactor.com\/?p=1287#breadcrumb\"},\"inLanguage\":\"es\",\"potentialAction\":[{\"@type\":\"ReadAction\",\"target\":[\"https:\/\/javiervarelactor.com\/?p=1287\"]}]},{\"@type\":\"ImageObject\",\"inLanguage\":\"es\",\"@id\":\"https:\/\/javiervarelactor.com\/?p=1287#primaryimage\",\"url\":\"https:\/\/javiervarelactor.com\/wp-content\/uploads\/2018\/05\/FullSizeRender1.jpg\",\"contentUrl\":\"https:\/\/javiervarelactor.com\/wp-content\/uploads\/2018\/05\/FullSizeRender1.jpg\",\"width\":640,\"height\":812,\"caption\":\"pregon festa do choco 2018\"},{\"@type\":\"BreadcrumbList\",\"@id\":\"https:\/\/javiervarelactor.com\/?p=1287#breadcrumb\",\"itemListElement\":[{\"@type\":\"ListItem\",\"position\":1,\"name\":\"Inicio\",\"item\":\"https:\/\/javiervarelactor.com\/\"},{\"@type\":\"ListItem\",\"position\":2,\"name\":\"Preg\u00f3n XXXII Festa do Choco Redondela\"}]},{\"@type\":\"WebSite\",\"@id\":\"https:\/\/javiervarelactor.com\/#website\",\"url\":\"https:\/\/javiervarelactor.com\/\",\"name\":\"Javier Varela\",\"description\":\"Actor y Presentador\",\"potentialAction\":[{\"@type\":\"SearchAction\",\"target\":{\"@type\":\"EntryPoint\",\"urlTemplate\":\"https:\/\/javiervarelactor.com\/?s={search_term_string}\"},\"query-input\":\"required name=search_term_string\"}],\"inLanguage\":\"es\"},{\"@type\":\"Person\",\"@id\":\"https:\/\/javiervarelactor.com\/#\/schema\/person\/e3104f2f3cca87d9a07b40f5281c02ba\",\"name\":\"Javier Varela\",\"image\":{\"@type\":\"ImageObject\",\"inLanguage\":\"es\",\"@id\":\"https:\/\/javiervarelactor.com\/#\/schema\/person\/image\/\",\"url\":\"https:\/\/secure.gravatar.com\/avatar\/858edfdbe98ed682c9723085564a87b3?s=96&d=mm&r=g\",\"contentUrl\":\"https:\/\/secure.gravatar.com\/avatar\/858edfdbe98ed682c9723085564a87b3?s=96&d=mm&r=g\",\"caption\":\"Javier Varela\"},\"sameAs\":[\"http:\/\/www.javiervarelactor.com\"],\"url\":\"https:\/\/javiervarelactor.com\/?author=1\"}]}<\/script>\n<!-- \/ Yoast SEO plugin. -->","yoast_head_json":{"title":"Preg\u00f3n XXXII Festa do Choco Redondela - Javier Varela","description":"Preg\u00f3n XXXII Festa do Choco Redondela - Javier Varela pregonero de la Fiesta del Choco en Redondela, Pontevedra el domingo 13 de Mayo de 2018 a las 12.30h","robots":{"index":"index","follow":"follow","max-snippet":"max-snippet:-1","max-image-preview":"max-image-preview:large","max-video-preview":"max-video-preview:-1"},"canonical":"https:\/\/javiervarelactor.com\/?p=1287","og_locale":"es_ES","og_type":"article","og_title":"Preg\u00f3n XXXII Festa do Choco Redondela - Javier Varela","og_description":"Preg\u00f3n XXXII Festa do Choco Redondela - Javier Varela pregonero de la Fiesta del Choco en Redondela, Pontevedra el domingo 13 de Mayo de 2018 a las 12.30h","og_url":"https:\/\/javiervarelactor.com\/?p=1287","og_site_name":"Javier Varela","article_publisher":"https:\/\/www.facebook.com\/pages\/Javier-Varela\/145894855509796?sk=info&amp%3bamp%3bamp%3bamp%3btab=page_info","article_published_time":"2018-05-09T11:38:24+00:00","article_modified_time":"2018-05-09T11:53:23+00:00","og_image":[{"width":640,"height":812,"url":"https:\/\/javiervarelactor.com\/wp-content\/uploads\/2018\/05\/FullSizeRender1.jpg","type":"image\/jpeg"}],"author":"Javier Varela","twitter_misc":{"Escrito por":"Javier Varela","Tiempo de lectura":"1 minuto"},"schema":{"@context":"https:\/\/schema.org","@graph":[{"@type":"WebPage","@id":"https:\/\/javiervarelactor.com\/?p=1287","url":"https:\/\/javiervarelactor.com\/?p=1287","name":"Preg\u00f3n XXXII Festa do Choco Redondela - Javier Varela","isPartOf":{"@id":"https:\/\/javiervarelactor.com\/#website"},"primaryImageOfPage":{"@id":"https:\/\/javiervarelactor.com\/?p=1287#primaryimage"},"image":{"@id":"https:\/\/javiervarelactor.com\/?p=1287#primaryimage"},"thumbnailUrl":"https:\/\/javiervarelactor.com\/wp-content\/uploads\/2018\/05\/FullSizeRender1.jpg","datePublished":"2018-05-09T11:38:24+00:00","dateModified":"2018-05-09T11:53:23+00:00","author":{"@id":"https:\/\/javiervarelactor.com\/#\/schema\/person\/e3104f2f3cca87d9a07b40f5281c02ba"},"description":"Preg\u00f3n XXXII Festa do Choco Redondela - Javier Varela pregonero de la Fiesta del Choco en Redondela, Pontevedra el domingo 13 de Mayo de 2018 a las 12.30h","breadcrumb":{"@id":"https:\/\/javiervarelactor.com\/?p=1287#breadcrumb"},"inLanguage":"es","potentialAction":[{"@type":"ReadAction","target":["https:\/\/javiervarelactor.com\/?p=1287"]}]},{"@type":"ImageObject","inLanguage":"es","@id":"https:\/\/javiervarelactor.com\/?p=1287#primaryimage","url":"https:\/\/javiervarelactor.com\/wp-content\/uploads\/2018\/05\/FullSizeRender1.jpg","contentUrl":"https:\/\/javiervarelactor.com\/wp-content\/uploads\/2018\/05\/FullSizeRender1.jpg","width":640,"height":812,"caption":"pregon festa do choco 2018"},{"@type":"BreadcrumbList","@id":"https:\/\/javiervarelactor.com\/?p=1287#breadcrumb","itemListElement":[{"@type":"ListItem","position":1,"name":"Inicio","item":"https:\/\/javiervarelactor.com\/"},{"@type":"ListItem","position":2,"name":"Preg\u00f3n XXXII Festa do Choco Redondela"}]},{"@type":"WebSite","@id":"https:\/\/javiervarelactor.com\/#website","url":"https:\/\/javiervarelactor.com\/","name":"Javier Varela","description":"Actor y Presentador","potentialAction":[{"@type":"SearchAction","target":{"@type":"EntryPoint","urlTemplate":"https:\/\/javiervarelactor.com\/?s={search_term_string}"},"query-input":"required name=search_term_string"}],"inLanguage":"es"},{"@type":"Person","@id":"https:\/\/javiervarelactor.com\/#\/schema\/person\/e3104f2f3cca87d9a07b40f5281c02ba","name":"Javier Varela","image":{"@type":"ImageObject","inLanguage":"es","@id":"https:\/\/javiervarelactor.com\/#\/schema\/person\/image\/","url":"https:\/\/secure.gravatar.com\/avatar\/858edfdbe98ed682c9723085564a87b3?s=96&d=mm&r=g","contentUrl":"https:\/\/secure.gravatar.com\/avatar\/858edfdbe98ed682c9723085564a87b3?s=96&d=mm&r=g","caption":"Javier Varela"},"sameAs":["http:\/\/www.javiervarelactor.com"],"url":"https:\/\/javiervarelactor.com\/?author=1"}]}},"_links":{"self":[{"href":"https:\/\/javiervarelactor.com\/index.php?rest_route=\/wp\/v2\/posts\/1287"}],"collection":[{"href":"https:\/\/javiervarelactor.com\/index.php?rest_route=\/wp\/v2\/posts"}],"about":[{"href":"https:\/\/javiervarelactor.com\/index.php?rest_route=\/wp\/v2\/types\/post"}],"author":[{"embeddable":true,"href":"https:\/\/javiervarelactor.com\/index.php?rest_route=\/wp\/v2\/users\/1"}],"replies":[{"embeddable":true,"href":"https:\/\/javiervarelactor.com\/index.php?rest_route=%2Fwp%2Fv2%2Fcomments&post=1287"}],"version-history":[{"count":3,"href":"https:\/\/javiervarelactor.com\/index.php?rest_route=\/wp\/v2\/posts\/1287\/revisions"}],"predecessor-version":[{"id":1292,"href":"https:\/\/javiervarelactor.com\/index.php?rest_route=\/wp\/v2\/posts\/1287\/revisions\/1292"}],"wp:featuredmedia":[{"embeddable":true,"href":"https:\/\/javiervarelactor.com\/index.php?rest_route=\/wp\/v2\/media\/1289"}],"wp:attachment":[{"href":"https:\/\/javiervarelactor.com\/index.php?rest_route=%2Fwp%2Fv2%2Fmedia&parent=1287"}],"wp:term":[{"taxonomy":"category","embeddable":true,"href":"https:\/\/javiervarelactor.com\/index.php?rest_route=%2Fwp%2Fv2%2Fcategories&post=1287"},{"taxonomy":"post_tag","embeddable":true,"href":"https:\/\/javiervarelactor.com\/index.php?rest_route=%2Fwp%2Fv2%2Ftags&post=1287"}],"curies":[{"name":"wp","href":"https:\/\/api.w.org\/{rel}","templated":true}]}}