{"id":1264,"date":"2018-04-29T10:57:39","date_gmt":"2018-04-29T10:57:39","guid":{"rendered":"http:\/\/javiervarelactor.com\/?p=1264"},"modified":"2018-04-29T10:57:39","modified_gmt":"2018-04-29T10:57:39","slug":"evento-transfrio-presentador-eventos","status":"publish","type":"post","link":"https:\/\/javiervarelactor.com\/?p=1264","title":{"rendered":"Evento Transfr\u00edo &#8211; Presentador eventos"},"content":{"rendered":"<p><a href=\"http:\/\/javiervarelactor.com\/wp-content\/uploads\/2018\/04\/2018-04-29-PHOTO-00000277.jpg\"><img loading=\"lazy\" decoding=\"async\" class=\"size-medium wp-image-1265 alignleft\" src=\"http:\/\/javiervarelactor.com\/wp-content\/uploads\/2018\/04\/2018-04-29-PHOTO-00000277-300x225.jpg\" alt=\"presentador evento transfrio\" width=\"300\" height=\"225\" srcset=\"https:\/\/javiervarelactor.com\/wp-content\/uploads\/2018\/04\/2018-04-29-PHOTO-00000277-300x225.jpg 300w, https:\/\/javiervarelactor.com\/wp-content\/uploads\/2018\/04\/2018-04-29-PHOTO-00000277.jpg 1024w\" sizes=\"(max-width: 300px) 100vw, 300px\" \/><\/a><span style=\"color: #000000;\">Evento Transfr\u00edo &#8211; Presentador eventos. Hace unos d\u00edas he tenido el placer de presentar la fiesta de inauguraci\u00f3n de las nuevas instalaciones de la empresa \u00ab<a style=\"color: #000000;\" href=\"http:\/\/transfrio.com\/\" target=\"_blank\">Transfr\u00edo<\/a>\u00bb en Benavente. Una fiesta a la altura de las grandes galas, un despliegue de calidad y servicio de mucha categor\u00eda gracias a Jose Manuel, Javier y Alberto. Gracias por cuidar cada detalle, por cuidarme a mi y por generar un ambiente tan c\u00f3modo.<\/span><\/p>\n<p><span style=\"color: #000000;\">Invitados, equipo y proveedores hemos disfrutado de un d\u00eda excelente: Catering Galicia deleit\u00f3 a los asistentes con un lujazo de men\u00fa y aperitivos, Jorge demostr\u00f3 que la buena m\u00fasica es capaz de levantar el \u00e1nimo a cualquiera.<\/span><\/p>\n<p><span style=\"color: #000000;\">El ambiente favoreci\u00f3 que pudiese disfrutar de cada una de las l\u00edneas de mis intervenciones, gracias por responder con risas y buen rollo. Trabajar as\u00ed es lo m\u00e1s parecido a disfrutar asi que, espero volver a conicidir con el equipo Transfr\u00edo. Por la manera de cuidar los detalles que tiene el equipo&#8230;pinta que no dejar\u00e9is de crecer.<\/span><\/p>\n<p><span style=\"color: #000000;\">Presentar eventos para empresas y crear contenidos personalizados es un trabajo intenso y delicado pero la satisfacci\u00f3n de un resultado tan elegante, merece la pena. Muchas gracias Transfr\u00edo y enhorabuena.<\/span><\/p>\n","protected":false},"excerpt":{"rendered":"<p>Evento Transfr\u00edo &#8211; Presentador eventos. Hace unos d\u00edas he tenido el placer de presentar la fiesta de inauguraci\u00f3n de las nuevas instalaciones de la empresa \u00abTransfr\u00edo\u00bb en Benavente. Una fiesta a la altura de las grandes galas, un despliegue de calidad y servicio de mucha categor\u00eda gracias a Jose Manuel, Javier y Alberto. Gracias por <a class=\"read-more\" href=\"https:\/\/javiervarelactor.com\/?p=1264\">Leer m\u00e1s<\/a><\/p>\n","protected":false},"author":1,"featured_media":1265,"comment_status":"closed","ping_status":"open","sticky":false,"template":"","format":"standard","meta":{"_monsterinsights_skip_tracking":false,"_monsterinsights_sitenote_active":false,"_monsterinsights_sitenote_note":"","_monsterinsights_sitenote_category":0,"footnotes":""},"categories":[22,78],"tags":[66],"yoast_head":"<!-- This site is optimized with the Yoast SEO plugin v22.7 - https:\/\/yoast.com\/wordpress\/plugins\/seo\/ -->\n<title>Evento Transfr\u00edo - Presentador eventos - Javier Varela<\/title>\n<meta name=\"description\" content=\"Javier Varela presenta y dirige el Evento Transfr\u00edo para la inauguraci\u00f3nd e sus nuevas instalaciones en Benavente- Presentador eventos\" \/>\n<meta name=\"robots\" content=\"index, follow, max-snippet:-1, max-image-preview:large, max-video-preview:-1\" \/>\n<link rel=\"canonical\" href=\"https:\/\/javiervarelactor.com\/?p=1264\" \/>\n<meta property=\"og:locale\" content=\"es_ES\" \/>\n<meta property=\"og:type\" content=\"article\" \/>\n<meta property=\"og:title\" content=\"Evento Transfr\u00edo - Presentador eventos - Javier Varela\" \/>\n<meta property=\"og:description\" content=\"Javier Varela presenta y dirige el Evento Transfr\u00edo para la inauguraci\u00f3nd e sus nuevas instalaciones en Benavente- Presentador eventos\" \/>\n<meta property=\"og:url\" content=\"https:\/\/javiervarelactor.com\/?p=1264\" \/>\n<meta property=\"og:site_name\" content=\"Javier Varela\" \/>\n<meta property=\"article:publisher\" content=\"https:\/\/www.facebook.com\/pages\/Javier-Varela\/145894855509796?sk=info&amp;amp%3bamp%3bamp%3bamp%3btab=page_info\" \/>\n<meta property=\"article:published_time\" content=\"2018-04-29T10:57:39+00:00\" \/>\n<meta property=\"og:image\" content=\"https:\/\/javiervarelactor.com\/wp-content\/uploads\/2018\/04\/2018-04-29-PHOTO-00000277.jpg\" \/>\n\t<meta property=\"og:image:width\" content=\"1024\" \/>\n\t<meta property=\"og:image:height\" content=\"768\" \/>\n\t<meta property=\"og:image:type\" content=\"image\/jpeg\" \/>\n<meta name=\"author\" content=\"Javier Varela\" \/>\n<meta name=\"twitter:label1\" content=\"Escrito por\" \/>\n\t<meta name=\"twitter:data1\" content=\"Javier Varela\" \/>\n\t<meta name=\"twitter:label2\" content=\"Tiempo de lectura\" \/>\n\t<meta name=\"twitter:data2\" content=\"1 minuto\" \/>\n<script type=\"application\/ld+json\" class=\"yoast-schema-graph\">{\"@context\":\"https:\/\/schema.org\",\"@graph\":[{\"@type\":\"WebPage\",\"@id\":\"https:\/\/javiervarelactor.com\/?p=1264\",\"url\":\"https:\/\/javiervarelactor.com\/?p=1264\",\"name\":\"Evento Transfr\u00edo - Presentador eventos - Javier Varela\",\"isPartOf\":{\"@id\":\"https:\/\/javiervarelactor.com\/#website\"},\"primaryImageOfPage\":{\"@id\":\"https:\/\/javiervarelactor.com\/?p=1264#primaryimage\"},\"image\":{\"@id\":\"https:\/\/javiervarelactor.com\/?p=1264#primaryimage\"},\"thumbnailUrl\":\"https:\/\/javiervarelactor.com\/wp-content\/uploads\/2018\/04\/2018-04-29-PHOTO-00000277.jpg\",\"datePublished\":\"2018-04-29T10:57:39+00:00\",\"dateModified\":\"2018-04-29T10:57:39+00:00\",\"author\":{\"@id\":\"https:\/\/javiervarelactor.com\/#\/schema\/person\/e3104f2f3cca87d9a07b40f5281c02ba\"},\"description\":\"Javier Varela presenta y dirige el Evento Transfr\u00edo para la inauguraci\u00f3nd e sus nuevas instalaciones en Benavente- Presentador eventos\",\"breadcrumb\":{\"@id\":\"https:\/\/javiervarelactor.com\/?p=1264#breadcrumb\"},\"inLanguage\":\"es\",\"potentialAction\":[{\"@type\":\"ReadAction\",\"target\":[\"https:\/\/javiervarelactor.com\/?p=1264\"]}]},{\"@type\":\"ImageObject\",\"inLanguage\":\"es\",\"@id\":\"https:\/\/javiervarelactor.com\/?p=1264#primaryimage\",\"url\":\"https:\/\/javiervarelactor.com\/wp-content\/uploads\/2018\/04\/2018-04-29-PHOTO-00000277.jpg\",\"contentUrl\":\"https:\/\/javiervarelactor.com\/wp-content\/uploads\/2018\/04\/2018-04-29-PHOTO-00000277.jpg\",\"width\":1024,\"height\":768,\"caption\":\"presentador evento transfrio\"},{\"@type\":\"BreadcrumbList\",\"@id\":\"https:\/\/javiervarelactor.com\/?p=1264#breadcrumb\",\"itemListElement\":[{\"@type\":\"ListItem\",\"position\":1,\"name\":\"Inicio\",\"item\":\"https:\/\/javiervarelactor.com\/\"},{\"@type\":\"ListItem\",\"position\":2,\"name\":\"Evento Transfr\u00edo &#8211; Presentador eventos\"}]},{\"@type\":\"WebSite\",\"@id\":\"https:\/\/javiervarelactor.com\/#website\",\"url\":\"https:\/\/javiervarelactor.com\/\",\"name\":\"Javier Varela\",\"description\":\"Actor y Presentador\",\"potentialAction\":[{\"@type\":\"SearchAction\",\"target\":{\"@type\":\"EntryPoint\",\"urlTemplate\":\"https:\/\/javiervarelactor.com\/?s={search_term_string}\"},\"query-input\":\"required name=search_term_string\"}],\"inLanguage\":\"es\"},{\"@type\":\"Person\",\"@id\":\"https:\/\/javiervarelactor.com\/#\/schema\/person\/e3104f2f3cca87d9a07b40f5281c02ba\",\"name\":\"Javier Varela\",\"image\":{\"@type\":\"ImageObject\",\"inLanguage\":\"es\",\"@id\":\"https:\/\/javiervarelactor.com\/#\/schema\/person\/image\/\",\"url\":\"https:\/\/secure.gravatar.com\/avatar\/858edfdbe98ed682c9723085564a87b3?s=96&d=mm&r=g\",\"contentUrl\":\"https:\/\/secure.gravatar.com\/avatar\/858edfdbe98ed682c9723085564a87b3?s=96&d=mm&r=g\",\"caption\":\"Javier Varela\"},\"sameAs\":[\"http:\/\/www.javiervarelactor.com\"],\"url\":\"https:\/\/javiervarelactor.com\/?author=1\"}]}<\/script>\n<!-- \/ Yoast SEO plugin. -->","yoast_head_json":{"title":"Evento Transfr\u00edo - Presentador eventos - Javier Varela","description":"Javier Varela presenta y dirige el Evento Transfr\u00edo para la inauguraci\u00f3nd e sus nuevas instalaciones en Benavente- Presentador eventos","robots":{"index":"index","follow":"follow","max-snippet":"max-snippet:-1","max-image-preview":"max-image-preview:large","max-video-preview":"max-video-preview:-1"},"canonical":"https:\/\/javiervarelactor.com\/?p=1264","og_locale":"es_ES","og_type":"article","og_title":"Evento Transfr\u00edo - Presentador eventos - Javier Varela","og_description":"Javier Varela presenta y dirige el Evento Transfr\u00edo para la inauguraci\u00f3nd e sus nuevas instalaciones en Benavente- Presentador eventos","og_url":"https:\/\/javiervarelactor.com\/?p=1264","og_site_name":"Javier Varela","article_publisher":"https:\/\/www.facebook.com\/pages\/Javier-Varela\/145894855509796?sk=info&amp%3bamp%3bamp%3bamp%3btab=page_info","article_published_time":"2018-04-29T10:57:39+00:00","og_image":[{"width":1024,"height":768,"url":"https:\/\/javiervarelactor.com\/wp-content\/uploads\/2018\/04\/2018-04-29-PHOTO-00000277.jpg","type":"image\/jpeg"}],"author":"Javier Varela","twitter_misc":{"Escrito por":"Javier Varela","Tiempo de lectura":"1 minuto"},"schema":{"@context":"https:\/\/schema.org","@graph":[{"@type":"WebPage","@id":"https:\/\/javiervarelactor.com\/?p=1264","url":"https:\/\/javiervarelactor.com\/?p=1264","name":"Evento Transfr\u00edo - Presentador eventos - Javier Varela","isPartOf":{"@id":"https:\/\/javiervarelactor.com\/#website"},"primaryImageOfPage":{"@id":"https:\/\/javiervarelactor.com\/?p=1264#primaryimage"},"image":{"@id":"https:\/\/javiervarelactor.com\/?p=1264#primaryimage"},"thumbnailUrl":"https:\/\/javiervarelactor.com\/wp-content\/uploads\/2018\/04\/2018-04-29-PHOTO-00000277.jpg","datePublished":"2018-04-29T10:57:39+00:00","dateModified":"2018-04-29T10:57:39+00:00","author":{"@id":"https:\/\/javiervarelactor.com\/#\/schema\/person\/e3104f2f3cca87d9a07b40f5281c02ba"},"description":"Javier Varela presenta y dirige el Evento Transfr\u00edo para la inauguraci\u00f3nd e sus nuevas instalaciones en Benavente- Presentador eventos","breadcrumb":{"@id":"https:\/\/javiervarelactor.com\/?p=1264#breadcrumb"},"inLanguage":"es","potentialAction":[{"@type":"ReadAction","target":["https:\/\/javiervarelactor.com\/?p=1264"]}]},{"@type":"ImageObject","inLanguage":"es","@id":"https:\/\/javiervarelactor.com\/?p=1264#primaryimage","url":"https:\/\/javiervarelactor.com\/wp-content\/uploads\/2018\/04\/2018-04-29-PHOTO-00000277.jpg","contentUrl":"https:\/\/javiervarelactor.com\/wp-content\/uploads\/2018\/04\/2018-04-29-PHOTO-00000277.jpg","width":1024,"height":768,"caption":"presentador evento transfrio"},{"@type":"BreadcrumbList","@id":"https:\/\/javiervarelactor.com\/?p=1264#breadcrumb","itemListElement":[{"@type":"ListItem","position":1,"name":"Inicio","item":"https:\/\/javiervarelactor.com\/"},{"@type":"ListItem","position":2,"name":"Evento Transfr\u00edo &#8211; Presentador eventos"}]},{"@type":"WebSite","@id":"https:\/\/javiervarelactor.com\/#website","url":"https:\/\/javiervarelactor.com\/","name":"Javier Varela","description":"Actor y Presentador","potentialAction":[{"@type":"SearchAction","target":{"@type":"EntryPoint","urlTemplate":"https:\/\/javiervarelactor.com\/?s={search_term_string}"},"query-input":"required name=search_term_string"}],"inLanguage":"es"},{"@type":"Person","@id":"https:\/\/javiervarelactor.com\/#\/schema\/person\/e3104f2f3cca87d9a07b40f5281c02ba","name":"Javier Varela","image":{"@type":"ImageObject","inLanguage":"es","@id":"https:\/\/javiervarelactor.com\/#\/schema\/person\/image\/","url":"https:\/\/secure.gravatar.com\/avatar\/858edfdbe98ed682c9723085564a87b3?s=96&d=mm&r=g","contentUrl":"https:\/\/secure.gravatar.com\/avatar\/858edfdbe98ed682c9723085564a87b3?s=96&d=mm&r=g","caption":"Javier Varela"},"sameAs":["http:\/\/www.javiervarelactor.com"],"url":"https:\/\/javiervarelactor.com\/?author=1"}]}},"_links":{"self":[{"href":"https:\/\/javiervarelactor.com\/index.php?rest_route=\/wp\/v2\/posts\/1264"}],"collection":[{"href":"https:\/\/javiervarelactor.com\/index.php?rest_route=\/wp\/v2\/posts"}],"about":[{"href":"https:\/\/javiervarelactor.com\/index.php?rest_route=\/wp\/v2\/types\/post"}],"author":[{"embeddable":true,"href":"https:\/\/javiervarelactor.com\/index.php?rest_route=\/wp\/v2\/users\/1"}],"replies":[{"embeddable":true,"href":"https:\/\/javiervarelactor.com\/index.php?rest_route=%2Fwp%2Fv2%2Fcomments&post=1264"}],"version-history":[{"count":1,"href":"https:\/\/javiervarelactor.com\/index.php?rest_route=\/wp\/v2\/posts\/1264\/revisions"}],"predecessor-version":[{"id":1266,"href":"https:\/\/javiervarelactor.com\/index.php?rest_route=\/wp\/v2\/posts\/1264\/revisions\/1266"}],"wp:featuredmedia":[{"embeddable":true,"href":"https:\/\/javiervarelactor.com\/index.php?rest_route=\/wp\/v2\/media\/1265"}],"wp:attachment":[{"href":"https:\/\/javiervarelactor.com\/index.php?rest_route=%2Fwp%2Fv2%2Fmedia&parent=1264"}],"wp:term":[{"taxonomy":"category","embeddable":true,"href":"https:\/\/javiervarelactor.com\/index.php?rest_route=%2Fwp%2Fv2%2Fcategories&post=1264"},{"taxonomy":"post_tag","embeddable":true,"href":"https:\/\/javiervarelactor.com\/index.php?rest_route=%2Fwp%2Fv2%2Ftags&post=1264"}],"curies":[{"name":"wp","href":"https:\/\/api.w.org\/{rel}","templated":true}]}}