{"id":1251,"date":"2018-04-03T09:29:20","date_gmt":"2018-04-03T09:29:20","guid":{"rendered":"http:\/\/javiervarelactor.com\/?p=1251"},"modified":"2018-04-03T09:34:05","modified_gmt":"2018-04-03T09:34:05","slug":"voz-spot-albarino-rias-baixas-carne","status":"publish","type":"post","link":"https:\/\/javiervarelactor.com\/?p=1251","title":{"rendered":"Voz spot Albari\u00f1o Rias Baixas &#8211; Carne"},"content":{"rendered":"<p><span style=\"color: #000000;\">Os presento el \u00faltimo trabajo como locutor para el spot de Albari\u00f1o R\u00edas Baixas, en esta ocasi\u00f3n dedicado a las carnes. Este spot sigue a una serie de spots a los que he tenido el placer de poner voz con anterioridad, dedicados al pescado, al arroz y al tartar. <\/span><\/p>\n<p><span style=\"color: #000000;\">Una campa\u00f1a deliciosa, tanto por el contenido, irresistible como podr\u00e9is ver, como por el resultado, profesional y exquisito.<\/span><\/p>\n<p><span style=\"color: #000000;\">La voz como herramienta de trabajo es una de las labores con las que m\u00e1s disfruto; aparentemente sencilla, la locuci\u00f3n esconde dedicaci\u00f3n, esfuerzo y detalle milimetrado en cada segundo. El resultado de esta campa\u00f1a es un buen trabajo, en conjunto; la imagen, el mensaje y la factura final.<\/span><\/p>\n<p><span style=\"color: #000000;\">Os invito a ver el spot Albari\u00f1o Rias Baixas &#8211; Carne y si est\u00e1s interesado en conocer algo m\u00e1s sobre mi trabajo como <span style=\"color: #000080;\"><a style=\"color: #000080;\" href=\"http:\/\/javiervarelactor.com\/index.php\/locutor-doblador\/\" target=\"_blank\">locutor<\/a><\/span>, visita el apartado dedicado a ello en la<span style=\"color: #000080;\"><a style=\"color: #000080;\" href=\"http:\/\/javiervarelactor.com\/index.php\/locutor-doblador\/\" target=\"_blank\"> web aqu\u00ed<\/a><\/span>.<\/span><br \/>\n<iframe loading=\"lazy\" src=\"https:\/\/player.vimeo.com\/video\/260800315?color=b9fcf7&amp;portrait=0\" width=\"640\" height=\"360\" frameborder=\"0\" allowfullscreen=\"allowfullscreen\"><\/iframe><\/p>\n<p><a href=\"https:\/\/vimeo.com\/260800315\">Spot D.O. R\u00edas Baixas &#8211; \u201cHamburguesa\u201d<\/a><\/p>\n<p><span style=\"color: #000000;\">Como actor y locutor poner voz al spot Albari\u00f1o Rias Baixas &#8211; Carne dentro de la serie de piezas dedicadas a la denominaci\u00f3n de origen gallega y su combinaci\u00f3n con diferentes platos es un verdadero placer. Muchas gracias a Verve Creative Groupe una vez m\u00e1s por su confianza y por su profesionalidad.<\/span><\/p>\n","protected":false},"excerpt":{"rendered":"<p>Os presento el \u00faltimo trabajo como locutor para el spot de Albari\u00f1o R\u00edas Baixas, en esta ocasi\u00f3n dedicado a las carnes. Este spot sigue a una serie de spots a los que he tenido el placer de poner voz con anterioridad, dedicados al pescado, al arroz y al tartar. Una campa\u00f1a deliciosa, tanto por el <a class=\"read-more\" href=\"https:\/\/javiervarelactor.com\/?p=1251\">Leer m\u00e1s<\/a><\/p>\n","protected":false},"author":1,"featured_media":1253,"comment_status":"closed","ping_status":"open","sticky":false,"template":"","format":"standard","meta":{"_monsterinsights_skip_tracking":false,"_monsterinsights_sitenote_active":false,"_monsterinsights_sitenote_note":"","_monsterinsights_sitenote_category":0,"footnotes":""},"categories":[49],"tags":[81,82],"yoast_head":"<!-- This site is optimized with the Yoast SEO plugin v22.7 - https:\/\/yoast.com\/wordpress\/plugins\/seo\/ -->\n<title>Voz spot Albari\u00f1o Rias Baixas - Carne - Javier Varela actor<\/title>\n<meta name=\"description\" content=\"Javier Varela, actor y locutor pone voz al spot Albari\u00f1o Rias Baixas - Carne dentro de la serie de piezas dedicadas a la denominaci\u00f3n de origen gallega y su combinaci\u00f3n con diferentes platos.\" \/>\n<meta name=\"robots\" content=\"index, follow, max-snippet:-1, max-image-preview:large, max-video-preview:-1\" \/>\n<link rel=\"canonical\" href=\"https:\/\/javiervarelactor.com\/?p=1251\" \/>\n<meta property=\"og:locale\" content=\"es_ES\" \/>\n<meta property=\"og:type\" content=\"article\" \/>\n<meta property=\"og:title\" content=\"Voz spot Albari\u00f1o Rias Baixas - Carne - Javier Varela actor\" \/>\n<meta property=\"og:description\" content=\"Javier Varela, actor y locutor pone voz al spot Albari\u00f1o Rias Baixas - Carne dentro de la serie de piezas dedicadas a la denominaci\u00f3n de origen gallega y su combinaci\u00f3n con diferentes platos.\" \/>\n<meta property=\"og:url\" content=\"https:\/\/javiervarelactor.com\/?p=1251\" \/>\n<meta property=\"og:site_name\" content=\"Javier Varela\" \/>\n<meta property=\"article:publisher\" content=\"https:\/\/www.facebook.com\/pages\/Javier-Varela\/145894855509796?sk=info&amp;amp%3bamp%3bamp%3bamp%3btab=page_info\" \/>\n<meta property=\"article:published_time\" content=\"2018-04-03T09:29:20+00:00\" \/>\n<meta property=\"article:modified_time\" content=\"2018-04-03T09:34:05+00:00\" \/>\n<meta property=\"og:image\" content=\"https:\/\/javiervarelactor.com\/wp-content\/uploads\/2018\/04\/albari\u00f1o-hamburguesa.jpg\" \/>\n\t<meta property=\"og:image:width\" content=\"864\" \/>\n\t<meta property=\"og:image:height\" content=\"485\" \/>\n\t<meta property=\"og:image:type\" content=\"image\/jpeg\" \/>\n<meta name=\"author\" content=\"Javier Varela\" \/>\n<meta name=\"twitter:label1\" content=\"Escrito por\" \/>\n\t<meta name=\"twitter:data1\" content=\"Javier Varela\" \/>\n\t<meta name=\"twitter:label2\" content=\"Tiempo de lectura\" \/>\n\t<meta name=\"twitter:data2\" content=\"1 minuto\" \/>\n<script type=\"application\/ld+json\" class=\"yoast-schema-graph\">{\"@context\":\"https:\/\/schema.org\",\"@graph\":[{\"@type\":\"WebPage\",\"@id\":\"https:\/\/javiervarelactor.com\/?p=1251\",\"url\":\"https:\/\/javiervarelactor.com\/?p=1251\",\"name\":\"Voz spot Albari\u00f1o Rias Baixas - Carne - Javier Varela actor\",\"isPartOf\":{\"@id\":\"https:\/\/javiervarelactor.com\/#website\"},\"primaryImageOfPage\":{\"@id\":\"https:\/\/javiervarelactor.com\/?p=1251#primaryimage\"},\"image\":{\"@id\":\"https:\/\/javiervarelactor.com\/?p=1251#primaryimage\"},\"thumbnailUrl\":\"https:\/\/javiervarelactor.com\/wp-content\/uploads\/2018\/04\/albari\u00f1o-hamburguesa.jpg\",\"datePublished\":\"2018-04-03T09:29:20+00:00\",\"dateModified\":\"2018-04-03T09:34:05+00:00\",\"author\":{\"@id\":\"https:\/\/javiervarelactor.com\/#\/schema\/person\/e3104f2f3cca87d9a07b40f5281c02ba\"},\"description\":\"Javier Varela, actor y locutor pone voz al spot Albari\u00f1o Rias Baixas - Carne dentro de la serie de piezas dedicadas a la denominaci\u00f3n de origen gallega y su combinaci\u00f3n con diferentes platos.\",\"breadcrumb\":{\"@id\":\"https:\/\/javiervarelactor.com\/?p=1251#breadcrumb\"},\"inLanguage\":\"es\",\"potentialAction\":[{\"@type\":\"ReadAction\",\"target\":[\"https:\/\/javiervarelactor.com\/?p=1251\"]}]},{\"@type\":\"ImageObject\",\"inLanguage\":\"es\",\"@id\":\"https:\/\/javiervarelactor.com\/?p=1251#primaryimage\",\"url\":\"https:\/\/javiervarelactor.com\/wp-content\/uploads\/2018\/04\/albari\u00f1o-hamburguesa.jpg\",\"contentUrl\":\"https:\/\/javiervarelactor.com\/wp-content\/uploads\/2018\/04\/albari\u00f1o-hamburguesa.jpg\",\"width\":864,\"height\":485,\"caption\":\"albari\u00f1o hamburguesa\"},{\"@type\":\"BreadcrumbList\",\"@id\":\"https:\/\/javiervarelactor.com\/?p=1251#breadcrumb\",\"itemListElement\":[{\"@type\":\"ListItem\",\"position\":1,\"name\":\"Inicio\",\"item\":\"https:\/\/javiervarelactor.com\/\"},{\"@type\":\"ListItem\",\"position\":2,\"name\":\"Voz spot Albari\u00f1o Rias Baixas &#8211; Carne\"}]},{\"@type\":\"WebSite\",\"@id\":\"https:\/\/javiervarelactor.com\/#website\",\"url\":\"https:\/\/javiervarelactor.com\/\",\"name\":\"Javier Varela\",\"description\":\"Actor y Presentador\",\"potentialAction\":[{\"@type\":\"SearchAction\",\"target\":{\"@type\":\"EntryPoint\",\"urlTemplate\":\"https:\/\/javiervarelactor.com\/?s={search_term_string}\"},\"query-input\":\"required name=search_term_string\"}],\"inLanguage\":\"es\"},{\"@type\":\"Person\",\"@id\":\"https:\/\/javiervarelactor.com\/#\/schema\/person\/e3104f2f3cca87d9a07b40f5281c02ba\",\"name\":\"Javier Varela\",\"image\":{\"@type\":\"ImageObject\",\"inLanguage\":\"es\",\"@id\":\"https:\/\/javiervarelactor.com\/#\/schema\/person\/image\/\",\"url\":\"https:\/\/secure.gravatar.com\/avatar\/858edfdbe98ed682c9723085564a87b3?s=96&d=mm&r=g\",\"contentUrl\":\"https:\/\/secure.gravatar.com\/avatar\/858edfdbe98ed682c9723085564a87b3?s=96&d=mm&r=g\",\"caption\":\"Javier Varela\"},\"sameAs\":[\"http:\/\/www.javiervarelactor.com\"],\"url\":\"https:\/\/javiervarelactor.com\/?author=1\"}]}<\/script>\n<!-- \/ Yoast SEO plugin. -->","yoast_head_json":{"title":"Voz spot Albari\u00f1o Rias Baixas - Carne - Javier Varela actor","description":"Javier Varela, actor y locutor pone voz al spot Albari\u00f1o Rias Baixas - Carne dentro de la serie de piezas dedicadas a la denominaci\u00f3n de origen gallega y su combinaci\u00f3n con diferentes platos.","robots":{"index":"index","follow":"follow","max-snippet":"max-snippet:-1","max-image-preview":"max-image-preview:large","max-video-preview":"max-video-preview:-1"},"canonical":"https:\/\/javiervarelactor.com\/?p=1251","og_locale":"es_ES","og_type":"article","og_title":"Voz spot Albari\u00f1o Rias Baixas - Carne - Javier Varela actor","og_description":"Javier Varela, actor y locutor pone voz al spot Albari\u00f1o Rias Baixas - Carne dentro de la serie de piezas dedicadas a la denominaci\u00f3n de origen gallega y su combinaci\u00f3n con diferentes platos.","og_url":"https:\/\/javiervarelactor.com\/?p=1251","og_site_name":"Javier Varela","article_publisher":"https:\/\/www.facebook.com\/pages\/Javier-Varela\/145894855509796?sk=info&amp%3bamp%3bamp%3bamp%3btab=page_info","article_published_time":"2018-04-03T09:29:20+00:00","article_modified_time":"2018-04-03T09:34:05+00:00","og_image":[{"width":864,"height":485,"url":"https:\/\/javiervarelactor.com\/wp-content\/uploads\/2018\/04\/albari\u00f1o-hamburguesa.jpg","type":"image\/jpeg"}],"author":"Javier Varela","twitter_misc":{"Escrito por":"Javier Varela","Tiempo de lectura":"1 minuto"},"schema":{"@context":"https:\/\/schema.org","@graph":[{"@type":"WebPage","@id":"https:\/\/javiervarelactor.com\/?p=1251","url":"https:\/\/javiervarelactor.com\/?p=1251","name":"Voz spot Albari\u00f1o Rias Baixas - Carne - Javier Varela actor","isPartOf":{"@id":"https:\/\/javiervarelactor.com\/#website"},"primaryImageOfPage":{"@id":"https:\/\/javiervarelactor.com\/?p=1251#primaryimage"},"image":{"@id":"https:\/\/javiervarelactor.com\/?p=1251#primaryimage"},"thumbnailUrl":"https:\/\/javiervarelactor.com\/wp-content\/uploads\/2018\/04\/albari\u00f1o-hamburguesa.jpg","datePublished":"2018-04-03T09:29:20+00:00","dateModified":"2018-04-03T09:34:05+00:00","author":{"@id":"https:\/\/javiervarelactor.com\/#\/schema\/person\/e3104f2f3cca87d9a07b40f5281c02ba"},"description":"Javier Varela, actor y locutor pone voz al spot Albari\u00f1o Rias Baixas - Carne dentro de la serie de piezas dedicadas a la denominaci\u00f3n de origen gallega y su combinaci\u00f3n con diferentes platos.","breadcrumb":{"@id":"https:\/\/javiervarelactor.com\/?p=1251#breadcrumb"},"inLanguage":"es","potentialAction":[{"@type":"ReadAction","target":["https:\/\/javiervarelactor.com\/?p=1251"]}]},{"@type":"ImageObject","inLanguage":"es","@id":"https:\/\/javiervarelactor.com\/?p=1251#primaryimage","url":"https:\/\/javiervarelactor.com\/wp-content\/uploads\/2018\/04\/albari\u00f1o-hamburguesa.jpg","contentUrl":"https:\/\/javiervarelactor.com\/wp-content\/uploads\/2018\/04\/albari\u00f1o-hamburguesa.jpg","width":864,"height":485,"caption":"albari\u00f1o hamburguesa"},{"@type":"BreadcrumbList","@id":"https:\/\/javiervarelactor.com\/?p=1251#breadcrumb","itemListElement":[{"@type":"ListItem","position":1,"name":"Inicio","item":"https:\/\/javiervarelactor.com\/"},{"@type":"ListItem","position":2,"name":"Voz spot Albari\u00f1o Rias Baixas &#8211; Carne"}]},{"@type":"WebSite","@id":"https:\/\/javiervarelactor.com\/#website","url":"https:\/\/javiervarelactor.com\/","name":"Javier Varela","description":"Actor y Presentador","potentialAction":[{"@type":"SearchAction","target":{"@type":"EntryPoint","urlTemplate":"https:\/\/javiervarelactor.com\/?s={search_term_string}"},"query-input":"required name=search_term_string"}],"inLanguage":"es"},{"@type":"Person","@id":"https:\/\/javiervarelactor.com\/#\/schema\/person\/e3104f2f3cca87d9a07b40f5281c02ba","name":"Javier Varela","image":{"@type":"ImageObject","inLanguage":"es","@id":"https:\/\/javiervarelactor.com\/#\/schema\/person\/image\/","url":"https:\/\/secure.gravatar.com\/avatar\/858edfdbe98ed682c9723085564a87b3?s=96&d=mm&r=g","contentUrl":"https:\/\/secure.gravatar.com\/avatar\/858edfdbe98ed682c9723085564a87b3?s=96&d=mm&r=g","caption":"Javier Varela"},"sameAs":["http:\/\/www.javiervarelactor.com"],"url":"https:\/\/javiervarelactor.com\/?author=1"}]}},"_links":{"self":[{"href":"https:\/\/javiervarelactor.com\/index.php?rest_route=\/wp\/v2\/posts\/1251"}],"collection":[{"href":"https:\/\/javiervarelactor.com\/index.php?rest_route=\/wp\/v2\/posts"}],"about":[{"href":"https:\/\/javiervarelactor.com\/index.php?rest_route=\/wp\/v2\/types\/post"}],"author":[{"embeddable":true,"href":"https:\/\/javiervarelactor.com\/index.php?rest_route=\/wp\/v2\/users\/1"}],"replies":[{"embeddable":true,"href":"https:\/\/javiervarelactor.com\/index.php?rest_route=%2Fwp%2Fv2%2Fcomments&post=1251"}],"version-history":[{"count":3,"href":"https:\/\/javiervarelactor.com\/index.php?rest_route=\/wp\/v2\/posts\/1251\/revisions"}],"predecessor-version":[{"id":1256,"href":"https:\/\/javiervarelactor.com\/index.php?rest_route=\/wp\/v2\/posts\/1251\/revisions\/1256"}],"wp:featuredmedia":[{"embeddable":true,"href":"https:\/\/javiervarelactor.com\/index.php?rest_route=\/wp\/v2\/media\/1253"}],"wp:attachment":[{"href":"https:\/\/javiervarelactor.com\/index.php?rest_route=%2Fwp%2Fv2%2Fmedia&parent=1251"}],"wp:term":[{"taxonomy":"category","embeddable":true,"href":"https:\/\/javiervarelactor.com\/index.php?rest_route=%2Fwp%2Fv2%2Fcategories&post=1251"},{"taxonomy":"post_tag","embeddable":true,"href":"https:\/\/javiervarelactor.com\/index.php?rest_route=%2Fwp%2Fv2%2Ftags&post=1251"}],"curies":[{"name":"wp","href":"https:\/\/api.w.org\/{rel}","templated":true}]}}