{"id":1242,"date":"2018-03-07T13:05:11","date_gmt":"2018-03-07T13:05:11","guid":{"rendered":"http:\/\/javiervarelactor.com\/?p=1242"},"modified":"2018-03-07T13:05:11","modified_gmt":"2018-03-07T13:05:11","slug":"personaje-aldan-en-farina-javier-varela-actor","status":"publish","type":"post","link":"https:\/\/javiervarelactor.com\/?p=1242","title":{"rendered":"Personaje Ald\u00e1n en Fari\u00f1a &#8211; Javier Varela Actor"},"content":{"rendered":"<p><span style=\"color: #000000;\">Tras el exitoso estreno de la serie \u00ab<strong>Fari\u00f1a<\/strong>\u00bb producida por Bamb\u00fa y emitida en <a style=\"color: #000000;\" href=\"http:\/\/www.antena3.com\/series\/farina\/\" target=\"_blank\">Antena3<\/a>, este mi\u00e9rcoles d\u00eda 7 de marzo entra en escena Ald\u00e1n, el personaje que he tenido el placer de interpretar en \u00abFari\u00f1a\u00bb.<\/span><\/p>\n<p><span style=\"color: #000000;\">Un trabajo i<\/span><span style=\"color: #000000;\"><a href=\"http:\/\/javiervarelactor.com\/wp-content\/uploads\/2018\/03\/ald\u00e1n-en-fari\u00f1a.jpg\"><img loading=\"lazy\" decoding=\"async\" class=\"size-medium wp-image-1243 alignleft\" src=\"http:\/\/javiervarelactor.com\/wp-content\/uploads\/2018\/03\/ald\u00e1n-en-fari\u00f1a-300x225.jpg\" alt=\"ald\u00e1n en fari\u00f1a\" width=\"300\" height=\"225\" srcset=\"https:\/\/javiervarelactor.com\/wp-content\/uploads\/2018\/03\/ald\u00e1n-en-fari\u00f1a-300x225.jpg 300w, https:\/\/javiervarelactor.com\/wp-content\/uploads\/2018\/03\/ald\u00e1n-en-fari\u00f1a.jpg 960w\" sizes=\"(max-width: 300px) 100vw, 300px\" \/><\/a><\/span><span style=\"color: #000000;\">ntenso, interesante y muy profesional. Una oportunidad de formar parte de un equipo comprometido, implicado y serio durante varias jornadas de grabaci\u00f3n donde el despliegue de medios y de recursos humanos ha sido enorme. El resultado es evidente, una serie de una factura \u00fanica como mucho cr\u00edticos han opinado. La serie est\u00e1 inspirada en el pol\u00e9mico libro \u00abFari\u00f1a\u00bb de Nacho Carretero y plasma la historia, real, del narcotr\u00e1fico en Galicia durante los a\u00f1os 80-90.<\/span><\/p>\n<p><span style=\"color: #000000;\">Desde este mi\u00e9rcoles y durante varios cap\u00edtulos Ald\u00e1n entra en juego. En este enlace podr\u00e9is ver los cap\u00edtulos una vez hayan sido emitidos <a href=\"http:\/\/www.atresplayer.com\/television\/series\/farina\/\" target=\"_blank\">ver Fari\u00f1a aqu\u00ed<\/a><\/span><\/p>\n<p><span style=\"color: #000000;\">Espero que disfrut\u00e9is de esta fant\u00e1stica serie tanto como yo. Personaje Ald\u00e1n en Fari\u00f1a &#8211; Javier Varela <\/span><\/p>\n","protected":false},"excerpt":{"rendered":"<p>Tras el exitoso estreno de la serie \u00abFari\u00f1a\u00bb producida por Bamb\u00fa y emitida en Antena3, este mi\u00e9rcoles d\u00eda 7 de marzo entra en escena Ald\u00e1n, el personaje que he tenido el placer de interpretar en \u00abFari\u00f1a\u00bb. Un trabajo intenso, interesante y muy profesional. Una oportunidad de formar parte de un equipo comprometido, implicado y serio <a class=\"read-more\" href=\"https:\/\/javiervarelactor.com\/?p=1242\">Leer m\u00e1s<\/a><\/p>\n","protected":false},"author":1,"featured_media":1244,"comment_status":"closed","ping_status":"open","sticky":false,"template":"","format":"standard","meta":{"_monsterinsights_skip_tracking":false,"_monsterinsights_sitenote_active":false,"_monsterinsights_sitenote_note":"","_monsterinsights_sitenote_category":0,"footnotes":""},"categories":[21],"tags":[64,68],"yoast_head":"<!-- This site is optimized with the Yoast SEO plugin v22.7 - https:\/\/yoast.com\/wordpress\/plugins\/seo\/ -->\n<title>Personaje Ald\u00e1n en Fari\u00f1a - Javier Varela<\/title>\n<meta name=\"description\" content=\"Personaje Ald\u00e1n en Fari\u00f1a. Javier Varela Actor interpreta a Ald\u00e1n en la exitosa serie de Antena3 &quot;Fari\u00f1a&quot;. Personaje Ald\u00e1n en Fari\u00f1a - Javier Varela\" \/>\n<meta name=\"robots\" content=\"index, follow, max-snippet:-1, max-image-preview:large, max-video-preview:-1\" \/>\n<link rel=\"canonical\" href=\"https:\/\/javiervarelactor.com\/?p=1242\" \/>\n<meta property=\"og:locale\" content=\"es_ES\" \/>\n<meta property=\"og:type\" content=\"article\" \/>\n<meta property=\"og:title\" content=\"Personaje Ald\u00e1n en Fari\u00f1a - Javier Varela\" \/>\n<meta property=\"og:description\" content=\"Personaje Ald\u00e1n en Fari\u00f1a. Javier Varela Actor interpreta a Ald\u00e1n en la exitosa serie de Antena3 &quot;Fari\u00f1a&quot;. Personaje Ald\u00e1n en Fari\u00f1a - Javier Varela\" \/>\n<meta property=\"og:url\" content=\"https:\/\/javiervarelactor.com\/?p=1242\" \/>\n<meta property=\"og:site_name\" content=\"Javier Varela\" \/>\n<meta property=\"article:publisher\" content=\"https:\/\/www.facebook.com\/pages\/Javier-Varela\/145894855509796?sk=info&amp;amp%3bamp%3bamp%3bamp%3btab=page_info\" \/>\n<meta property=\"article:published_time\" content=\"2018-03-07T13:05:11+00:00\" \/>\n<meta property=\"og:image\" content=\"https:\/\/javiervarelactor.com\/wp-content\/uploads\/2018\/03\/javier-varela-en-fari\u00f1a.jpg\" \/>\n\t<meta property=\"og:image:width\" content=\"960\" \/>\n\t<meta property=\"og:image:height\" content=\"960\" \/>\n\t<meta property=\"og:image:type\" content=\"image\/jpeg\" \/>\n<meta name=\"author\" content=\"Javier Varela\" \/>\n<meta name=\"twitter:label1\" content=\"Escrito por\" \/>\n\t<meta name=\"twitter:data1\" content=\"Javier Varela\" \/>\n\t<meta name=\"twitter:label2\" content=\"Tiempo de lectura\" \/>\n\t<meta name=\"twitter:data2\" content=\"1 minuto\" \/>\n<script type=\"application\/ld+json\" class=\"yoast-schema-graph\">{\"@context\":\"https:\/\/schema.org\",\"@graph\":[{\"@type\":\"WebPage\",\"@id\":\"https:\/\/javiervarelactor.com\/?p=1242\",\"url\":\"https:\/\/javiervarelactor.com\/?p=1242\",\"name\":\"Personaje Ald\u00e1n en Fari\u00f1a - Javier Varela\",\"isPartOf\":{\"@id\":\"https:\/\/javiervarelactor.com\/#website\"},\"primaryImageOfPage\":{\"@id\":\"https:\/\/javiervarelactor.com\/?p=1242#primaryimage\"},\"image\":{\"@id\":\"https:\/\/javiervarelactor.com\/?p=1242#primaryimage\"},\"thumbnailUrl\":\"https:\/\/javiervarelactor.com\/wp-content\/uploads\/2018\/03\/javier-varela-en-fari\u00f1a.jpg\",\"datePublished\":\"2018-03-07T13:05:11+00:00\",\"dateModified\":\"2018-03-07T13:05:11+00:00\",\"author\":{\"@id\":\"https:\/\/javiervarelactor.com\/#\/schema\/person\/e3104f2f3cca87d9a07b40f5281c02ba\"},\"description\":\"Personaje Ald\u00e1n en Fari\u00f1a. Javier Varela Actor interpreta a Ald\u00e1n en la exitosa serie de Antena3 \\\"Fari\u00f1a\\\". Personaje Ald\u00e1n en Fari\u00f1a - Javier Varela\",\"breadcrumb\":{\"@id\":\"https:\/\/javiervarelactor.com\/?p=1242#breadcrumb\"},\"inLanguage\":\"es\",\"potentialAction\":[{\"@type\":\"ReadAction\",\"target\":[\"https:\/\/javiervarelactor.com\/?p=1242\"]}]},{\"@type\":\"ImageObject\",\"inLanguage\":\"es\",\"@id\":\"https:\/\/javiervarelactor.com\/?p=1242#primaryimage\",\"url\":\"https:\/\/javiervarelactor.com\/wp-content\/uploads\/2018\/03\/javier-varela-en-fari\u00f1a.jpg\",\"contentUrl\":\"https:\/\/javiervarelactor.com\/wp-content\/uploads\/2018\/03\/javier-varela-en-fari\u00f1a.jpg\",\"width\":960,\"height\":960},{\"@type\":\"BreadcrumbList\",\"@id\":\"https:\/\/javiervarelactor.com\/?p=1242#breadcrumb\",\"itemListElement\":[{\"@type\":\"ListItem\",\"position\":1,\"name\":\"Inicio\",\"item\":\"https:\/\/javiervarelactor.com\/\"},{\"@type\":\"ListItem\",\"position\":2,\"name\":\"Personaje Ald\u00e1n en Fari\u00f1a &#8211; Javier Varela Actor\"}]},{\"@type\":\"WebSite\",\"@id\":\"https:\/\/javiervarelactor.com\/#website\",\"url\":\"https:\/\/javiervarelactor.com\/\",\"name\":\"Javier Varela\",\"description\":\"Actor y Presentador\",\"potentialAction\":[{\"@type\":\"SearchAction\",\"target\":{\"@type\":\"EntryPoint\",\"urlTemplate\":\"https:\/\/javiervarelactor.com\/?s={search_term_string}\"},\"query-input\":\"required name=search_term_string\"}],\"inLanguage\":\"es\"},{\"@type\":\"Person\",\"@id\":\"https:\/\/javiervarelactor.com\/#\/schema\/person\/e3104f2f3cca87d9a07b40f5281c02ba\",\"name\":\"Javier Varela\",\"image\":{\"@type\":\"ImageObject\",\"inLanguage\":\"es\",\"@id\":\"https:\/\/javiervarelactor.com\/#\/schema\/person\/image\/\",\"url\":\"https:\/\/secure.gravatar.com\/avatar\/858edfdbe98ed682c9723085564a87b3?s=96&d=mm&r=g\",\"contentUrl\":\"https:\/\/secure.gravatar.com\/avatar\/858edfdbe98ed682c9723085564a87b3?s=96&d=mm&r=g\",\"caption\":\"Javier Varela\"},\"sameAs\":[\"http:\/\/www.javiervarelactor.com\"],\"url\":\"https:\/\/javiervarelactor.com\/?author=1\"}]}<\/script>\n<!-- \/ Yoast SEO plugin. -->","yoast_head_json":{"title":"Personaje Ald\u00e1n en Fari\u00f1a - Javier Varela","description":"Personaje Ald\u00e1n en Fari\u00f1a. Javier Varela Actor interpreta a Ald\u00e1n en la exitosa serie de Antena3 \"Fari\u00f1a\". Personaje Ald\u00e1n en Fari\u00f1a - Javier Varela","robots":{"index":"index","follow":"follow","max-snippet":"max-snippet:-1","max-image-preview":"max-image-preview:large","max-video-preview":"max-video-preview:-1"},"canonical":"https:\/\/javiervarelactor.com\/?p=1242","og_locale":"es_ES","og_type":"article","og_title":"Personaje Ald\u00e1n en Fari\u00f1a - Javier Varela","og_description":"Personaje Ald\u00e1n en Fari\u00f1a. Javier Varela Actor interpreta a Ald\u00e1n en la exitosa serie de Antena3 \"Fari\u00f1a\". Personaje Ald\u00e1n en Fari\u00f1a - Javier Varela","og_url":"https:\/\/javiervarelactor.com\/?p=1242","og_site_name":"Javier Varela","article_publisher":"https:\/\/www.facebook.com\/pages\/Javier-Varela\/145894855509796?sk=info&amp%3bamp%3bamp%3bamp%3btab=page_info","article_published_time":"2018-03-07T13:05:11+00:00","og_image":[{"width":960,"height":960,"url":"https:\/\/javiervarelactor.com\/wp-content\/uploads\/2018\/03\/javier-varela-en-fari\u00f1a.jpg","type":"image\/jpeg"}],"author":"Javier Varela","twitter_misc":{"Escrito por":"Javier Varela","Tiempo de lectura":"1 minuto"},"schema":{"@context":"https:\/\/schema.org","@graph":[{"@type":"WebPage","@id":"https:\/\/javiervarelactor.com\/?p=1242","url":"https:\/\/javiervarelactor.com\/?p=1242","name":"Personaje Ald\u00e1n en Fari\u00f1a - Javier Varela","isPartOf":{"@id":"https:\/\/javiervarelactor.com\/#website"},"primaryImageOfPage":{"@id":"https:\/\/javiervarelactor.com\/?p=1242#primaryimage"},"image":{"@id":"https:\/\/javiervarelactor.com\/?p=1242#primaryimage"},"thumbnailUrl":"https:\/\/javiervarelactor.com\/wp-content\/uploads\/2018\/03\/javier-varela-en-fari\u00f1a.jpg","datePublished":"2018-03-07T13:05:11+00:00","dateModified":"2018-03-07T13:05:11+00:00","author":{"@id":"https:\/\/javiervarelactor.com\/#\/schema\/person\/e3104f2f3cca87d9a07b40f5281c02ba"},"description":"Personaje Ald\u00e1n en Fari\u00f1a. Javier Varela Actor interpreta a Ald\u00e1n en la exitosa serie de Antena3 \"Fari\u00f1a\". Personaje Ald\u00e1n en Fari\u00f1a - Javier Varela","breadcrumb":{"@id":"https:\/\/javiervarelactor.com\/?p=1242#breadcrumb"},"inLanguage":"es","potentialAction":[{"@type":"ReadAction","target":["https:\/\/javiervarelactor.com\/?p=1242"]}]},{"@type":"ImageObject","inLanguage":"es","@id":"https:\/\/javiervarelactor.com\/?p=1242#primaryimage","url":"https:\/\/javiervarelactor.com\/wp-content\/uploads\/2018\/03\/javier-varela-en-fari\u00f1a.jpg","contentUrl":"https:\/\/javiervarelactor.com\/wp-content\/uploads\/2018\/03\/javier-varela-en-fari\u00f1a.jpg","width":960,"height":960},{"@type":"BreadcrumbList","@id":"https:\/\/javiervarelactor.com\/?p=1242#breadcrumb","itemListElement":[{"@type":"ListItem","position":1,"name":"Inicio","item":"https:\/\/javiervarelactor.com\/"},{"@type":"ListItem","position":2,"name":"Personaje Ald\u00e1n en Fari\u00f1a &#8211; Javier Varela Actor"}]},{"@type":"WebSite","@id":"https:\/\/javiervarelactor.com\/#website","url":"https:\/\/javiervarelactor.com\/","name":"Javier Varela","description":"Actor y Presentador","potentialAction":[{"@type":"SearchAction","target":{"@type":"EntryPoint","urlTemplate":"https:\/\/javiervarelactor.com\/?s={search_term_string}"},"query-input":"required name=search_term_string"}],"inLanguage":"es"},{"@type":"Person","@id":"https:\/\/javiervarelactor.com\/#\/schema\/person\/e3104f2f3cca87d9a07b40f5281c02ba","name":"Javier Varela","image":{"@type":"ImageObject","inLanguage":"es","@id":"https:\/\/javiervarelactor.com\/#\/schema\/person\/image\/","url":"https:\/\/secure.gravatar.com\/avatar\/858edfdbe98ed682c9723085564a87b3?s=96&d=mm&r=g","contentUrl":"https:\/\/secure.gravatar.com\/avatar\/858edfdbe98ed682c9723085564a87b3?s=96&d=mm&r=g","caption":"Javier Varela"},"sameAs":["http:\/\/www.javiervarelactor.com"],"url":"https:\/\/javiervarelactor.com\/?author=1"}]}},"_links":{"self":[{"href":"https:\/\/javiervarelactor.com\/index.php?rest_route=\/wp\/v2\/posts\/1242"}],"collection":[{"href":"https:\/\/javiervarelactor.com\/index.php?rest_route=\/wp\/v2\/posts"}],"about":[{"href":"https:\/\/javiervarelactor.com\/index.php?rest_route=\/wp\/v2\/types\/post"}],"author":[{"embeddable":true,"href":"https:\/\/javiervarelactor.com\/index.php?rest_route=\/wp\/v2\/users\/1"}],"replies":[{"embeddable":true,"href":"https:\/\/javiervarelactor.com\/index.php?rest_route=%2Fwp%2Fv2%2Fcomments&post=1242"}],"version-history":[{"count":1,"href":"https:\/\/javiervarelactor.com\/index.php?rest_route=\/wp\/v2\/posts\/1242\/revisions"}],"predecessor-version":[{"id":1245,"href":"https:\/\/javiervarelactor.com\/index.php?rest_route=\/wp\/v2\/posts\/1242\/revisions\/1245"}],"wp:featuredmedia":[{"embeddable":true,"href":"https:\/\/javiervarelactor.com\/index.php?rest_route=\/wp\/v2\/media\/1244"}],"wp:attachment":[{"href":"https:\/\/javiervarelactor.com\/index.php?rest_route=%2Fwp%2Fv2%2Fmedia&parent=1242"}],"wp:term":[{"taxonomy":"category","embeddable":true,"href":"https:\/\/javiervarelactor.com\/index.php?rest_route=%2Fwp%2Fv2%2Fcategories&post=1242"},{"taxonomy":"post_tag","embeddable":true,"href":"https:\/\/javiervarelactor.com\/index.php?rest_route=%2Fwp%2Fv2%2Ftags&post=1242"}],"curies":[{"name":"wp","href":"https:\/\/api.w.org\/{rel}","templated":true}]}}