{"id":1231,"date":"2018-03-01T20:28:13","date_gmt":"2018-03-01T20:28:13","guid":{"rendered":"http:\/\/javiervarelactor.com\/?p=1231"},"modified":"2018-10-31T12:04:00","modified_gmt":"2018-10-31T12:04:00","slug":"presentador-y-monologuista-video-resumen","status":"publish","type":"post","link":"https:\/\/javiervarelactor.com\/?p=1231","title":{"rendered":"Presentador y Monologuista: v\u00eddeo resumen"},"content":{"rendered":"<p><span style=\"color: #000000;\">Me gustar\u00eda compartir con vosotros este v\u00eddeo resumen de algunos de mis \u00faltimos trabajos como presentador de galas, eventos y monologuista. Un trabajo \u00e9ste de presentador de eventos de los que m\u00e1s me gustan por el alto nivel de exigencia en cada gala, la cercan\u00eda del p\u00fablico y la posibilidad de, en la gran mayor\u00eda de los casos, con profesionales de la comunicaci\u00f3n audiovisual, el marketing o artistas de gran nivel con quienes crear eventos \u00fanicos y muy especiales.<\/span><\/p>\n<p><span style=\"color: #000000;\">Siempre es un placer ser el maestro de ceremonias de eventos tan cuidados. Al mismo tiempo, poder personalizar mis mon\u00f3logos y hacer posible uno ratos de risa es un verdadero placer.<\/span><\/p>\n<p><span style=\"color: #000000;\">Las Galas del Deporte de Ortigueira, Betanzos, Gala anual de IFC Espa\u00f1a, Vigo, Valladolid y Pontevedra.<\/span><br \/>\n<iframe loading=\"lazy\" src=\"https:\/\/player.vimeo.com\/video\/258147939\" width=\"640\" height=\"360\" frameborder=\"0\" allowfullscreen=\"allowfullscreen\"><\/iframe><\/p>\n<p><span style=\"color: #000000;\"> \u00bfTe gustar\u00eda contar conmigo como presentador del evento de tu empresa? Ponte en contacto y dise\u00f1aremos un espect\u00e1culo a vuestra medida, en el tono y estilo que mejor os defina.<\/span><\/p>\n<p><span style=\"color: #000000;\">Es un placer trabajar con empresas y profesionales que confian en mi, muchas gracias a todos por ello.<\/span><\/p>\n","protected":false},"excerpt":{"rendered":"<p>Me gustar\u00eda compartir con vosotros este v\u00eddeo resumen de algunos de mis \u00faltimos trabajos como presentador de galas, eventos y monologuista. Un trabajo \u00e9ste de presentador de eventos de los que m\u00e1s me gustan por el alto nivel de exigencia en cada gala, la cercan\u00eda del p\u00fablico y la posibilidad de, en la gran mayor\u00eda <a class=\"read-more\" href=\"https:\/\/javiervarelactor.com\/?p=1231\">Leer m\u00e1s<\/a><\/p>\n","protected":false},"author":1,"featured_media":1233,"comment_status":"closed","ping_status":"open","sticky":false,"template":"","format":"standard","meta":{"_monsterinsights_skip_tracking":false,"_monsterinsights_sitenote_active":false,"_monsterinsights_sitenote_note":"","_monsterinsights_sitenote_category":0,"footnotes":""},"categories":[2,78],"tags":[85],"yoast_head":"<!-- This site is optimized with the Yoast SEO plugin v22.7 - https:\/\/yoast.com\/wordpress\/plugins\/seo\/ -->\n<title>Presentador y Monologuista: v\u00eddeo resumen - Javier Varela<\/title>\n<meta name=\"robots\" content=\"index, follow, max-snippet:-1, max-image-preview:large, max-video-preview:-1\" \/>\n<link rel=\"canonical\" href=\"https:\/\/javiervarelactor.com\/?p=1231\" \/>\n<meta property=\"og:locale\" content=\"es_ES\" \/>\n<meta property=\"og:type\" content=\"article\" \/>\n<meta property=\"og:title\" content=\"Presentador y Monologuista: v\u00eddeo resumen - Javier Varela\" \/>\n<meta property=\"og:description\" content=\"Me gustar\u00eda compartir con vosotros este v\u00eddeo resumen de algunos de mis \u00faltimos trabajos como presentador de galas, eventos y monologuista. Un trabajo \u00e9ste de presentador de eventos de los que m\u00e1s me gustan por el alto nivel de exigencia en cada gala, la cercan\u00eda del p\u00fablico y la posibilidad de, en la gran mayor\u00eda Leer m\u00e1s\" \/>\n<meta property=\"og:url\" content=\"https:\/\/javiervarelactor.com\/?p=1231\" \/>\n<meta property=\"og:site_name\" content=\"Javier Varela\" \/>\n<meta property=\"article:publisher\" content=\"https:\/\/www.facebook.com\/pages\/Javier-Varela\/145894855509796?sk=info&amp;amp%3bamp%3bamp%3bamp%3btab=page_info\" \/>\n<meta property=\"article:published_time\" content=\"2018-03-01T20:28:13+00:00\" \/>\n<meta property=\"article:modified_time\" content=\"2018-10-31T12:04:00+00:00\" \/>\n<meta property=\"og:image\" content=\"https:\/\/javiervarelactor.com\/wp-content\/uploads\/2018\/03\/javier-varela-y-p\u00fablico.jpg\" \/>\n\t<meta property=\"og:image:width\" content=\"944\" \/>\n\t<meta property=\"og:image:height\" content=\"491\" \/>\n\t<meta property=\"og:image:type\" content=\"image\/jpeg\" \/>\n<meta name=\"author\" content=\"Javier Varela\" \/>\n<meta name=\"twitter:label1\" content=\"Escrito por\" \/>\n\t<meta name=\"twitter:data1\" content=\"Javier Varela\" \/>\n\t<meta name=\"twitter:label2\" content=\"Tiempo de lectura\" \/>\n\t<meta name=\"twitter:data2\" content=\"1 minuto\" \/>\n<script type=\"application\/ld+json\" class=\"yoast-schema-graph\">{\"@context\":\"https:\/\/schema.org\",\"@graph\":[{\"@type\":\"WebPage\",\"@id\":\"https:\/\/javiervarelactor.com\/?p=1231\",\"url\":\"https:\/\/javiervarelactor.com\/?p=1231\",\"name\":\"Presentador y Monologuista: v\u00eddeo resumen - Javier Varela\",\"isPartOf\":{\"@id\":\"https:\/\/javiervarelactor.com\/#website\"},\"primaryImageOfPage\":{\"@id\":\"https:\/\/javiervarelactor.com\/?p=1231#primaryimage\"},\"image\":{\"@id\":\"https:\/\/javiervarelactor.com\/?p=1231#primaryimage\"},\"thumbnailUrl\":\"https:\/\/javiervarelactor.com\/wp-content\/uploads\/2018\/03\/javier-varela-y-p\u00fablico.jpg\",\"datePublished\":\"2018-03-01T20:28:13+00:00\",\"dateModified\":\"2018-10-31T12:04:00+00:00\",\"author\":{\"@id\":\"https:\/\/javiervarelactor.com\/#\/schema\/person\/e3104f2f3cca87d9a07b40f5281c02ba\"},\"breadcrumb\":{\"@id\":\"https:\/\/javiervarelactor.com\/?p=1231#breadcrumb\"},\"inLanguage\":\"es\",\"potentialAction\":[{\"@type\":\"ReadAction\",\"target\":[\"https:\/\/javiervarelactor.com\/?p=1231\"]}]},{\"@type\":\"ImageObject\",\"inLanguage\":\"es\",\"@id\":\"https:\/\/javiervarelactor.com\/?p=1231#primaryimage\",\"url\":\"https:\/\/javiervarelactor.com\/wp-content\/uploads\/2018\/03\/javier-varela-y-p\u00fablico.jpg\",\"contentUrl\":\"https:\/\/javiervarelactor.com\/wp-content\/uploads\/2018\/03\/javier-varela-y-p\u00fablico.jpg\",\"width\":944,\"height\":491,\"caption\":\"javier varela y p\u00fablico\"},{\"@type\":\"BreadcrumbList\",\"@id\":\"https:\/\/javiervarelactor.com\/?p=1231#breadcrumb\",\"itemListElement\":[{\"@type\":\"ListItem\",\"position\":1,\"name\":\"Inicio\",\"item\":\"https:\/\/javiervarelactor.com\/\"},{\"@type\":\"ListItem\",\"position\":2,\"name\":\"Presentador y Monologuista: v\u00eddeo resumen\"}]},{\"@type\":\"WebSite\",\"@id\":\"https:\/\/javiervarelactor.com\/#website\",\"url\":\"https:\/\/javiervarelactor.com\/\",\"name\":\"Javier Varela\",\"description\":\"Actor y Presentador\",\"potentialAction\":[{\"@type\":\"SearchAction\",\"target\":{\"@type\":\"EntryPoint\",\"urlTemplate\":\"https:\/\/javiervarelactor.com\/?s={search_term_string}\"},\"query-input\":\"required name=search_term_string\"}],\"inLanguage\":\"es\"},{\"@type\":\"Person\",\"@id\":\"https:\/\/javiervarelactor.com\/#\/schema\/person\/e3104f2f3cca87d9a07b40f5281c02ba\",\"name\":\"Javier Varela\",\"image\":{\"@type\":\"ImageObject\",\"inLanguage\":\"es\",\"@id\":\"https:\/\/javiervarelactor.com\/#\/schema\/person\/image\/\",\"url\":\"https:\/\/secure.gravatar.com\/avatar\/858edfdbe98ed682c9723085564a87b3?s=96&d=mm&r=g\",\"contentUrl\":\"https:\/\/secure.gravatar.com\/avatar\/858edfdbe98ed682c9723085564a87b3?s=96&d=mm&r=g\",\"caption\":\"Javier Varela\"},\"sameAs\":[\"http:\/\/www.javiervarelactor.com\"],\"url\":\"https:\/\/javiervarelactor.com\/?author=1\"}]}<\/script>\n<!-- \/ Yoast SEO plugin. -->","yoast_head_json":{"title":"Presentador y Monologuista: v\u00eddeo resumen - Javier Varela","robots":{"index":"index","follow":"follow","max-snippet":"max-snippet:-1","max-image-preview":"max-image-preview:large","max-video-preview":"max-video-preview:-1"},"canonical":"https:\/\/javiervarelactor.com\/?p=1231","og_locale":"es_ES","og_type":"article","og_title":"Presentador y Monologuista: v\u00eddeo resumen - Javier Varela","og_description":"Me gustar\u00eda compartir con vosotros este v\u00eddeo resumen de algunos de mis \u00faltimos trabajos como presentador de galas, eventos y monologuista. Un trabajo \u00e9ste de presentador de eventos de los que m\u00e1s me gustan por el alto nivel de exigencia en cada gala, la cercan\u00eda del p\u00fablico y la posibilidad de, en la gran mayor\u00eda Leer m\u00e1s","og_url":"https:\/\/javiervarelactor.com\/?p=1231","og_site_name":"Javier Varela","article_publisher":"https:\/\/www.facebook.com\/pages\/Javier-Varela\/145894855509796?sk=info&amp%3bamp%3bamp%3bamp%3btab=page_info","article_published_time":"2018-03-01T20:28:13+00:00","article_modified_time":"2018-10-31T12:04:00+00:00","og_image":[{"width":944,"height":491,"url":"https:\/\/javiervarelactor.com\/wp-content\/uploads\/2018\/03\/javier-varela-y-p\u00fablico.jpg","type":"image\/jpeg"}],"author":"Javier Varela","twitter_misc":{"Escrito por":"Javier Varela","Tiempo de lectura":"1 minuto"},"schema":{"@context":"https:\/\/schema.org","@graph":[{"@type":"WebPage","@id":"https:\/\/javiervarelactor.com\/?p=1231","url":"https:\/\/javiervarelactor.com\/?p=1231","name":"Presentador y Monologuista: v\u00eddeo resumen - Javier Varela","isPartOf":{"@id":"https:\/\/javiervarelactor.com\/#website"},"primaryImageOfPage":{"@id":"https:\/\/javiervarelactor.com\/?p=1231#primaryimage"},"image":{"@id":"https:\/\/javiervarelactor.com\/?p=1231#primaryimage"},"thumbnailUrl":"https:\/\/javiervarelactor.com\/wp-content\/uploads\/2018\/03\/javier-varela-y-p\u00fablico.jpg","datePublished":"2018-03-01T20:28:13+00:00","dateModified":"2018-10-31T12:04:00+00:00","author":{"@id":"https:\/\/javiervarelactor.com\/#\/schema\/person\/e3104f2f3cca87d9a07b40f5281c02ba"},"breadcrumb":{"@id":"https:\/\/javiervarelactor.com\/?p=1231#breadcrumb"},"inLanguage":"es","potentialAction":[{"@type":"ReadAction","target":["https:\/\/javiervarelactor.com\/?p=1231"]}]},{"@type":"ImageObject","inLanguage":"es","@id":"https:\/\/javiervarelactor.com\/?p=1231#primaryimage","url":"https:\/\/javiervarelactor.com\/wp-content\/uploads\/2018\/03\/javier-varela-y-p\u00fablico.jpg","contentUrl":"https:\/\/javiervarelactor.com\/wp-content\/uploads\/2018\/03\/javier-varela-y-p\u00fablico.jpg","width":944,"height":491,"caption":"javier varela y p\u00fablico"},{"@type":"BreadcrumbList","@id":"https:\/\/javiervarelactor.com\/?p=1231#breadcrumb","itemListElement":[{"@type":"ListItem","position":1,"name":"Inicio","item":"https:\/\/javiervarelactor.com\/"},{"@type":"ListItem","position":2,"name":"Presentador y Monologuista: v\u00eddeo resumen"}]},{"@type":"WebSite","@id":"https:\/\/javiervarelactor.com\/#website","url":"https:\/\/javiervarelactor.com\/","name":"Javier Varela","description":"Actor y Presentador","potentialAction":[{"@type":"SearchAction","target":{"@type":"EntryPoint","urlTemplate":"https:\/\/javiervarelactor.com\/?s={search_term_string}"},"query-input":"required name=search_term_string"}],"inLanguage":"es"},{"@type":"Person","@id":"https:\/\/javiervarelactor.com\/#\/schema\/person\/e3104f2f3cca87d9a07b40f5281c02ba","name":"Javier Varela","image":{"@type":"ImageObject","inLanguage":"es","@id":"https:\/\/javiervarelactor.com\/#\/schema\/person\/image\/","url":"https:\/\/secure.gravatar.com\/avatar\/858edfdbe98ed682c9723085564a87b3?s=96&d=mm&r=g","contentUrl":"https:\/\/secure.gravatar.com\/avatar\/858edfdbe98ed682c9723085564a87b3?s=96&d=mm&r=g","caption":"Javier Varela"},"sameAs":["http:\/\/www.javiervarelactor.com"],"url":"https:\/\/javiervarelactor.com\/?author=1"}]}},"_links":{"self":[{"href":"https:\/\/javiervarelactor.com\/index.php?rest_route=\/wp\/v2\/posts\/1231"}],"collection":[{"href":"https:\/\/javiervarelactor.com\/index.php?rest_route=\/wp\/v2\/posts"}],"about":[{"href":"https:\/\/javiervarelactor.com\/index.php?rest_route=\/wp\/v2\/types\/post"}],"author":[{"embeddable":true,"href":"https:\/\/javiervarelactor.com\/index.php?rest_route=\/wp\/v2\/users\/1"}],"replies":[{"embeddable":true,"href":"https:\/\/javiervarelactor.com\/index.php?rest_route=%2Fwp%2Fv2%2Fcomments&post=1231"}],"version-history":[{"count":8,"href":"https:\/\/javiervarelactor.com\/index.php?rest_route=\/wp\/v2\/posts\/1231\/revisions"}],"predecessor-version":[{"id":1241,"href":"https:\/\/javiervarelactor.com\/index.php?rest_route=\/wp\/v2\/posts\/1231\/revisions\/1241"}],"wp:featuredmedia":[{"embeddable":true,"href":"https:\/\/javiervarelactor.com\/index.php?rest_route=\/wp\/v2\/media\/1233"}],"wp:attachment":[{"href":"https:\/\/javiervarelactor.com\/index.php?rest_route=%2Fwp%2Fv2%2Fmedia&parent=1231"}],"wp:term":[{"taxonomy":"category","embeddable":true,"href":"https:\/\/javiervarelactor.com\/index.php?rest_route=%2Fwp%2Fv2%2Fcategories&post=1231"},{"taxonomy":"post_tag","embeddable":true,"href":"https:\/\/javiervarelactor.com\/index.php?rest_route=%2Fwp%2Fv2%2Ftags&post=1231"}],"curies":[{"name":"wp","href":"https:\/\/api.w.org\/{rel}","templated":true}]}}