{"id":1170,"date":"2017-11-20T16:10:01","date_gmt":"2017-11-20T16:10:01","guid":{"rendered":"http:\/\/javiervarelactor.com\/?p=1170"},"modified":"2020-11-20T12:13:18","modified_gmt":"2020-11-20T12:13:18","slug":"post1170","status":"publish","type":"post","link":"https:\/\/javiervarelactor.com\/?p=1170","title":{"rendered":"Eventos de Navidad: Maestro de Ceremonias"},"content":{"rendered":"<p><span style=\"color: #000000;\">Se acercan fechas de cenas, celebraciones y balances. Como la Gala Gepsa Citr\u00f6en que el pr\u00f3ximo mes de diciembre tengo el placer de dirigir. Un a\u00f1o m\u00e1s el equipo que me acompa\u00f1a es de lujo, los profesionales que acudir\u00e1n de primera l\u00ednea y el resultado, seguro, un \u00e9xito gracias al esfuerzo, trabajo y toda la ilusi\u00f3n depositada en el proyecto.<\/span><\/p>\n<p><span style=\"color: #000000;\">Como podr\u00e9is imaginar, nada de spoilers ni avances, pero si os dejo con el resumen del aGala Gesppsa Citr\u00f6en 2016, este a\u00f1o 2017 nuevas sorpresas y muchas novedades para que el p\u00fablico disfrute y despida un a\u00f1o de trabajo y dedicaci\u00f3n a la empresa.<\/span><br \/>\n<iframe loading=\"lazy\" src=\"https:\/\/www.youtube.com\/embed\/2n_UE9aX-o8\" allowfullscreen=\"allowfullscreen\" width=\"560\" height=\"315\" frameborder=\"0\"><\/iframe><br \/>\n<span style=\"color: #000000;\">Conf\u00eda en mi para tus presentaciones de empresa, si buscas un Maestro de Ceremonias para tu evento de Navidad consulta conmigo, podemos hacer algo \u00fanico y especial.<\/span><\/p>\n","protected":false},"excerpt":{"rendered":"<p>Se acercan fechas de cenas, celebraciones y balances. Como la Gala Gepsa Citr\u00f6en que el pr\u00f3ximo mes de diciembre tengo el placer de dirigir. Un a\u00f1o m\u00e1s el equipo que me acompa\u00f1a es de lujo, los profesionales que acudir\u00e1n de primera l\u00ednea y el resultado, seguro, un \u00e9xito gracias al esfuerzo, trabajo y toda la <a class=\"read-more\" href=\"https:\/\/javiervarelactor.com\/?p=1170\">Leer m\u00e1s<\/a><\/p>\n","protected":false},"author":1,"featured_media":1171,"comment_status":"closed","ping_status":"open","sticky":false,"template":"","format":"standard","meta":{"_monsterinsights_skip_tracking":false,"_monsterinsights_sitenote_active":false,"_monsterinsights_sitenote_note":"","_monsterinsights_sitenote_category":0,"footnotes":""},"categories":[22],"tags":[73,75,74],"yoast_head":"<!-- This site is optimized with the Yoast SEO plugin v22.7 - https:\/\/yoast.com\/wordpress\/plugins\/seo\/ -->\n<title>Maestro de Ceremonias para eventos de Navidad<\/title>\n<meta name=\"description\" content=\"Maestro de Ceremonias para eventos de Navidad; Javier Varela gui\u00f3n, direcci\u00f3n y presentaci\u00f3n de eventos. Resumen Gala Citr\u00f6en Navidad.\" \/>\n<meta name=\"robots\" content=\"index, follow, max-snippet:-1, max-image-preview:large, max-video-preview:-1\" \/>\n<link rel=\"canonical\" href=\"https:\/\/javiervarelactor.com\/?p=1170\" \/>\n<meta property=\"og:locale\" content=\"es_ES\" \/>\n<meta property=\"og:type\" content=\"article\" \/>\n<meta property=\"og:title\" content=\"Maestro de Ceremonias para eventos de Navidad\" \/>\n<meta property=\"og:description\" content=\"Maestro de Ceremonias para eventos de Navidad; Javier Varela gui\u00f3n, direcci\u00f3n y presentaci\u00f3n de eventos. Resumen Gala Citr\u00f6en Navidad.\" \/>\n<meta property=\"og:url\" content=\"https:\/\/javiervarelactor.com\/?p=1170\" \/>\n<meta property=\"og:site_name\" content=\"Javier Varela\" \/>\n<meta property=\"article:publisher\" content=\"https:\/\/www.facebook.com\/pages\/Javier-Varela\/145894855509796?sk=info&amp;amp%3bamp%3bamp%3bamp%3btab=page_info\" \/>\n<meta property=\"article:published_time\" content=\"2017-11-20T16:10:01+00:00\" \/>\n<meta property=\"article:modified_time\" content=\"2020-11-20T12:13:18+00:00\" \/>\n<meta property=\"og:image\" content=\"https:\/\/javiervarelactor.com\/wp-content\/uploads\/2017\/11\/presentador-eventos-navidad.jpg\" \/>\n\t<meta property=\"og:image:width\" content=\"619\" \/>\n\t<meta property=\"og:image:height\" content=\"395\" \/>\n\t<meta property=\"og:image:type\" content=\"image\/jpeg\" \/>\n<meta name=\"author\" content=\"Javier Varela\" \/>\n<meta name=\"twitter:label1\" content=\"Escrito por\" \/>\n\t<meta name=\"twitter:data1\" content=\"Javier Varela\" \/>\n\t<meta name=\"twitter:label2\" content=\"Tiempo de lectura\" \/>\n\t<meta name=\"twitter:data2\" content=\"1 minuto\" \/>\n<script type=\"application\/ld+json\" class=\"yoast-schema-graph\">{\"@context\":\"https:\/\/schema.org\",\"@graph\":[{\"@type\":\"WebPage\",\"@id\":\"https:\/\/javiervarelactor.com\/?p=1170\",\"url\":\"https:\/\/javiervarelactor.com\/?p=1170\",\"name\":\"Maestro de Ceremonias para eventos de Navidad\",\"isPartOf\":{\"@id\":\"https:\/\/javiervarelactor.com\/#website\"},\"primaryImageOfPage\":{\"@id\":\"https:\/\/javiervarelactor.com\/?p=1170#primaryimage\"},\"image\":{\"@id\":\"https:\/\/javiervarelactor.com\/?p=1170#primaryimage\"},\"thumbnailUrl\":\"https:\/\/javiervarelactor.com\/wp-content\/uploads\/2017\/11\/presentador-eventos-navidad.jpg\",\"datePublished\":\"2017-11-20T16:10:01+00:00\",\"dateModified\":\"2020-11-20T12:13:18+00:00\",\"author\":{\"@id\":\"https:\/\/javiervarelactor.com\/#\/schema\/person\/e3104f2f3cca87d9a07b40f5281c02ba\"},\"description\":\"Maestro de Ceremonias para eventos de Navidad; Javier Varela gui\u00f3n, direcci\u00f3n y presentaci\u00f3n de eventos. Resumen Gala Citr\u00f6en Navidad.\",\"breadcrumb\":{\"@id\":\"https:\/\/javiervarelactor.com\/?p=1170#breadcrumb\"},\"inLanguage\":\"es\",\"potentialAction\":[{\"@type\":\"ReadAction\",\"target\":[\"https:\/\/javiervarelactor.com\/?p=1170\"]}]},{\"@type\":\"ImageObject\",\"inLanguage\":\"es\",\"@id\":\"https:\/\/javiervarelactor.com\/?p=1170#primaryimage\",\"url\":\"https:\/\/javiervarelactor.com\/wp-content\/uploads\/2017\/11\/presentador-eventos-navidad.jpg\",\"contentUrl\":\"https:\/\/javiervarelactor.com\/wp-content\/uploads\/2017\/11\/presentador-eventos-navidad.jpg\",\"width\":619,\"height\":395,\"caption\":\"presentador eventos navidad\"},{\"@type\":\"BreadcrumbList\",\"@id\":\"https:\/\/javiervarelactor.com\/?p=1170#breadcrumb\",\"itemListElement\":[{\"@type\":\"ListItem\",\"position\":1,\"name\":\"Inicio\",\"item\":\"https:\/\/javiervarelactor.com\/\"},{\"@type\":\"ListItem\",\"position\":2,\"name\":\"Eventos de Navidad: Maestro de Ceremonias\"}]},{\"@type\":\"WebSite\",\"@id\":\"https:\/\/javiervarelactor.com\/#website\",\"url\":\"https:\/\/javiervarelactor.com\/\",\"name\":\"Javier Varela\",\"description\":\"Actor y Presentador\",\"potentialAction\":[{\"@type\":\"SearchAction\",\"target\":{\"@type\":\"EntryPoint\",\"urlTemplate\":\"https:\/\/javiervarelactor.com\/?s={search_term_string}\"},\"query-input\":\"required name=search_term_string\"}],\"inLanguage\":\"es\"},{\"@type\":\"Person\",\"@id\":\"https:\/\/javiervarelactor.com\/#\/schema\/person\/e3104f2f3cca87d9a07b40f5281c02ba\",\"name\":\"Javier Varela\",\"image\":{\"@type\":\"ImageObject\",\"inLanguage\":\"es\",\"@id\":\"https:\/\/javiervarelactor.com\/#\/schema\/person\/image\/\",\"url\":\"https:\/\/secure.gravatar.com\/avatar\/858edfdbe98ed682c9723085564a87b3?s=96&d=mm&r=g\",\"contentUrl\":\"https:\/\/secure.gravatar.com\/avatar\/858edfdbe98ed682c9723085564a87b3?s=96&d=mm&r=g\",\"caption\":\"Javier Varela\"},\"sameAs\":[\"http:\/\/www.javiervarelactor.com\"],\"url\":\"https:\/\/javiervarelactor.com\/?author=1\"}]}<\/script>\n<!-- \/ Yoast SEO plugin. -->","yoast_head_json":{"title":"Maestro de Ceremonias para eventos de Navidad","description":"Maestro de Ceremonias para eventos de Navidad; Javier Varela gui\u00f3n, direcci\u00f3n y presentaci\u00f3n de eventos. Resumen Gala Citr\u00f6en Navidad.","robots":{"index":"index","follow":"follow","max-snippet":"max-snippet:-1","max-image-preview":"max-image-preview:large","max-video-preview":"max-video-preview:-1"},"canonical":"https:\/\/javiervarelactor.com\/?p=1170","og_locale":"es_ES","og_type":"article","og_title":"Maestro de Ceremonias para eventos de Navidad","og_description":"Maestro de Ceremonias para eventos de Navidad; Javier Varela gui\u00f3n, direcci\u00f3n y presentaci\u00f3n de eventos. Resumen Gala Citr\u00f6en Navidad.","og_url":"https:\/\/javiervarelactor.com\/?p=1170","og_site_name":"Javier Varela","article_publisher":"https:\/\/www.facebook.com\/pages\/Javier-Varela\/145894855509796?sk=info&amp%3bamp%3bamp%3bamp%3btab=page_info","article_published_time":"2017-11-20T16:10:01+00:00","article_modified_time":"2020-11-20T12:13:18+00:00","og_image":[{"width":619,"height":395,"url":"https:\/\/javiervarelactor.com\/wp-content\/uploads\/2017\/11\/presentador-eventos-navidad.jpg","type":"image\/jpeg"}],"author":"Javier Varela","twitter_misc":{"Escrito por":"Javier Varela","Tiempo de lectura":"1 minuto"},"schema":{"@context":"https:\/\/schema.org","@graph":[{"@type":"WebPage","@id":"https:\/\/javiervarelactor.com\/?p=1170","url":"https:\/\/javiervarelactor.com\/?p=1170","name":"Maestro de Ceremonias para eventos de Navidad","isPartOf":{"@id":"https:\/\/javiervarelactor.com\/#website"},"primaryImageOfPage":{"@id":"https:\/\/javiervarelactor.com\/?p=1170#primaryimage"},"image":{"@id":"https:\/\/javiervarelactor.com\/?p=1170#primaryimage"},"thumbnailUrl":"https:\/\/javiervarelactor.com\/wp-content\/uploads\/2017\/11\/presentador-eventos-navidad.jpg","datePublished":"2017-11-20T16:10:01+00:00","dateModified":"2020-11-20T12:13:18+00:00","author":{"@id":"https:\/\/javiervarelactor.com\/#\/schema\/person\/e3104f2f3cca87d9a07b40f5281c02ba"},"description":"Maestro de Ceremonias para eventos de Navidad; Javier Varela gui\u00f3n, direcci\u00f3n y presentaci\u00f3n de eventos. Resumen Gala Citr\u00f6en Navidad.","breadcrumb":{"@id":"https:\/\/javiervarelactor.com\/?p=1170#breadcrumb"},"inLanguage":"es","potentialAction":[{"@type":"ReadAction","target":["https:\/\/javiervarelactor.com\/?p=1170"]}]},{"@type":"ImageObject","inLanguage":"es","@id":"https:\/\/javiervarelactor.com\/?p=1170#primaryimage","url":"https:\/\/javiervarelactor.com\/wp-content\/uploads\/2017\/11\/presentador-eventos-navidad.jpg","contentUrl":"https:\/\/javiervarelactor.com\/wp-content\/uploads\/2017\/11\/presentador-eventos-navidad.jpg","width":619,"height":395,"caption":"presentador eventos navidad"},{"@type":"BreadcrumbList","@id":"https:\/\/javiervarelactor.com\/?p=1170#breadcrumb","itemListElement":[{"@type":"ListItem","position":1,"name":"Inicio","item":"https:\/\/javiervarelactor.com\/"},{"@type":"ListItem","position":2,"name":"Eventos de Navidad: Maestro de Ceremonias"}]},{"@type":"WebSite","@id":"https:\/\/javiervarelactor.com\/#website","url":"https:\/\/javiervarelactor.com\/","name":"Javier Varela","description":"Actor y Presentador","potentialAction":[{"@type":"SearchAction","target":{"@type":"EntryPoint","urlTemplate":"https:\/\/javiervarelactor.com\/?s={search_term_string}"},"query-input":"required name=search_term_string"}],"inLanguage":"es"},{"@type":"Person","@id":"https:\/\/javiervarelactor.com\/#\/schema\/person\/e3104f2f3cca87d9a07b40f5281c02ba","name":"Javier Varela","image":{"@type":"ImageObject","inLanguage":"es","@id":"https:\/\/javiervarelactor.com\/#\/schema\/person\/image\/","url":"https:\/\/secure.gravatar.com\/avatar\/858edfdbe98ed682c9723085564a87b3?s=96&d=mm&r=g","contentUrl":"https:\/\/secure.gravatar.com\/avatar\/858edfdbe98ed682c9723085564a87b3?s=96&d=mm&r=g","caption":"Javier Varela"},"sameAs":["http:\/\/www.javiervarelactor.com"],"url":"https:\/\/javiervarelactor.com\/?author=1"}]}},"_links":{"self":[{"href":"https:\/\/javiervarelactor.com\/index.php?rest_route=\/wp\/v2\/posts\/1170"}],"collection":[{"href":"https:\/\/javiervarelactor.com\/index.php?rest_route=\/wp\/v2\/posts"}],"about":[{"href":"https:\/\/javiervarelactor.com\/index.php?rest_route=\/wp\/v2\/types\/post"}],"author":[{"embeddable":true,"href":"https:\/\/javiervarelactor.com\/index.php?rest_route=\/wp\/v2\/users\/1"}],"replies":[{"embeddable":true,"href":"https:\/\/javiervarelactor.com\/index.php?rest_route=%2Fwp%2Fv2%2Fcomments&post=1170"}],"version-history":[{"count":3,"href":"https:\/\/javiervarelactor.com\/index.php?rest_route=\/wp\/v2\/posts\/1170\/revisions"}],"predecessor-version":[{"id":1669,"href":"https:\/\/javiervarelactor.com\/index.php?rest_route=\/wp\/v2\/posts\/1170\/revisions\/1669"}],"wp:featuredmedia":[{"embeddable":true,"href":"https:\/\/javiervarelactor.com\/index.php?rest_route=\/wp\/v2\/media\/1171"}],"wp:attachment":[{"href":"https:\/\/javiervarelactor.com\/index.php?rest_route=%2Fwp%2Fv2%2Fmedia&parent=1170"}],"wp:term":[{"taxonomy":"category","embeddable":true,"href":"https:\/\/javiervarelactor.com\/index.php?rest_route=%2Fwp%2Fv2%2Fcategories&post=1170"},{"taxonomy":"post_tag","embeddable":true,"href":"https:\/\/javiervarelactor.com\/index.php?rest_route=%2Fwp%2Fv2%2Ftags&post=1170"}],"curies":[{"name":"wp","href":"https:\/\/api.w.org\/{rel}","templated":true}]}}