{"id":1162,"date":"2017-08-22T16:31:45","date_gmt":"2017-08-22T16:31:45","guid":{"rendered":"http:\/\/javiervarelactor.com\/?p=1162"},"modified":"2017-08-22T16:34:07","modified_gmt":"2017-08-22T16:34:07","slug":"javier-varela-lleva-a-baiona-su-monologo-saudame-sempre","status":"publish","type":"post","link":"https:\/\/javiervarelactor.com\/?p=1162","title":{"rendered":"Javier Varela lleva a Baiona su mon\u00f3logo \u201cSa\u00fadame Sempre\u201d"},"content":{"rendered":"<p><em><span style=\"color: #000000;\">El actor y monologuista gallego presenta en las noches \u201cBaiVer\u00e1n2017\u201d de Baiona su espect\u00e1culo c\u00f3mico. Domingo 27 a las 23:00h en la Plaza del Ayuntamiento.<\/span><\/em><\/p>\n<p><span style=\"color: #000000;\">El actor y presentador, que actualmente conduce \u201c<a href=\"http:\/\/javiervarelactor.com\/index.php\/regreso-a-tvg-para-presentar-gana-a-tua-sorte\/\" target=\"_blank\">Ga\u00f1a a t\u00faa sorte<\/a>\u201d cada ma\u00f1ana a las 12h en TVG, pr<\/span><em><span style=\"color: #000000;\"><a href=\"http:\/\/javiervarelactor.com\/wp-content\/uploads\/2015\/11\/monologuista1.jpg\"><img loading=\"lazy\" decoding=\"async\" class=\"wp-image-670 alignright\" src=\"http:\/\/javiervarelactor.com\/wp-content\/uploads\/2015\/11\/monologuista1-259x300.jpg\" alt=\"monologuista\" width=\"217\" height=\"251\" srcset=\"https:\/\/javiervarelactor.com\/wp-content\/uploads\/2015\/11\/monologuista1-259x300.jpg 259w, https:\/\/javiervarelactor.com\/wp-content\/uploads\/2015\/11\/monologuista1-885x1024.jpg 885w, https:\/\/javiervarelactor.com\/wp-content\/uploads\/2015\/11\/monologuista1.jpg 1637w\" sizes=\"(max-width: 217px) 100vw, 217px\" \/><\/a><\/span><\/em><span style=\"color: #000000;\">esenta su lado m\u00e1s c\u00f3mico y directo la noche del domingo en Baiona con el mon\u00f3logo de humor \u201cSa\u00fadame Sempre\u201d, un espect\u00e1culo que ya ha podido ser disfrutado durante este verano en su gira por Galicia. La noche del domingo 27 de Agosto los vecinos de Baiona tienen una cita con el humor de Javier Varela a las 23:00h en la Plaza del Ayuntamiento.<\/span><\/p>\n<p><span style=\"color: #000000;\">En Galicia, somos gente muy \u00abriqui\u00f1a\u00bb y siempre nos saludamos por la calle; este simple gesto puede cambiar tu mirada hacia los dem\u00e1s. <\/span><\/p>\n<p><span style=\"color: #000000;\">Pero Javi tiene grabado a fuego en su cabeza que hace cierto tiempo tuvo un d\u00eda malo, muy malo, mal\u00ediiiisimo, y no le apeteci\u00f3 saludar a nadie: las consecuencias fueron terribles, irreversibles. En los telediarios y prensa se empez\u00f3 a hablar de temas tan desconocidos por entonces como el cambio clim\u00e1tico, la crisis, la falta de trabajo, las revueltas sociales, gente que engordaba,\u00a0<\/span><span style=\"color: #000000;\">matrimonios que romp\u00edan, proliferaron las hemorroides, los turistas empezaron a quemarse en Sanxenxo&#8230;<\/span><\/p>\n<p><span style=\"color: #000000;\">\u00bfY si la culpa de todo fuera de Javier Varela?&#8230;Por si acaso \u00abSa\u00fadame Sempre\u00bb.<\/span><\/p>\n<p><span style=\"color: #000000;\">Tienes una cita con las risas el <strong>pr\u00f3ximo domingo 27 de Agosto en la Plaza del Ayuntamiento de Baiona.<\/strong><\/span><\/p>\n<p>&nbsp;<\/p>\n<p>&nbsp;<\/p>\n","protected":false},"excerpt":{"rendered":"<p>El actor y monologuista gallego presenta en las noches \u201cBaiVer\u00e1n2017\u201d de Baiona su espect\u00e1culo c\u00f3mico. Domingo 27 a las 23:00h en la Plaza del Ayuntamiento. El actor y presentador, que actualmente conduce \u201cGa\u00f1a a t\u00faa sorte\u201d cada ma\u00f1ana a las 12h en TVG, presenta su lado m\u00e1s c\u00f3mico y directo la noche del domingo en <a class=\"read-more\" href=\"https:\/\/javiervarelactor.com\/?p=1162\">Leer m\u00e1s<\/a><\/p>\n","protected":false},"author":1,"featured_media":668,"comment_status":"closed","ping_status":"open","sticky":false,"template":"","format":"standard","meta":{"_monsterinsights_skip_tracking":false,"_monsterinsights_sitenote_active":false,"_monsterinsights_sitenote_note":"","_monsterinsights_sitenote_category":0,"footnotes":""},"categories":[41,2],"tags":[40,72],"yoast_head":"<!-- This site is optimized with the Yoast SEO plugin v22.7 - https:\/\/yoast.com\/wordpress\/plugins\/seo\/ -->\n<title>Javier Varela lleva a Baiona su mon\u00f3logo \u201cSa\u00fadame Sempre\u201d<\/title>\n<meta name=\"description\" content=\"Javier Varela lleva a Baiona su mon\u00f3logo \u201cSa\u00fadame Sempre\u201d el domingo 27 de Agosto a las 23.00h en la Plaza del Ayuntamiento. Mon\u00f3logo humor, risas en verano.\" \/>\n<meta name=\"robots\" content=\"index, follow, max-snippet:-1, max-image-preview:large, max-video-preview:-1\" \/>\n<link rel=\"canonical\" href=\"https:\/\/javiervarelactor.com\/?p=1162\" \/>\n<meta property=\"og:locale\" content=\"es_ES\" \/>\n<meta property=\"og:type\" content=\"article\" \/>\n<meta property=\"og:title\" content=\"Javier Varela lleva a Baiona su mon\u00f3logo \u201cSa\u00fadame Sempre\u201d\" \/>\n<meta property=\"og:description\" content=\"Javier Varela lleva a Baiona su mon\u00f3logo \u201cSa\u00fadame Sempre\u201d el domingo 27 de Agosto a las 23.00h en la Plaza del Ayuntamiento. Mon\u00f3logo humor, risas en verano.\" \/>\n<meta property=\"og:url\" content=\"https:\/\/javiervarelactor.com\/?p=1162\" \/>\n<meta property=\"og:site_name\" content=\"Javier Varela\" \/>\n<meta property=\"article:publisher\" content=\"https:\/\/www.facebook.com\/pages\/Javier-Varela\/145894855509796?sk=info&amp;amp%3bamp%3bamp%3bamp%3btab=page_info\" \/>\n<meta property=\"article:published_time\" content=\"2017-08-22T16:31:45+00:00\" \/>\n<meta property=\"article:modified_time\" content=\"2017-08-22T16:34:07+00:00\" \/>\n<meta property=\"og:image\" content=\"https:\/\/javiervarelactor.com\/wp-content\/uploads\/2015\/11\/javi-varela1-1024x704.jpg\" \/>\n\t<meta property=\"og:image:width\" content=\"1024\" \/>\n\t<meta property=\"og:image:height\" content=\"704\" \/>\n\t<meta property=\"og:image:type\" content=\"image\/jpeg\" \/>\n<meta name=\"author\" content=\"Javier Varela\" \/>\n<meta name=\"twitter:label1\" content=\"Escrito por\" \/>\n\t<meta name=\"twitter:data1\" content=\"Javier Varela\" \/>\n\t<meta name=\"twitter:label2\" content=\"Tiempo de lectura\" \/>\n\t<meta name=\"twitter:data2\" content=\"1 minuto\" \/>\n<script type=\"application\/ld+json\" class=\"yoast-schema-graph\">{\"@context\":\"https:\/\/schema.org\",\"@graph\":[{\"@type\":\"WebPage\",\"@id\":\"https:\/\/javiervarelactor.com\/?p=1162\",\"url\":\"https:\/\/javiervarelactor.com\/?p=1162\",\"name\":\"Javier Varela lleva a Baiona su mon\u00f3logo \u201cSa\u00fadame Sempre\u201d\",\"isPartOf\":{\"@id\":\"https:\/\/javiervarelactor.com\/#website\"},\"primaryImageOfPage\":{\"@id\":\"https:\/\/javiervarelactor.com\/?p=1162#primaryimage\"},\"image\":{\"@id\":\"https:\/\/javiervarelactor.com\/?p=1162#primaryimage\"},\"thumbnailUrl\":\"https:\/\/javiervarelactor.com\/wp-content\/uploads\/2015\/11\/javi-varela1.jpg\",\"datePublished\":\"2017-08-22T16:31:45+00:00\",\"dateModified\":\"2017-08-22T16:34:07+00:00\",\"author\":{\"@id\":\"https:\/\/javiervarelactor.com\/#\/schema\/person\/e3104f2f3cca87d9a07b40f5281c02ba\"},\"description\":\"Javier Varela lleva a Baiona su mon\u00f3logo \u201cSa\u00fadame Sempre\u201d el domingo 27 de Agosto a las 23.00h en la Plaza del Ayuntamiento. Mon\u00f3logo humor, risas en verano.\",\"breadcrumb\":{\"@id\":\"https:\/\/javiervarelactor.com\/?p=1162#breadcrumb\"},\"inLanguage\":\"es\",\"potentialAction\":[{\"@type\":\"ReadAction\",\"target\":[\"https:\/\/javiervarelactor.com\/?p=1162\"]}]},{\"@type\":\"ImageObject\",\"inLanguage\":\"es\",\"@id\":\"https:\/\/javiervarelactor.com\/?p=1162#primaryimage\",\"url\":\"https:\/\/javiervarelactor.com\/wp-content\/uploads\/2015\/11\/javi-varela1.jpg\",\"contentUrl\":\"https:\/\/javiervarelactor.com\/wp-content\/uploads\/2015\/11\/javi-varela1.jpg\",\"width\":3963,\"height\":2724,\"caption\":\"javi varela mon\u00f3logo\"},{\"@type\":\"BreadcrumbList\",\"@id\":\"https:\/\/javiervarelactor.com\/?p=1162#breadcrumb\",\"itemListElement\":[{\"@type\":\"ListItem\",\"position\":1,\"name\":\"Inicio\",\"item\":\"https:\/\/javiervarelactor.com\/\"},{\"@type\":\"ListItem\",\"position\":2,\"name\":\"Javier Varela lleva a Baiona su mon\u00f3logo \u201cSa\u00fadame Sempre\u201d\"}]},{\"@type\":\"WebSite\",\"@id\":\"https:\/\/javiervarelactor.com\/#website\",\"url\":\"https:\/\/javiervarelactor.com\/\",\"name\":\"Javier Varela\",\"description\":\"Actor y Presentador\",\"potentialAction\":[{\"@type\":\"SearchAction\",\"target\":{\"@type\":\"EntryPoint\",\"urlTemplate\":\"https:\/\/javiervarelactor.com\/?s={search_term_string}\"},\"query-input\":\"required name=search_term_string\"}],\"inLanguage\":\"es\"},{\"@type\":\"Person\",\"@id\":\"https:\/\/javiervarelactor.com\/#\/schema\/person\/e3104f2f3cca87d9a07b40f5281c02ba\",\"name\":\"Javier Varela\",\"image\":{\"@type\":\"ImageObject\",\"inLanguage\":\"es\",\"@id\":\"https:\/\/javiervarelactor.com\/#\/schema\/person\/image\/\",\"url\":\"https:\/\/secure.gravatar.com\/avatar\/858edfdbe98ed682c9723085564a87b3?s=96&d=mm&r=g\",\"contentUrl\":\"https:\/\/secure.gravatar.com\/avatar\/858edfdbe98ed682c9723085564a87b3?s=96&d=mm&r=g\",\"caption\":\"Javier Varela\"},\"sameAs\":[\"http:\/\/www.javiervarelactor.com\"],\"url\":\"https:\/\/javiervarelactor.com\/?author=1\"}]}<\/script>\n<!-- \/ Yoast SEO plugin. -->","yoast_head_json":{"title":"Javier Varela lleva a Baiona su mon\u00f3logo \u201cSa\u00fadame Sempre\u201d","description":"Javier Varela lleva a Baiona su mon\u00f3logo \u201cSa\u00fadame Sempre\u201d el domingo 27 de Agosto a las 23.00h en la Plaza del Ayuntamiento. Mon\u00f3logo humor, risas en verano.","robots":{"index":"index","follow":"follow","max-snippet":"max-snippet:-1","max-image-preview":"max-image-preview:large","max-video-preview":"max-video-preview:-1"},"canonical":"https:\/\/javiervarelactor.com\/?p=1162","og_locale":"es_ES","og_type":"article","og_title":"Javier Varela lleva a Baiona su mon\u00f3logo \u201cSa\u00fadame Sempre\u201d","og_description":"Javier Varela lleva a Baiona su mon\u00f3logo \u201cSa\u00fadame Sempre\u201d el domingo 27 de Agosto a las 23.00h en la Plaza del Ayuntamiento. Mon\u00f3logo humor, risas en verano.","og_url":"https:\/\/javiervarelactor.com\/?p=1162","og_site_name":"Javier Varela","article_publisher":"https:\/\/www.facebook.com\/pages\/Javier-Varela\/145894855509796?sk=info&amp%3bamp%3bamp%3bamp%3btab=page_info","article_published_time":"2017-08-22T16:31:45+00:00","article_modified_time":"2017-08-22T16:34:07+00:00","og_image":[{"width":1024,"height":704,"url":"https:\/\/javiervarelactor.com\/wp-content\/uploads\/2015\/11\/javi-varela1-1024x704.jpg","type":"image\/jpeg"}],"author":"Javier Varela","twitter_misc":{"Escrito por":"Javier Varela","Tiempo de lectura":"1 minuto"},"schema":{"@context":"https:\/\/schema.org","@graph":[{"@type":"WebPage","@id":"https:\/\/javiervarelactor.com\/?p=1162","url":"https:\/\/javiervarelactor.com\/?p=1162","name":"Javier Varela lleva a Baiona su mon\u00f3logo \u201cSa\u00fadame Sempre\u201d","isPartOf":{"@id":"https:\/\/javiervarelactor.com\/#website"},"primaryImageOfPage":{"@id":"https:\/\/javiervarelactor.com\/?p=1162#primaryimage"},"image":{"@id":"https:\/\/javiervarelactor.com\/?p=1162#primaryimage"},"thumbnailUrl":"https:\/\/javiervarelactor.com\/wp-content\/uploads\/2015\/11\/javi-varela1.jpg","datePublished":"2017-08-22T16:31:45+00:00","dateModified":"2017-08-22T16:34:07+00:00","author":{"@id":"https:\/\/javiervarelactor.com\/#\/schema\/person\/e3104f2f3cca87d9a07b40f5281c02ba"},"description":"Javier Varela lleva a Baiona su mon\u00f3logo \u201cSa\u00fadame Sempre\u201d el domingo 27 de Agosto a las 23.00h en la Plaza del Ayuntamiento. Mon\u00f3logo humor, risas en verano.","breadcrumb":{"@id":"https:\/\/javiervarelactor.com\/?p=1162#breadcrumb"},"inLanguage":"es","potentialAction":[{"@type":"ReadAction","target":["https:\/\/javiervarelactor.com\/?p=1162"]}]},{"@type":"ImageObject","inLanguage":"es","@id":"https:\/\/javiervarelactor.com\/?p=1162#primaryimage","url":"https:\/\/javiervarelactor.com\/wp-content\/uploads\/2015\/11\/javi-varela1.jpg","contentUrl":"https:\/\/javiervarelactor.com\/wp-content\/uploads\/2015\/11\/javi-varela1.jpg","width":3963,"height":2724,"caption":"javi varela mon\u00f3logo"},{"@type":"BreadcrumbList","@id":"https:\/\/javiervarelactor.com\/?p=1162#breadcrumb","itemListElement":[{"@type":"ListItem","position":1,"name":"Inicio","item":"https:\/\/javiervarelactor.com\/"},{"@type":"ListItem","position":2,"name":"Javier Varela lleva a Baiona su mon\u00f3logo \u201cSa\u00fadame Sempre\u201d"}]},{"@type":"WebSite","@id":"https:\/\/javiervarelactor.com\/#website","url":"https:\/\/javiervarelactor.com\/","name":"Javier Varela","description":"Actor y Presentador","potentialAction":[{"@type":"SearchAction","target":{"@type":"EntryPoint","urlTemplate":"https:\/\/javiervarelactor.com\/?s={search_term_string}"},"query-input":"required name=search_term_string"}],"inLanguage":"es"},{"@type":"Person","@id":"https:\/\/javiervarelactor.com\/#\/schema\/person\/e3104f2f3cca87d9a07b40f5281c02ba","name":"Javier Varela","image":{"@type":"ImageObject","inLanguage":"es","@id":"https:\/\/javiervarelactor.com\/#\/schema\/person\/image\/","url":"https:\/\/secure.gravatar.com\/avatar\/858edfdbe98ed682c9723085564a87b3?s=96&d=mm&r=g","contentUrl":"https:\/\/secure.gravatar.com\/avatar\/858edfdbe98ed682c9723085564a87b3?s=96&d=mm&r=g","caption":"Javier Varela"},"sameAs":["http:\/\/www.javiervarelactor.com"],"url":"https:\/\/javiervarelactor.com\/?author=1"}]}},"_links":{"self":[{"href":"https:\/\/javiervarelactor.com\/index.php?rest_route=\/wp\/v2\/posts\/1162"}],"collection":[{"href":"https:\/\/javiervarelactor.com\/index.php?rest_route=\/wp\/v2\/posts"}],"about":[{"href":"https:\/\/javiervarelactor.com\/index.php?rest_route=\/wp\/v2\/types\/post"}],"author":[{"embeddable":true,"href":"https:\/\/javiervarelactor.com\/index.php?rest_route=\/wp\/v2\/users\/1"}],"replies":[{"embeddable":true,"href":"https:\/\/javiervarelactor.com\/index.php?rest_route=%2Fwp%2Fv2%2Fcomments&post=1162"}],"version-history":[{"count":6,"href":"https:\/\/javiervarelactor.com\/index.php?rest_route=\/wp\/v2\/posts\/1162\/revisions"}],"predecessor-version":[{"id":1168,"href":"https:\/\/javiervarelactor.com\/index.php?rest_route=\/wp\/v2\/posts\/1162\/revisions\/1168"}],"wp:featuredmedia":[{"embeddable":true,"href":"https:\/\/javiervarelactor.com\/index.php?rest_route=\/wp\/v2\/media\/668"}],"wp:attachment":[{"href":"https:\/\/javiervarelactor.com\/index.php?rest_route=%2Fwp%2Fv2%2Fmedia&parent=1162"}],"wp:term":[{"taxonomy":"category","embeddable":true,"href":"https:\/\/javiervarelactor.com\/index.php?rest_route=%2Fwp%2Fv2%2Fcategories&post=1162"},{"taxonomy":"post_tag","embeddable":true,"href":"https:\/\/javiervarelactor.com\/index.php?rest_route=%2Fwp%2Fv2%2Ftags&post=1162"}],"curies":[{"name":"wp","href":"https:\/\/api.w.org\/{rel}","templated":true}]}}