{"id":1149,"date":"2017-08-09T11:26:31","date_gmt":"2017-08-09T11:26:31","guid":{"rendered":"http:\/\/javiervarelactor.com\/?p=1149"},"modified":"2017-08-09T11:26:42","modified_gmt":"2017-08-09T11:26:42","slug":"spot-folion-de-carros-chantada-2017","status":"publish","type":"post","link":"https:\/\/javiervarelactor.com\/?p=1149","title":{"rendered":"Spot \u00abFoli\u00f3n de Carros\u00bb Chantada 2017"},"content":{"rendered":"<p><a href=\"http:\/\/javiervarelactor.com\/wp-content\/uploads\/2017\/08\/folion-javier-carros.jpg\"><img loading=\"lazy\" decoding=\"async\" class=\"alignleft wp-image-1150 size-thumbnail\" src=\"http:\/\/javiervarelactor.com\/wp-content\/uploads\/2017\/08\/folion-javier-carros-150x150.jpg\" alt=\"folion javier carros\" width=\"150\" height=\"150\" \/><\/a> <span style=\"color: #000000;\"><a style=\"color: #000000;\" href=\"http:\/\/javiervarelactor.com\/wp-content\/uploads\/2017\/08\/javier-varela-carroceiro.jpg\"><img loading=\"lazy\" decoding=\"async\" class=\"wp-image-1151 size-thumbnail alignleft\" src=\"http:\/\/javiervarelactor.com\/wp-content\/uploads\/2017\/08\/javier-varela-carroceiro-150x150.jpg\" alt=\"javier varela carroceiro\" width=\"150\" height=\"150\" \/><\/a> <a style=\"color: #000000;\" href=\"http:\/\/javiervarelactor.com\/wp-content\/uploads\/2017\/08\/javier-varela-folion-carros.jpg\"><img loading=\"lazy\" decoding=\"async\" class=\"wp-image-1153 size-thumbnail alignleft\" src=\"http:\/\/javiervarelactor.com\/wp-content\/uploads\/2017\/08\/javier-varela-folion-carros-150x150.jpg\" alt=\"javier varela folion carros\" width=\"150\" height=\"150\" \/><\/a><\/span><\/p>\n<p><span style=\"color: #000000;\">Muy feliz de haber formado parte del spot para invitaros a conocer el \u00ab<strong>Foli\u00f3n de carros<\/strong>\u00bb en Chantada, mi pueblo. Una fiesta \u00fanica donde los oficios tracionales se representan gracias al trabajo de las pandillas del pueblo que, durante semanas, trabajan voluntariamente para realizar simulaciones de oficios en carros. El d\u00eda <strong>26 de Agosto de 2017<\/strong> desfilan por el pueblo para el disfrute de vecinos, amigos y forasteros, todos engalanados vestidos de carroceiros. Una de las fiestas m\u00e1s especiales de Chantada, est\u00e1s invitado.<\/span><\/p>\n<p><span style=\"color: #000000;\">Un placer para mi haber colaborado de manera altruista con un equipo de trabajo de gente de chantada; ilusionada, comprometida y con un enorme taleneto \u00bfqui\u00e9n se negar\u00eda a aceptar una colaboraci\u00f3n de esta calidad en su pueblo? Gracias a Alberto Alc\u00e1ntara por dirigir de manera tan profesional esta pieza, a todo el equipo por esas largas horas al sol, gestionando producci\u00f3n, vacas y calor. Y gracias a Chantada por hacer posible cada a\u00f1o el \u00abFoli\u00f3n de Carros\u00bb.<\/span><\/p>\n<p><iframe loading=\"lazy\" src=\"https:\/\/player.vimeo.com\/video\/228141875\" width=\"640\" height=\"272\" frameborder=\"0\" allowfullscreen=\"allowfullscreen\"><\/iframe><\/p>\n<p>&nbsp;<\/p>\n","protected":false},"excerpt":{"rendered":"<p>Muy feliz de haber formado parte del spot para invitaros a conocer el \u00abFoli\u00f3n de carros\u00bb en Chantada, mi pueblo. Una fiesta \u00fanica donde los oficios tracionales se representan gracias al trabajo de las pandillas del pueblo que, durante semanas, trabajan voluntariamente para realizar simulaciones de oficios en carros. El d\u00eda 26 de Agosto de <a class=\"read-more\" href=\"https:\/\/javiervarelactor.com\/?p=1149\">Leer m\u00e1s<\/a><\/p>\n","protected":false},"author":1,"featured_media":1152,"comment_status":"closed","ping_status":"open","sticky":false,"template":"","format":"standard","meta":{"_monsterinsights_skip_tracking":false,"_monsterinsights_sitenote_active":false,"_monsterinsights_sitenote_note":"","_monsterinsights_sitenote_category":0,"footnotes":""},"categories":[21,31,41,49],"tags":[71,70],"yoast_head":"<!-- This site is optimized with the Yoast SEO plugin v22.7 - https:\/\/yoast.com\/wordpress\/plugins\/seo\/ -->\n<title>Spot &quot;Foli\u00f3n de Carros&quot; Chantada 2017<\/title>\n<meta name=\"description\" content=\"Spot &quot;Foli\u00f3n de Carros&quot; Chantada 2017\" \/>\n<meta name=\"robots\" content=\"index, follow, max-snippet:-1, max-image-preview:large, max-video-preview:-1\" \/>\n<link rel=\"canonical\" href=\"https:\/\/javiervarelactor.com\/?p=1149\" \/>\n<meta property=\"og:locale\" content=\"es_ES\" \/>\n<meta property=\"og:type\" content=\"article\" \/>\n<meta property=\"og:title\" content=\"Spot &quot;Foli\u00f3n de Carros&quot; Chantada 2017\" \/>\n<meta property=\"og:description\" content=\"Spot &quot;Foli\u00f3n de Carros&quot; Chantada 2017\" \/>\n<meta property=\"og:url\" content=\"https:\/\/javiervarelactor.com\/?p=1149\" \/>\n<meta property=\"og:site_name\" content=\"Javier Varela\" \/>\n<meta property=\"article:publisher\" content=\"https:\/\/www.facebook.com\/pages\/Javier-Varela\/145894855509796?sk=info&amp;amp%3bamp%3bamp%3bamp%3btab=page_info\" \/>\n<meta property=\"article:published_time\" content=\"2017-08-09T11:26:31+00:00\" \/>\n<meta property=\"article:modified_time\" content=\"2017-08-09T11:26:42+00:00\" \/>\n<meta property=\"og:image\" content=\"https:\/\/javiervarelactor.com\/wp-content\/uploads\/2017\/08\/javier-varela-chantada.jpg\" \/>\n\t<meta property=\"og:image:width\" content=\"960\" \/>\n\t<meta property=\"og:image:height\" content=\"640\" \/>\n\t<meta property=\"og:image:type\" content=\"image\/jpeg\" \/>\n<meta name=\"author\" content=\"Javier Varela\" \/>\n<meta name=\"twitter:label1\" content=\"Escrito por\" \/>\n\t<meta name=\"twitter:data1\" content=\"Javier Varela\" \/>\n\t<meta name=\"twitter:label2\" content=\"Tiempo de lectura\" \/>\n\t<meta name=\"twitter:data2\" content=\"1 minuto\" \/>\n<script type=\"application\/ld+json\" class=\"yoast-schema-graph\">{\"@context\":\"https:\/\/schema.org\",\"@graph\":[{\"@type\":\"WebPage\",\"@id\":\"https:\/\/javiervarelactor.com\/?p=1149\",\"url\":\"https:\/\/javiervarelactor.com\/?p=1149\",\"name\":\"Spot \\\"Foli\u00f3n de Carros\\\" Chantada 2017\",\"isPartOf\":{\"@id\":\"https:\/\/javiervarelactor.com\/#website\"},\"primaryImageOfPage\":{\"@id\":\"https:\/\/javiervarelactor.com\/?p=1149#primaryimage\"},\"image\":{\"@id\":\"https:\/\/javiervarelactor.com\/?p=1149#primaryimage\"},\"thumbnailUrl\":\"https:\/\/javiervarelactor.com\/wp-content\/uploads\/2017\/08\/javier-varela-chantada.jpg\",\"datePublished\":\"2017-08-09T11:26:31+00:00\",\"dateModified\":\"2017-08-09T11:26:42+00:00\",\"author\":{\"@id\":\"https:\/\/javiervarelactor.com\/#\/schema\/person\/e3104f2f3cca87d9a07b40f5281c02ba\"},\"description\":\"Spot \\\"Foli\u00f3n de Carros\\\" Chantada 2017\",\"breadcrumb\":{\"@id\":\"https:\/\/javiervarelactor.com\/?p=1149#breadcrumb\"},\"inLanguage\":\"es\",\"potentialAction\":[{\"@type\":\"ReadAction\",\"target\":[\"https:\/\/javiervarelactor.com\/?p=1149\"]}]},{\"@type\":\"ImageObject\",\"inLanguage\":\"es\",\"@id\":\"https:\/\/javiervarelactor.com\/?p=1149#primaryimage\",\"url\":\"https:\/\/javiervarelactor.com\/wp-content\/uploads\/2017\/08\/javier-varela-chantada.jpg\",\"contentUrl\":\"https:\/\/javiervarelactor.com\/wp-content\/uploads\/2017\/08\/javier-varela-chantada.jpg\",\"width\":960,\"height\":640,\"caption\":\"javier varela chantada\"},{\"@type\":\"BreadcrumbList\",\"@id\":\"https:\/\/javiervarelactor.com\/?p=1149#breadcrumb\",\"itemListElement\":[{\"@type\":\"ListItem\",\"position\":1,\"name\":\"Inicio\",\"item\":\"https:\/\/javiervarelactor.com\/\"},{\"@type\":\"ListItem\",\"position\":2,\"name\":\"Spot \u00abFoli\u00f3n de Carros\u00bb Chantada 2017\"}]},{\"@type\":\"WebSite\",\"@id\":\"https:\/\/javiervarelactor.com\/#website\",\"url\":\"https:\/\/javiervarelactor.com\/\",\"name\":\"Javier Varela\",\"description\":\"Actor y Presentador\",\"potentialAction\":[{\"@type\":\"SearchAction\",\"target\":{\"@type\":\"EntryPoint\",\"urlTemplate\":\"https:\/\/javiervarelactor.com\/?s={search_term_string}\"},\"query-input\":\"required name=search_term_string\"}],\"inLanguage\":\"es\"},{\"@type\":\"Person\",\"@id\":\"https:\/\/javiervarelactor.com\/#\/schema\/person\/e3104f2f3cca87d9a07b40f5281c02ba\",\"name\":\"Javier Varela\",\"image\":{\"@type\":\"ImageObject\",\"inLanguage\":\"es\",\"@id\":\"https:\/\/javiervarelactor.com\/#\/schema\/person\/image\/\",\"url\":\"https:\/\/secure.gravatar.com\/avatar\/858edfdbe98ed682c9723085564a87b3?s=96&d=mm&r=g\",\"contentUrl\":\"https:\/\/secure.gravatar.com\/avatar\/858edfdbe98ed682c9723085564a87b3?s=96&d=mm&r=g\",\"caption\":\"Javier Varela\"},\"sameAs\":[\"http:\/\/www.javiervarelactor.com\"],\"url\":\"https:\/\/javiervarelactor.com\/?author=1\"}]}<\/script>\n<!-- \/ Yoast SEO plugin. -->","yoast_head_json":{"title":"Spot \"Foli\u00f3n de Carros\" Chantada 2017","description":"Spot \"Foli\u00f3n de Carros\" Chantada 2017","robots":{"index":"index","follow":"follow","max-snippet":"max-snippet:-1","max-image-preview":"max-image-preview:large","max-video-preview":"max-video-preview:-1"},"canonical":"https:\/\/javiervarelactor.com\/?p=1149","og_locale":"es_ES","og_type":"article","og_title":"Spot \"Foli\u00f3n de Carros\" Chantada 2017","og_description":"Spot \"Foli\u00f3n de Carros\" Chantada 2017","og_url":"https:\/\/javiervarelactor.com\/?p=1149","og_site_name":"Javier Varela","article_publisher":"https:\/\/www.facebook.com\/pages\/Javier-Varela\/145894855509796?sk=info&amp%3bamp%3bamp%3bamp%3btab=page_info","article_published_time":"2017-08-09T11:26:31+00:00","article_modified_time":"2017-08-09T11:26:42+00:00","og_image":[{"width":960,"height":640,"url":"https:\/\/javiervarelactor.com\/wp-content\/uploads\/2017\/08\/javier-varela-chantada.jpg","type":"image\/jpeg"}],"author":"Javier Varela","twitter_misc":{"Escrito por":"Javier Varela","Tiempo de lectura":"1 minuto"},"schema":{"@context":"https:\/\/schema.org","@graph":[{"@type":"WebPage","@id":"https:\/\/javiervarelactor.com\/?p=1149","url":"https:\/\/javiervarelactor.com\/?p=1149","name":"Spot \"Foli\u00f3n de Carros\" Chantada 2017","isPartOf":{"@id":"https:\/\/javiervarelactor.com\/#website"},"primaryImageOfPage":{"@id":"https:\/\/javiervarelactor.com\/?p=1149#primaryimage"},"image":{"@id":"https:\/\/javiervarelactor.com\/?p=1149#primaryimage"},"thumbnailUrl":"https:\/\/javiervarelactor.com\/wp-content\/uploads\/2017\/08\/javier-varela-chantada.jpg","datePublished":"2017-08-09T11:26:31+00:00","dateModified":"2017-08-09T11:26:42+00:00","author":{"@id":"https:\/\/javiervarelactor.com\/#\/schema\/person\/e3104f2f3cca87d9a07b40f5281c02ba"},"description":"Spot \"Foli\u00f3n de Carros\" Chantada 2017","breadcrumb":{"@id":"https:\/\/javiervarelactor.com\/?p=1149#breadcrumb"},"inLanguage":"es","potentialAction":[{"@type":"ReadAction","target":["https:\/\/javiervarelactor.com\/?p=1149"]}]},{"@type":"ImageObject","inLanguage":"es","@id":"https:\/\/javiervarelactor.com\/?p=1149#primaryimage","url":"https:\/\/javiervarelactor.com\/wp-content\/uploads\/2017\/08\/javier-varela-chantada.jpg","contentUrl":"https:\/\/javiervarelactor.com\/wp-content\/uploads\/2017\/08\/javier-varela-chantada.jpg","width":960,"height":640,"caption":"javier varela chantada"},{"@type":"BreadcrumbList","@id":"https:\/\/javiervarelactor.com\/?p=1149#breadcrumb","itemListElement":[{"@type":"ListItem","position":1,"name":"Inicio","item":"https:\/\/javiervarelactor.com\/"},{"@type":"ListItem","position":2,"name":"Spot \u00abFoli\u00f3n de Carros\u00bb Chantada 2017"}]},{"@type":"WebSite","@id":"https:\/\/javiervarelactor.com\/#website","url":"https:\/\/javiervarelactor.com\/","name":"Javier Varela","description":"Actor y Presentador","potentialAction":[{"@type":"SearchAction","target":{"@type":"EntryPoint","urlTemplate":"https:\/\/javiervarelactor.com\/?s={search_term_string}"},"query-input":"required name=search_term_string"}],"inLanguage":"es"},{"@type":"Person","@id":"https:\/\/javiervarelactor.com\/#\/schema\/person\/e3104f2f3cca87d9a07b40f5281c02ba","name":"Javier Varela","image":{"@type":"ImageObject","inLanguage":"es","@id":"https:\/\/javiervarelactor.com\/#\/schema\/person\/image\/","url":"https:\/\/secure.gravatar.com\/avatar\/858edfdbe98ed682c9723085564a87b3?s=96&d=mm&r=g","contentUrl":"https:\/\/secure.gravatar.com\/avatar\/858edfdbe98ed682c9723085564a87b3?s=96&d=mm&r=g","caption":"Javier Varela"},"sameAs":["http:\/\/www.javiervarelactor.com"],"url":"https:\/\/javiervarelactor.com\/?author=1"}]}},"_links":{"self":[{"href":"https:\/\/javiervarelactor.com\/index.php?rest_route=\/wp\/v2\/posts\/1149"}],"collection":[{"href":"https:\/\/javiervarelactor.com\/index.php?rest_route=\/wp\/v2\/posts"}],"about":[{"href":"https:\/\/javiervarelactor.com\/index.php?rest_route=\/wp\/v2\/types\/post"}],"author":[{"embeddable":true,"href":"https:\/\/javiervarelactor.com\/index.php?rest_route=\/wp\/v2\/users\/1"}],"replies":[{"embeddable":true,"href":"https:\/\/javiervarelactor.com\/index.php?rest_route=%2Fwp%2Fv2%2Fcomments&post=1149"}],"version-history":[{"count":5,"href":"https:\/\/javiervarelactor.com\/index.php?rest_route=\/wp\/v2\/posts\/1149\/revisions"}],"predecessor-version":[{"id":1158,"href":"https:\/\/javiervarelactor.com\/index.php?rest_route=\/wp\/v2\/posts\/1149\/revisions\/1158"}],"wp:featuredmedia":[{"embeddable":true,"href":"https:\/\/javiervarelactor.com\/index.php?rest_route=\/wp\/v2\/media\/1152"}],"wp:attachment":[{"href":"https:\/\/javiervarelactor.com\/index.php?rest_route=%2Fwp%2Fv2%2Fmedia&parent=1149"}],"wp:term":[{"taxonomy":"category","embeddable":true,"href":"https:\/\/javiervarelactor.com\/index.php?rest_route=%2Fwp%2Fv2%2Fcategories&post=1149"},{"taxonomy":"post_tag","embeddable":true,"href":"https:\/\/javiervarelactor.com\/index.php?rest_route=%2Fwp%2Fv2%2Ftags&post=1149"}],"curies":[{"name":"wp","href":"https:\/\/api.w.org\/{rel}","templated":true}]}}