{"id":1141,"date":"2017-07-15T08:56:01","date_gmt":"2017-07-15T08:56:01","guid":{"rendered":"http:\/\/javiervarelactor.com\/?p=1141"},"modified":"2017-07-15T09:03:53","modified_gmt":"2017-07-15T09:03:53","slug":"regreso-a-tvg-para-presentar-gana-a-tua-sorte","status":"publish","type":"post","link":"https:\/\/javiervarelactor.com\/?p=1141","title":{"rendered":"Regreso a TVG para presentar \u201cGa\u00f1a a t\u00faa Sorte\u201d"},"content":{"rendered":"<h5><span style=\"color: #000000;\">Comparto con vosotros la nota de prensa publicada en varios medios donde se hacen eco de mi regreso a TVG para presentar \u00abGa\u00f1a a t\u00faa Sorte\u00bb-\u00a0\u00a0 Como ver\u00e9is, vuelvo a la televisi\u00f3n de Galicia, esta vez como Presentador de \u00abGa\u00f1a a t\u00faa sorte\u00bb, un concurso diario donde he podido disfrutar de lo divertido y emocionante de compartir tiempo con concursantes motivados y entregados. Pod\u00e9is verlo cada d\u00eda en TVG o cuando quer\u00e1is<a href=\"http:\/\/www.crtvg.es\/tvg\/programas\/gana-a-tua-sorte\" target=\"_blank\"> pinchando aqu\u00ed<\/a>\u00a0 &#8211; Javier Varela<\/span><\/h5>\n<p><span style=\"text-decoration: underline;\"><span style=\"color: #000000; text-decoration: underline;\">Javier Varela regresa a TVG para presentar \u00abGa\u00f1a a t\u00faa Sorte\u00bb<\/span><\/span><\/p>\n<p><span style=\"color: #000000;\">Tras su personaje de Ricardo por la exitosa serie \u201cAmar es para Siempre\u201d en Antena3, el actor chantadino hace doblete en su tierra con el concurso diario \u201cGa\u00f1a a t\u00faa Sorte\u201d y la grabaci\u00f3n de \u201cFari\u00f1a\u201d, la nueva serie de Bamb\u00fa Producciones.<a href=\"http:\/\/javiervarelactor.com\/wp-content\/uploads\/2017\/07\/presentador2.jpg\"><img loading=\"lazy\" decoding=\"async\" class=\"size-medium wp-image-1143 alignleft\" src=\"http:\/\/javiervarelactor.com\/wp-content\/uploads\/2017\/07\/presentador2-300x200.jpg\" alt=\"presentador ga\u00f1a a tua sorte\" width=\"300\" height=\"200\" srcset=\"https:\/\/javiervarelactor.com\/wp-content\/uploads\/2017\/07\/presentador2-300x200.jpg 300w, https:\/\/javiervarelactor.com\/wp-content\/uploads\/2017\/07\/presentador2-1024x683.jpg 1024w, https:\/\/javiervarelactor.com\/wp-content\/uploads\/2017\/07\/presentador2.jpg 1200w\" sizes=\"(max-width: 300px) 100vw, 300px\" \/><\/a>\u00a0<\/span><\/p>\n<p><span style=\"color: #000000;\">El verano empieza con una divertida novedad en el mediod\u00eda de TVG, el concurso \u201cGa\u00f1a a T\u00faa Sorte\u201d presentado por Javier Varela donde cada d\u00eda dos concursantes competir\u00e1n contra un panel plagado de premios, unos m\u00e1s valiosos que otros. De la suerte, la cantidad de respuestas correctas y la templanza de los concursantes depender\u00e1 el premio ganado.<\/span><\/p>\n<p><span style=\"color: #000000;\">El presentador Javier Varela dirige con humor y agilidad este concurso que comienza a las 12 del mediod\u00eda en la Televisi\u00f3n de Galicia de lunes a viernes este verano. La interacci\u00f3n con los concursantes del presentador ser\u00e1 fundamental para que estos consigan su premio.<\/span><\/p>\n<p><span style=\"color: #000000;\">Javier Varela ha presentado programas en la misma cadena como \u201cDelincuentes Torpes\u201d, \u201cPolo Chan\u201d o \u201c Mais Galego\u201d, hemos podido verle en personajes para series de \u00e9xito como \u201cSerramoura\u201d, \u201cUrxencia Cero\u201d o \u201cPazo de Familia\u201d entre otras producciones gallegas y en \u201cAmar es para Siempre\u201d o \u201cEl Secreto de Puente Viejo\u201d para la ficci\u00f3n nacional.<\/span><\/p>\n<p><span style=\"color: #000000;\">Actualmente compagina su gira de mon\u00f3logos de verano con un intenso rodaje para su nuevo personaje en la serie \u201cFari\u00f1a\u201d que se encuentra el pleno rodaje en espacios naturales gallegos, la serie para Antena3 relata en su trama la reciente historia del narcotr\u00e1fico gallego de los a\u00f1os 80. Una carrera de \u00e9xito para el actor y presentador chantadino que en \u201cGa\u00f1a a T\u00faa Sorte\u201d nos ofrece su lado m\u00e1s c\u00f3mico y donde sus dotes de improvisador hacen de este concurso un programa divertido, amable y para toda la familia en los mediod\u00edas de verano.<\/span><\/p>\n","protected":false},"excerpt":{"rendered":"<p>Comparto con vosotros la nota de prensa publicada en varios medios donde se hacen eco de mi regreso a TVG para presentar \u00abGa\u00f1a a t\u00faa Sorte\u00bb-\u00a0\u00a0 Como ver\u00e9is, vuelvo a la televisi\u00f3n de Galicia, esta vez como Presentador de \u00abGa\u00f1a a t\u00faa sorte\u00bb, un concurso diario donde he podido disfrutar de lo divertido y emocionante <a class=\"read-more\" href=\"https:\/\/javiervarelactor.com\/?p=1141\">Leer m\u00e1s<\/a><\/p>\n","protected":false},"author":1,"featured_media":1144,"comment_status":"closed","ping_status":"open","sticky":false,"template":"","format":"standard","meta":{"_monsterinsights_skip_tracking":false,"_monsterinsights_sitenote_active":false,"_monsterinsights_sitenote_note":"","_monsterinsights_sitenote_category":0,"footnotes":""},"categories":[22,58],"tags":[59,69],"yoast_head":"<!-- This site is optimized with the Yoast SEO plugin v22.7 - https:\/\/yoast.com\/wordpress\/plugins\/seo\/ -->\n<title>Presentador &quot;Ga\u00f1a a t\u00faa sorte&quot; - Javier Varela<\/title>\n<meta name=\"description\" content=\"Javier Varela regresa a TVG para presentar &quot;Ga\u00f1a a t\u00faa Sorte&quot;. El actor gallego conduce el concurso como presentador ga\u00f1a a tua sorte todos los d\u00edas en TVG\" \/>\n<meta name=\"robots\" content=\"index, follow, max-snippet:-1, max-image-preview:large, max-video-preview:-1\" \/>\n<link rel=\"canonical\" href=\"https:\/\/javiervarelactor.com\/?p=1141\" \/>\n<meta property=\"og:locale\" content=\"es_ES\" \/>\n<meta property=\"og:type\" content=\"article\" \/>\n<meta property=\"og:title\" content=\"Presentador &quot;Ga\u00f1a a t\u00faa sorte&quot; - Javier Varela\" \/>\n<meta property=\"og:description\" content=\"Javier Varela regresa a TVG para presentar &quot;Ga\u00f1a a t\u00faa Sorte&quot;. El actor gallego conduce el concurso como presentador ga\u00f1a a tua sorte todos los d\u00edas en TVG\" \/>\n<meta property=\"og:url\" content=\"https:\/\/javiervarelactor.com\/?p=1141\" \/>\n<meta property=\"og:site_name\" content=\"Javier Varela\" \/>\n<meta property=\"article:publisher\" content=\"https:\/\/www.facebook.com\/pages\/Javier-Varela\/145894855509796?sk=info&amp;amp%3bamp%3bamp%3bamp%3btab=page_info\" \/>\n<meta property=\"article:published_time\" content=\"2017-07-15T08:56:01+00:00\" \/>\n<meta property=\"article:modified_time\" content=\"2017-07-15T09:03:53+00:00\" \/>\n<meta property=\"og:image\" content=\"https:\/\/javiervarelactor.com\/wp-content\/uploads\/2017\/07\/presentador-tvg.jpg\" \/>\n\t<meta property=\"og:image:width\" content=\"1200\" \/>\n\t<meta property=\"og:image:height\" content=\"630\" \/>\n\t<meta property=\"og:image:type\" content=\"image\/jpeg\" \/>\n<meta name=\"author\" content=\"Javier Varela\" \/>\n<meta name=\"twitter:label1\" content=\"Escrito por\" \/>\n\t<meta name=\"twitter:data1\" content=\"Javier Varela\" \/>\n\t<meta name=\"twitter:label2\" content=\"Tiempo de lectura\" \/>\n\t<meta name=\"twitter:data2\" content=\"2 minutos\" \/>\n<script type=\"application\/ld+json\" class=\"yoast-schema-graph\">{\"@context\":\"https:\/\/schema.org\",\"@graph\":[{\"@type\":\"WebPage\",\"@id\":\"https:\/\/javiervarelactor.com\/?p=1141\",\"url\":\"https:\/\/javiervarelactor.com\/?p=1141\",\"name\":\"Presentador \\\"Ga\u00f1a a t\u00faa sorte\\\" - Javier Varela\",\"isPartOf\":{\"@id\":\"https:\/\/javiervarelactor.com\/#website\"},\"primaryImageOfPage\":{\"@id\":\"https:\/\/javiervarelactor.com\/?p=1141#primaryimage\"},\"image\":{\"@id\":\"https:\/\/javiervarelactor.com\/?p=1141#primaryimage\"},\"thumbnailUrl\":\"https:\/\/javiervarelactor.com\/wp-content\/uploads\/2017\/07\/presentador-tvg.jpg\",\"datePublished\":\"2017-07-15T08:56:01+00:00\",\"dateModified\":\"2017-07-15T09:03:53+00:00\",\"author\":{\"@id\":\"https:\/\/javiervarelactor.com\/#\/schema\/person\/e3104f2f3cca87d9a07b40f5281c02ba\"},\"description\":\"Javier Varela regresa a TVG para presentar \\\"Ga\u00f1a a t\u00faa Sorte\\\". El actor gallego conduce el concurso como presentador ga\u00f1a a tua sorte todos los d\u00edas en TVG\",\"breadcrumb\":{\"@id\":\"https:\/\/javiervarelactor.com\/?p=1141#breadcrumb\"},\"inLanguage\":\"es\",\"potentialAction\":[{\"@type\":\"ReadAction\",\"target\":[\"https:\/\/javiervarelactor.com\/?p=1141\"]}]},{\"@type\":\"ImageObject\",\"inLanguage\":\"es\",\"@id\":\"https:\/\/javiervarelactor.com\/?p=1141#primaryimage\",\"url\":\"https:\/\/javiervarelactor.com\/wp-content\/uploads\/2017\/07\/presentador-tvg.jpg\",\"contentUrl\":\"https:\/\/javiervarelactor.com\/wp-content\/uploads\/2017\/07\/presentador-tvg.jpg\",\"width\":1200,\"height\":630,\"caption\":\"presentador-tvg\"},{\"@type\":\"BreadcrumbList\",\"@id\":\"https:\/\/javiervarelactor.com\/?p=1141#breadcrumb\",\"itemListElement\":[{\"@type\":\"ListItem\",\"position\":1,\"name\":\"Inicio\",\"item\":\"https:\/\/javiervarelactor.com\/\"},{\"@type\":\"ListItem\",\"position\":2,\"name\":\"Regreso a TVG para presentar \u201cGa\u00f1a a t\u00faa Sorte\u201d\"}]},{\"@type\":\"WebSite\",\"@id\":\"https:\/\/javiervarelactor.com\/#website\",\"url\":\"https:\/\/javiervarelactor.com\/\",\"name\":\"Javier Varela\",\"description\":\"Actor y Presentador\",\"potentialAction\":[{\"@type\":\"SearchAction\",\"target\":{\"@type\":\"EntryPoint\",\"urlTemplate\":\"https:\/\/javiervarelactor.com\/?s={search_term_string}\"},\"query-input\":\"required name=search_term_string\"}],\"inLanguage\":\"es\"},{\"@type\":\"Person\",\"@id\":\"https:\/\/javiervarelactor.com\/#\/schema\/person\/e3104f2f3cca87d9a07b40f5281c02ba\",\"name\":\"Javier Varela\",\"image\":{\"@type\":\"ImageObject\",\"inLanguage\":\"es\",\"@id\":\"https:\/\/javiervarelactor.com\/#\/schema\/person\/image\/\",\"url\":\"https:\/\/secure.gravatar.com\/avatar\/858edfdbe98ed682c9723085564a87b3?s=96&d=mm&r=g\",\"contentUrl\":\"https:\/\/secure.gravatar.com\/avatar\/858edfdbe98ed682c9723085564a87b3?s=96&d=mm&r=g\",\"caption\":\"Javier Varela\"},\"sameAs\":[\"http:\/\/www.javiervarelactor.com\"],\"url\":\"https:\/\/javiervarelactor.com\/?author=1\"}]}<\/script>\n<!-- \/ Yoast SEO plugin. -->","yoast_head_json":{"title":"Presentador \"Ga\u00f1a a t\u00faa sorte\" - Javier Varela","description":"Javier Varela regresa a TVG para presentar \"Ga\u00f1a a t\u00faa Sorte\". El actor gallego conduce el concurso como presentador ga\u00f1a a tua sorte todos los d\u00edas en TVG","robots":{"index":"index","follow":"follow","max-snippet":"max-snippet:-1","max-image-preview":"max-image-preview:large","max-video-preview":"max-video-preview:-1"},"canonical":"https:\/\/javiervarelactor.com\/?p=1141","og_locale":"es_ES","og_type":"article","og_title":"Presentador \"Ga\u00f1a a t\u00faa sorte\" - Javier Varela","og_description":"Javier Varela regresa a TVG para presentar \"Ga\u00f1a a t\u00faa Sorte\". El actor gallego conduce el concurso como presentador ga\u00f1a a tua sorte todos los d\u00edas en TVG","og_url":"https:\/\/javiervarelactor.com\/?p=1141","og_site_name":"Javier Varela","article_publisher":"https:\/\/www.facebook.com\/pages\/Javier-Varela\/145894855509796?sk=info&amp%3bamp%3bamp%3bamp%3btab=page_info","article_published_time":"2017-07-15T08:56:01+00:00","article_modified_time":"2017-07-15T09:03:53+00:00","og_image":[{"width":1200,"height":630,"url":"https:\/\/javiervarelactor.com\/wp-content\/uploads\/2017\/07\/presentador-tvg.jpg","type":"image\/jpeg"}],"author":"Javier Varela","twitter_misc":{"Escrito por":"Javier Varela","Tiempo de lectura":"2 minutos"},"schema":{"@context":"https:\/\/schema.org","@graph":[{"@type":"WebPage","@id":"https:\/\/javiervarelactor.com\/?p=1141","url":"https:\/\/javiervarelactor.com\/?p=1141","name":"Presentador \"Ga\u00f1a a t\u00faa sorte\" - Javier Varela","isPartOf":{"@id":"https:\/\/javiervarelactor.com\/#website"},"primaryImageOfPage":{"@id":"https:\/\/javiervarelactor.com\/?p=1141#primaryimage"},"image":{"@id":"https:\/\/javiervarelactor.com\/?p=1141#primaryimage"},"thumbnailUrl":"https:\/\/javiervarelactor.com\/wp-content\/uploads\/2017\/07\/presentador-tvg.jpg","datePublished":"2017-07-15T08:56:01+00:00","dateModified":"2017-07-15T09:03:53+00:00","author":{"@id":"https:\/\/javiervarelactor.com\/#\/schema\/person\/e3104f2f3cca87d9a07b40f5281c02ba"},"description":"Javier Varela regresa a TVG para presentar \"Ga\u00f1a a t\u00faa Sorte\". El actor gallego conduce el concurso como presentador ga\u00f1a a tua sorte todos los d\u00edas en TVG","breadcrumb":{"@id":"https:\/\/javiervarelactor.com\/?p=1141#breadcrumb"},"inLanguage":"es","potentialAction":[{"@type":"ReadAction","target":["https:\/\/javiervarelactor.com\/?p=1141"]}]},{"@type":"ImageObject","inLanguage":"es","@id":"https:\/\/javiervarelactor.com\/?p=1141#primaryimage","url":"https:\/\/javiervarelactor.com\/wp-content\/uploads\/2017\/07\/presentador-tvg.jpg","contentUrl":"https:\/\/javiervarelactor.com\/wp-content\/uploads\/2017\/07\/presentador-tvg.jpg","width":1200,"height":630,"caption":"presentador-tvg"},{"@type":"BreadcrumbList","@id":"https:\/\/javiervarelactor.com\/?p=1141#breadcrumb","itemListElement":[{"@type":"ListItem","position":1,"name":"Inicio","item":"https:\/\/javiervarelactor.com\/"},{"@type":"ListItem","position":2,"name":"Regreso a TVG para presentar \u201cGa\u00f1a a t\u00faa Sorte\u201d"}]},{"@type":"WebSite","@id":"https:\/\/javiervarelactor.com\/#website","url":"https:\/\/javiervarelactor.com\/","name":"Javier Varela","description":"Actor y Presentador","potentialAction":[{"@type":"SearchAction","target":{"@type":"EntryPoint","urlTemplate":"https:\/\/javiervarelactor.com\/?s={search_term_string}"},"query-input":"required name=search_term_string"}],"inLanguage":"es"},{"@type":"Person","@id":"https:\/\/javiervarelactor.com\/#\/schema\/person\/e3104f2f3cca87d9a07b40f5281c02ba","name":"Javier Varela","image":{"@type":"ImageObject","inLanguage":"es","@id":"https:\/\/javiervarelactor.com\/#\/schema\/person\/image\/","url":"https:\/\/secure.gravatar.com\/avatar\/858edfdbe98ed682c9723085564a87b3?s=96&d=mm&r=g","contentUrl":"https:\/\/secure.gravatar.com\/avatar\/858edfdbe98ed682c9723085564a87b3?s=96&d=mm&r=g","caption":"Javier Varela"},"sameAs":["http:\/\/www.javiervarelactor.com"],"url":"https:\/\/javiervarelactor.com\/?author=1"}]}},"_links":{"self":[{"href":"https:\/\/javiervarelactor.com\/index.php?rest_route=\/wp\/v2\/posts\/1141"}],"collection":[{"href":"https:\/\/javiervarelactor.com\/index.php?rest_route=\/wp\/v2\/posts"}],"about":[{"href":"https:\/\/javiervarelactor.com\/index.php?rest_route=\/wp\/v2\/types\/post"}],"author":[{"embeddable":true,"href":"https:\/\/javiervarelactor.com\/index.php?rest_route=\/wp\/v2\/users\/1"}],"replies":[{"embeddable":true,"href":"https:\/\/javiervarelactor.com\/index.php?rest_route=%2Fwp%2Fv2%2Fcomments&post=1141"}],"version-history":[{"count":4,"href":"https:\/\/javiervarelactor.com\/index.php?rest_route=\/wp\/v2\/posts\/1141\/revisions"}],"predecessor-version":[{"id":1147,"href":"https:\/\/javiervarelactor.com\/index.php?rest_route=\/wp\/v2\/posts\/1141\/revisions\/1147"}],"wp:featuredmedia":[{"embeddable":true,"href":"https:\/\/javiervarelactor.com\/index.php?rest_route=\/wp\/v2\/media\/1144"}],"wp:attachment":[{"href":"https:\/\/javiervarelactor.com\/index.php?rest_route=%2Fwp%2Fv2%2Fmedia&parent=1141"}],"wp:term":[{"taxonomy":"category","embeddable":true,"href":"https:\/\/javiervarelactor.com\/index.php?rest_route=%2Fwp%2Fv2%2Fcategories&post=1141"},{"taxonomy":"post_tag","embeddable":true,"href":"https:\/\/javiervarelactor.com\/index.php?rest_route=%2Fwp%2Fv2%2Ftags&post=1141"}],"curies":[{"name":"wp","href":"https:\/\/api.w.org\/{rel}","templated":true}]}}