{"id":1130,"date":"2017-06-21T10:03:23","date_gmt":"2017-06-21T10:03:23","guid":{"rendered":"http:\/\/javiervarelactor.com\/?p=1130"},"modified":"2017-06-21T10:04:19","modified_gmt":"2017-06-21T10:04:19","slug":"nuevo-personaje-en-tv-aldan-en-farina","status":"publish","type":"post","link":"https:\/\/javiervarelactor.com\/?p=1130","title":{"rendered":"Nuevo personaje en tv: Ald\u00e1n en \u00abFari\u00f1a\u00bb"},"content":{"rendered":"<p><span style=\"color: #000000;\"><a href=\"http:\/\/javiervarelactor.com\/wp-content\/uploads\/2017\/06\/Javier-Varela_17-03-07-Javier-Varela-actor1007\u252c\u00aeManuel-Fiestas.jpg\"><img loading=\"lazy\" decoding=\"async\" class=\" wp-image-1133 alignleft\" src=\"http:\/\/javiervarelactor.com\/wp-content\/uploads\/2017\/06\/Javier-Varela_17-03-07-Javier-Varela-actor1007\u252c\u00aeManuel-Fiestas-300x200.jpg\" alt=\"aldan en fari\u00f1a\" width=\"329\" height=\"219\" srcset=\"https:\/\/javiervarelactor.com\/wp-content\/uploads\/2017\/06\/Javier-Varela_17-03-07-Javier-Varela-actor1007\u252c\u00aeManuel-Fiestas-300x200.jpg 300w, https:\/\/javiervarelactor.com\/wp-content\/uploads\/2017\/06\/Javier-Varela_17-03-07-Javier-Varela-actor1007\u252c\u00aeManuel-Fiestas-1024x684.jpg 1024w, https:\/\/javiervarelactor.com\/wp-content\/uploads\/2017\/06\/Javier-Varela_17-03-07-Javier-Varela-actor1007\u252c\u00aeManuel-Fiestas.jpg 1600w\" sizes=\"(max-width: 329px) 100vw, 329px\" \/><\/a>Nuevas y buenas noticias, tengo el enorme placer de presentaros un nuevo trabajo como actor, nuevo personaje en tv: <strong>Ald\u00e1n<\/strong> en \u00abFari\u00f1a\u00bb<br \/>\n<\/span><\/p>\n<p><span style=\"color: #000000;\">Ha comenzado el rodaje de una de las series m\u00e1s esperadas de ficci\u00f3n espa\u00f1ola: \u00abFari\u00f1a\u00bb la serie que aborda el narcotr\u00e1fico gallego en los intensos a\u00f1os 80 con localizaciones naturales en los parajes de mi querida Galicia. Este proyecto tiene todas las papeletas para ser uno de los exitazos de producci\u00f3n nacional en televisi\u00f3n. Est\u00e1 producida por Bamb\u00fa y podr\u00e1 ser vista en Antena3.<\/span><\/p>\n<p>&nbsp;<\/p>\n<p><span style=\"color: #000000;\">Seg\u00fan dicen en la propia web de la cadena, \u00abFari\u00f1a\u00bb parte desde esta rese\u00f1a hist\u00f3rica:<\/span><\/p>\n<h5><em>A\u00f1os 80. Galicia. La reconversi\u00f3n de la pesca ha dejado a una parte de la flota gallega en tierra y cientos de armadores endeudados. No hay trabajo. En los muchos pueblos de pescadores que recorren la costa gallega, la falta de ingresos y los pagos cotidianos estrangula las econom\u00edas familiares. Es el caldo de cultivo perfecto para que se produzca la gran transformaci\u00f3n: los antiguos traficantes de tabaco dan el salto a algo m\u00e1s grande, m\u00e1s lucrativo, pero mucho m\u00e1s peligroso: las drogas.<\/em><\/h5>\n<h5><em>El contrabando de tabaco, que de alguna forma hab\u00eda arraigado en la sociedad durante a\u00f1os, da paso al narcotr\u00e1fico. Los traficantes de la zona se ponen en contacto con los c\u00e1rteles colombianos de la droga y comienzan a traficar con coca\u00edna. El narcotr\u00e1fico del polvo blanco -que ya est\u00e1 moviendo ingentes cantidades de dinero en EEUU- llega a Galicia y, por ende, a Espa\u00f1a y al resto de Europa.<\/em><\/h5>\n<h5><em><picture><source srcset=\"http:\/\/fotografias.antena3.com\/clipping\/cmsimages01\/2017\/05\/30\/5697192F-DD3A-4375-A5A3-78A050027553\/\/64.jpg\" media=\"(max-width:520px)\" \/><source srcset=\"http:\/\/fotografias.antena3.com\/clipping\/cmsimages01\/2017\/05\/30\/5697192F-DD3A-4375-A5A3-78A050027553\/\/60.jpg\" media=\"(max-width:1023px)\" \/><source srcset=\"http:\/\/fotografias.antena3.com\/clipping\/cmsimages01\/2017\/05\/30\/5697192F-DD3A-4375-A5A3-78A050027553\/\/58.jpg\" media=\"(min-width:1024px)\" \/><\/picture><\/em><\/h5>\n<h5><em>Muy pronto, el 80% de la coca\u00edna que desembarca en Europa lo har\u00e1 por las costas gallegas. Los narcos gallegos ganan incontables sumas de dinero y la serpiente del narcotr\u00e1fico comienza a extender su veneno por una sociedad presa de las dificultades econ\u00f3micas de la \u00e9poca. Muchos ven este negocio delictivo como una manera de salir adelante, de vivir bien. Las instituciones p\u00fablicas no siempre actuar\u00e1n como se le exige y habr\u00e1 quienes hagan la vista gorda.<\/em><\/h5>\n<h5><em>Cada d\u00eda que pasa, los capos de la droga en Galicia tendr\u00e1n m\u00e1s poder. De la noche a la ma\u00f1ana, se convertir\u00e1n en Los Reyes de Galicia.<\/em><\/h5>\n<h5><em>&#8216;Fari\u00f1a&#8217;, la historia del momento en el que Galicia estuvo a punto de convertirse en la nueva Sicilia.<\/em><\/h5>\n<p><span style=\"color: #000000;\">Es un placer formar parte de un equipo de actores entre los que se encuentran excelentes profesionales. Tener la ocasi\u00f3n de trabajar con un equipo t\u00e9cnico de primer nivel como Bamb\u00fa Producciones y disfrutar de lo que, seguro ser\u00e1n intensos d\u00edas de grabaci\u00f3n en parajes como Outes, Santiago de Compostela, Noia o Illa de Arousa entre otros, suena bien \u00bfno? <\/span><\/p>\n<p><span style=\"color: #000000;\">Deseando compartir el resultado de este trabajo con mi nuevo personaje Ald\u00e1n\u00a0 y engancharnos&#8230;a Fari\u00f1a.<\/span><\/p>\n<p>&nbsp;<\/p>\n","protected":false},"excerpt":{"rendered":"<p>Nuevas y buenas noticias, tengo el enorme placer de presentaros un nuevo trabajo como actor, nuevo personaje en tv: Ald\u00e1n en \u00abFari\u00f1a\u00bb Ha comenzado el rodaje de una de las series m\u00e1s esperadas de ficci\u00f3n espa\u00f1ola: \u00abFari\u00f1a\u00bb la serie que aborda el narcotr\u00e1fico gallego en los intensos a\u00f1os 80 con localizaciones naturales en los parajes <a class=\"read-more\" href=\"https:\/\/javiervarelactor.com\/?p=1130\">Leer m\u00e1s<\/a><\/p>\n","protected":false},"author":1,"featured_media":1133,"comment_status":"closed","ping_status":"open","sticky":false,"template":"","format":"standard","meta":{"_monsterinsights_skip_tracking":false,"_monsterinsights_sitenote_active":false,"_monsterinsights_sitenote_note":"","_monsterinsights_sitenote_category":0,"footnotes":""},"categories":[21,31],"tags":[64,68],"yoast_head":"<!-- This site is optimized with the Yoast SEO plugin v22.7 - https:\/\/yoast.com\/wordpress\/plugins\/seo\/ -->\n<title>- Nuevo personaje en tv: Ald\u00e1n en &quot;Fari\u00f1a&quot;<\/title>\n<meta name=\"description\" content=\"Muy pronto comienza el rodaje de un nuevo personaje en tv: Ald\u00e1n en &quot;Fari\u00f1a&quot; de Bamb\u00fa Producciones para Antena3. El narcotr\u00e1fico gallego en televisi\u00f3n.\" \/>\n<meta name=\"robots\" content=\"index, follow, max-snippet:-1, max-image-preview:large, max-video-preview:-1\" \/>\n<link rel=\"canonical\" href=\"https:\/\/javiervarelactor.com\/?p=1130\" \/>\n<meta property=\"og:locale\" content=\"es_ES\" \/>\n<meta property=\"og:type\" content=\"article\" \/>\n<meta property=\"og:title\" content=\"- Nuevo personaje en tv: Ald\u00e1n en &quot;Fari\u00f1a&quot;\" \/>\n<meta property=\"og:description\" content=\"Muy pronto comienza el rodaje de un nuevo personaje en tv: Ald\u00e1n en &quot;Fari\u00f1a&quot; de Bamb\u00fa Producciones para Antena3. El narcotr\u00e1fico gallego en televisi\u00f3n.\" \/>\n<meta property=\"og:url\" content=\"https:\/\/javiervarelactor.com\/?p=1130\" \/>\n<meta property=\"og:site_name\" content=\"Javier Varela\" \/>\n<meta property=\"article:publisher\" content=\"https:\/\/www.facebook.com\/pages\/Javier-Varela\/145894855509796?sk=info&amp;amp%3bamp%3bamp%3bamp%3btab=page_info\" \/>\n<meta property=\"article:published_time\" content=\"2017-06-21T10:03:23+00:00\" \/>\n<meta property=\"article:modified_time\" content=\"2017-06-21T10:04:19+00:00\" \/>\n<meta property=\"og:image\" content=\"https:\/\/javiervarelactor.com\/wp-content\/uploads\/2017\/06\/Javier-Varela_17-03-07-Javier-Varela-actor1007\u252c\u00aeManuel-Fiestas.jpg\" \/>\n\t<meta property=\"og:image:width\" content=\"1600\" \/>\n\t<meta property=\"og:image:height\" content=\"1068\" \/>\n\t<meta property=\"og:image:type\" content=\"image\/jpeg\" \/>\n<meta name=\"author\" content=\"Javier Varela\" \/>\n<meta name=\"twitter:label1\" content=\"Escrito por\" \/>\n\t<meta name=\"twitter:data1\" content=\"Javier Varela\" \/>\n\t<meta name=\"twitter:label2\" content=\"Tiempo de lectura\" \/>\n\t<meta name=\"twitter:data2\" content=\"2 minutos\" \/>\n<script type=\"application\/ld+json\" class=\"yoast-schema-graph\">{\"@context\":\"https:\/\/schema.org\",\"@graph\":[{\"@type\":\"WebPage\",\"@id\":\"https:\/\/javiervarelactor.com\/?p=1130\",\"url\":\"https:\/\/javiervarelactor.com\/?p=1130\",\"name\":\"- Nuevo personaje en tv: Ald\u00e1n en \\\"Fari\u00f1a\\\"\",\"isPartOf\":{\"@id\":\"https:\/\/javiervarelactor.com\/#website\"},\"primaryImageOfPage\":{\"@id\":\"https:\/\/javiervarelactor.com\/?p=1130#primaryimage\"},\"image\":{\"@id\":\"https:\/\/javiervarelactor.com\/?p=1130#primaryimage\"},\"thumbnailUrl\":\"https:\/\/javiervarelactor.com\/wp-content\/uploads\/2017\/06\/Javier-Varela_17-03-07-Javier-Varela-actor1007\u252c\u00aeManuel-Fiestas.jpg\",\"datePublished\":\"2017-06-21T10:03:23+00:00\",\"dateModified\":\"2017-06-21T10:04:19+00:00\",\"author\":{\"@id\":\"https:\/\/javiervarelactor.com\/#\/schema\/person\/e3104f2f3cca87d9a07b40f5281c02ba\"},\"description\":\"Muy pronto comienza el rodaje de un nuevo personaje en tv: Ald\u00e1n en \\\"Fari\u00f1a\\\" de Bamb\u00fa Producciones para Antena3. El narcotr\u00e1fico gallego en televisi\u00f3n.\",\"breadcrumb\":{\"@id\":\"https:\/\/javiervarelactor.com\/?p=1130#breadcrumb\"},\"inLanguage\":\"es\",\"potentialAction\":[{\"@type\":\"ReadAction\",\"target\":[\"https:\/\/javiervarelactor.com\/?p=1130\"]}]},{\"@type\":\"ImageObject\",\"inLanguage\":\"es\",\"@id\":\"https:\/\/javiervarelactor.com\/?p=1130#primaryimage\",\"url\":\"https:\/\/javiervarelactor.com\/wp-content\/uploads\/2017\/06\/Javier-Varela_17-03-07-Javier-Varela-actor1007\u252c\u00aeManuel-Fiestas.jpg\",\"contentUrl\":\"https:\/\/javiervarelactor.com\/wp-content\/uploads\/2017\/06\/Javier-Varela_17-03-07-Javier-Varela-actor1007\u252c\u00aeManuel-Fiestas.jpg\",\"width\":1600,\"height\":1068,\"caption\":\"aldan en fari\u00f1a\"},{\"@type\":\"BreadcrumbList\",\"@id\":\"https:\/\/javiervarelactor.com\/?p=1130#breadcrumb\",\"itemListElement\":[{\"@type\":\"ListItem\",\"position\":1,\"name\":\"Inicio\",\"item\":\"https:\/\/javiervarelactor.com\/\"},{\"@type\":\"ListItem\",\"position\":2,\"name\":\"Nuevo personaje en tv: Ald\u00e1n en \u00abFari\u00f1a\u00bb\"}]},{\"@type\":\"WebSite\",\"@id\":\"https:\/\/javiervarelactor.com\/#website\",\"url\":\"https:\/\/javiervarelactor.com\/\",\"name\":\"Javier Varela\",\"description\":\"Actor y Presentador\",\"potentialAction\":[{\"@type\":\"SearchAction\",\"target\":{\"@type\":\"EntryPoint\",\"urlTemplate\":\"https:\/\/javiervarelactor.com\/?s={search_term_string}\"},\"query-input\":\"required name=search_term_string\"}],\"inLanguage\":\"es\"},{\"@type\":\"Person\",\"@id\":\"https:\/\/javiervarelactor.com\/#\/schema\/person\/e3104f2f3cca87d9a07b40f5281c02ba\",\"name\":\"Javier Varela\",\"image\":{\"@type\":\"ImageObject\",\"inLanguage\":\"es\",\"@id\":\"https:\/\/javiervarelactor.com\/#\/schema\/person\/image\/\",\"url\":\"https:\/\/secure.gravatar.com\/avatar\/858edfdbe98ed682c9723085564a87b3?s=96&d=mm&r=g\",\"contentUrl\":\"https:\/\/secure.gravatar.com\/avatar\/858edfdbe98ed682c9723085564a87b3?s=96&d=mm&r=g\",\"caption\":\"Javier Varela\"},\"sameAs\":[\"http:\/\/www.javiervarelactor.com\"],\"url\":\"https:\/\/javiervarelactor.com\/?author=1\"}]}<\/script>\n<!-- \/ Yoast SEO plugin. -->","yoast_head_json":{"title":"- Nuevo personaje en tv: Ald\u00e1n en \"Fari\u00f1a\"","description":"Muy pronto comienza el rodaje de un nuevo personaje en tv: Ald\u00e1n en \"Fari\u00f1a\" de Bamb\u00fa Producciones para Antena3. El narcotr\u00e1fico gallego en televisi\u00f3n.","robots":{"index":"index","follow":"follow","max-snippet":"max-snippet:-1","max-image-preview":"max-image-preview:large","max-video-preview":"max-video-preview:-1"},"canonical":"https:\/\/javiervarelactor.com\/?p=1130","og_locale":"es_ES","og_type":"article","og_title":"- Nuevo personaje en tv: Ald\u00e1n en \"Fari\u00f1a\"","og_description":"Muy pronto comienza el rodaje de un nuevo personaje en tv: Ald\u00e1n en \"Fari\u00f1a\" de Bamb\u00fa Producciones para Antena3. El narcotr\u00e1fico gallego en televisi\u00f3n.","og_url":"https:\/\/javiervarelactor.com\/?p=1130","og_site_name":"Javier Varela","article_publisher":"https:\/\/www.facebook.com\/pages\/Javier-Varela\/145894855509796?sk=info&amp%3bamp%3bamp%3bamp%3btab=page_info","article_published_time":"2017-06-21T10:03:23+00:00","article_modified_time":"2017-06-21T10:04:19+00:00","og_image":[{"width":1600,"height":1068,"url":"https:\/\/javiervarelactor.com\/wp-content\/uploads\/2017\/06\/Javier-Varela_17-03-07-Javier-Varela-actor1007\u252c\u00aeManuel-Fiestas.jpg","type":"image\/jpeg"}],"author":"Javier Varela","twitter_misc":{"Escrito por":"Javier Varela","Tiempo de lectura":"2 minutos"},"schema":{"@context":"https:\/\/schema.org","@graph":[{"@type":"WebPage","@id":"https:\/\/javiervarelactor.com\/?p=1130","url":"https:\/\/javiervarelactor.com\/?p=1130","name":"- Nuevo personaje en tv: Ald\u00e1n en \"Fari\u00f1a\"","isPartOf":{"@id":"https:\/\/javiervarelactor.com\/#website"},"primaryImageOfPage":{"@id":"https:\/\/javiervarelactor.com\/?p=1130#primaryimage"},"image":{"@id":"https:\/\/javiervarelactor.com\/?p=1130#primaryimage"},"thumbnailUrl":"https:\/\/javiervarelactor.com\/wp-content\/uploads\/2017\/06\/Javier-Varela_17-03-07-Javier-Varela-actor1007\u252c\u00aeManuel-Fiestas.jpg","datePublished":"2017-06-21T10:03:23+00:00","dateModified":"2017-06-21T10:04:19+00:00","author":{"@id":"https:\/\/javiervarelactor.com\/#\/schema\/person\/e3104f2f3cca87d9a07b40f5281c02ba"},"description":"Muy pronto comienza el rodaje de un nuevo personaje en tv: Ald\u00e1n en \"Fari\u00f1a\" de Bamb\u00fa Producciones para Antena3. El narcotr\u00e1fico gallego en televisi\u00f3n.","breadcrumb":{"@id":"https:\/\/javiervarelactor.com\/?p=1130#breadcrumb"},"inLanguage":"es","potentialAction":[{"@type":"ReadAction","target":["https:\/\/javiervarelactor.com\/?p=1130"]}]},{"@type":"ImageObject","inLanguage":"es","@id":"https:\/\/javiervarelactor.com\/?p=1130#primaryimage","url":"https:\/\/javiervarelactor.com\/wp-content\/uploads\/2017\/06\/Javier-Varela_17-03-07-Javier-Varela-actor1007\u252c\u00aeManuel-Fiestas.jpg","contentUrl":"https:\/\/javiervarelactor.com\/wp-content\/uploads\/2017\/06\/Javier-Varela_17-03-07-Javier-Varela-actor1007\u252c\u00aeManuel-Fiestas.jpg","width":1600,"height":1068,"caption":"aldan en fari\u00f1a"},{"@type":"BreadcrumbList","@id":"https:\/\/javiervarelactor.com\/?p=1130#breadcrumb","itemListElement":[{"@type":"ListItem","position":1,"name":"Inicio","item":"https:\/\/javiervarelactor.com\/"},{"@type":"ListItem","position":2,"name":"Nuevo personaje en tv: Ald\u00e1n en \u00abFari\u00f1a\u00bb"}]},{"@type":"WebSite","@id":"https:\/\/javiervarelactor.com\/#website","url":"https:\/\/javiervarelactor.com\/","name":"Javier Varela","description":"Actor y Presentador","potentialAction":[{"@type":"SearchAction","target":{"@type":"EntryPoint","urlTemplate":"https:\/\/javiervarelactor.com\/?s={search_term_string}"},"query-input":"required name=search_term_string"}],"inLanguage":"es"},{"@type":"Person","@id":"https:\/\/javiervarelactor.com\/#\/schema\/person\/e3104f2f3cca87d9a07b40f5281c02ba","name":"Javier Varela","image":{"@type":"ImageObject","inLanguage":"es","@id":"https:\/\/javiervarelactor.com\/#\/schema\/person\/image\/","url":"https:\/\/secure.gravatar.com\/avatar\/858edfdbe98ed682c9723085564a87b3?s=96&d=mm&r=g","contentUrl":"https:\/\/secure.gravatar.com\/avatar\/858edfdbe98ed682c9723085564a87b3?s=96&d=mm&r=g","caption":"Javier Varela"},"sameAs":["http:\/\/www.javiervarelactor.com"],"url":"https:\/\/javiervarelactor.com\/?author=1"}]}},"_links":{"self":[{"href":"https:\/\/javiervarelactor.com\/index.php?rest_route=\/wp\/v2\/posts\/1130"}],"collection":[{"href":"https:\/\/javiervarelactor.com\/index.php?rest_route=\/wp\/v2\/posts"}],"about":[{"href":"https:\/\/javiervarelactor.com\/index.php?rest_route=\/wp\/v2\/types\/post"}],"author":[{"embeddable":true,"href":"https:\/\/javiervarelactor.com\/index.php?rest_route=\/wp\/v2\/users\/1"}],"replies":[{"embeddable":true,"href":"https:\/\/javiervarelactor.com\/index.php?rest_route=%2Fwp%2Fv2%2Fcomments&post=1130"}],"version-history":[{"count":8,"href":"https:\/\/javiervarelactor.com\/index.php?rest_route=\/wp\/v2\/posts\/1130\/revisions"}],"predecessor-version":[{"id":1139,"href":"https:\/\/javiervarelactor.com\/index.php?rest_route=\/wp\/v2\/posts\/1130\/revisions\/1139"}],"wp:featuredmedia":[{"embeddable":true,"href":"https:\/\/javiervarelactor.com\/index.php?rest_route=\/wp\/v2\/media\/1133"}],"wp:attachment":[{"href":"https:\/\/javiervarelactor.com\/index.php?rest_route=%2Fwp%2Fv2%2Fmedia&parent=1130"}],"wp:term":[{"taxonomy":"category","embeddable":true,"href":"https:\/\/javiervarelactor.com\/index.php?rest_route=%2Fwp%2Fv2%2Fcategories&post=1130"},{"taxonomy":"post_tag","embeddable":true,"href":"https:\/\/javiervarelactor.com\/index.php?rest_route=%2Fwp%2Fv2%2Ftags&post=1130"}],"curies":[{"name":"wp","href":"https:\/\/api.w.org\/{rel}","templated":true}]}}