{"id":1121,"date":"2017-05-03T09:58:09","date_gmt":"2017-05-03T09:58:09","guid":{"rendered":"http:\/\/javiervarelactor.com\/?p=1121"},"modified":"2017-05-03T10:22:08","modified_gmt":"2017-05-03T10:22:08","slug":"nuevo-videobook","status":"publish","type":"post","link":"https:\/\/javiervarelactor.com\/?p=1121","title":{"rendered":"Nuevo videobook"},"content":{"rendered":"<p><span style=\"color: #000000;\">La llegada de un<strong> nuevo videobook<\/strong> es muy buena se\u00f1al; significa que en los \u00faltimos meses he realizado nuevos trabajos con los que componer una pieza resumen y actualizarla muestra de mis interpretaciones. En este caso el trabajo ha sido posible gracias a <em>Carmen Velayos<\/em> (<a href=\"http:\/\/granerovideo.com\/\">GraneroVideo<\/a>) y <em>Oscar Falag\u00e1n<\/em>, dos profesionales del audiovisual que han sabido asesorarme y cuidar cada una de las im\u00e1genes de mi trabajo.<\/span><br \/>\n<span style=\"color: #000000;\"> Poco m\u00e1s que invitaros a disfrutar del nuevo videobook; mis \u00faltimos personajes en series de ficci\u00f3n nacional y auton\u00f3mica como \u00ab<strong>Cu\u00e9ntame<\/strong>\u00bb de TVE, \u00ab<strong>Amar es para Siempre<\/strong>\u00bb y \u00ab<strong>El Secreto de Puente Viejo<\/strong>\u00bb en Antena3, \u00ab<strong>Serramoura<\/strong>\u00ab, \u00ab<strong>Urxencia Cero<\/strong>\u00bb o \u00ab<strong>Pazo de Familia<\/strong>\u00bb en TVG.<\/span><\/p>\n<p style=\"text-align: center;\"><iframe loading=\"lazy\" src=\"https:\/\/player.vimeo.com\/video\/215493362\" width=\"640\" height=\"360\" frameborder=\"0\" allowfullscreen=\"allowfullscreen\"><\/iframe><\/p>\n<p style=\"text-align: center;\"><span style=\"color: #000000;\">Personajes muy variados, con matices muy interesantes que han requerido esfuerzo, concentraci\u00f3n y dedicaci\u00f3n \u00bfqu\u00e9 m\u00e1s se le puede pedir? Adem\u00e1s, he tenido el placer de formar parte de equipos muy profesionales, de ver c\u00f3mo fuciona la maquinaria de <strong>series de producci\u00f3n diaria<\/strong> como \u00abAmar es para Siempre\u00bb o \u00abEl Secreto de Puente Viejo\u00bb, y el sistema de <strong>series semanales<\/strong> como \u00abCu\u00e9ntame\u00bb o \u00abSerramoura\u00bb. En todo caso, un placer para un actor como yo, que disfruta de estudiar cada uno de sus guiones con much\u00edsimo gusto. Gracias a Carmela y a \u00d3scar por el trabajo profesional de este videobook. Gracias a los directores de casting y directores de series que han confiado en mi para interpretar estos personales.<\/span><\/p>\n<p style=\"text-align: center;\"><span style=\"color: #000000;\">Bienvenidos sean todos los dem\u00e1s personajes que, con mucho gusto, renovaremos el videobook en cuanto sea necesario \ud83d\ude09<\/span><\/p>\n<p>&nbsp;<\/p>\n","protected":false},"excerpt":{"rendered":"<p>La llegada de un nuevo videobook es muy buena se\u00f1al; significa que en los \u00faltimos meses he realizado nuevos trabajos con los que componer una pieza resumen y actualizarla muestra de mis interpretaciones. En este caso el trabajo ha sido posible gracias a Carmen Velayos (GraneroVideo) y Oscar Falag\u00e1n, dos profesionales del audiovisual que han <a class=\"read-more\" href=\"https:\/\/javiervarelactor.com\/?p=1121\">Leer m\u00e1s<\/a><\/p>\n","protected":false},"author":1,"featured_media":1122,"comment_status":"closed","ping_status":"open","sticky":false,"template":"","format":"standard","meta":{"_monsterinsights_skip_tracking":false,"_monsterinsights_sitenote_active":false,"_monsterinsights_sitenote_note":"","_monsterinsights_sitenote_category":0,"footnotes":""},"categories":[21,11],"tags":[20,67,26,46],"yoast_head":"<!-- This site is optimized with the Yoast SEO plugin v22.7 - https:\/\/yoast.com\/wordpress\/plugins\/seo\/ -->\n<title>Nuevo videobook del actor Javier Varela<\/title>\n<meta name=\"description\" content=\"Nuevo videobook del actor Javier Varela con sus \u00faltimas interpretaciones para series de ficci\u00f3n como &quot;Amar es para siempre&quot; o &quot;Serramoura&quot; entre otras.\" \/>\n<meta name=\"robots\" content=\"index, follow, max-snippet:-1, max-image-preview:large, max-video-preview:-1\" \/>\n<link rel=\"canonical\" href=\"https:\/\/javiervarelactor.com\/?p=1121\" \/>\n<meta property=\"og:locale\" content=\"es_ES\" \/>\n<meta property=\"og:type\" content=\"article\" \/>\n<meta property=\"og:title\" content=\"Nuevo videobook del actor Javier Varela\" \/>\n<meta property=\"og:description\" content=\"Nuevo videobook del actor Javier Varela con sus \u00faltimas interpretaciones para series de ficci\u00f3n como &quot;Amar es para siempre&quot; o &quot;Serramoura&quot; entre otras.\" \/>\n<meta property=\"og:url\" content=\"https:\/\/javiervarelactor.com\/?p=1121\" \/>\n<meta property=\"og:site_name\" content=\"Javier Varela\" \/>\n<meta property=\"article:publisher\" content=\"https:\/\/www.facebook.com\/pages\/Javier-Varela\/145894855509796?sk=info&amp;amp%3bamp%3bamp%3bamp%3btab=page_info\" \/>\n<meta property=\"article:published_time\" content=\"2017-05-03T09:58:09+00:00\" \/>\n<meta property=\"article:modified_time\" content=\"2017-05-03T10:22:08+00:00\" \/>\n<meta property=\"og:image\" content=\"https:\/\/javiervarelactor.com\/wp-content\/uploads\/2017\/05\/javier-varela-en-serramoura.jpg\" \/>\n\t<meta property=\"og:image:width\" content=\"623\" \/>\n\t<meta property=\"og:image:height\" content=\"349\" \/>\n\t<meta property=\"og:image:type\" content=\"image\/jpeg\" \/>\n<meta name=\"author\" content=\"Javier Varela\" \/>\n<meta name=\"twitter:label1\" content=\"Escrito por\" \/>\n\t<meta name=\"twitter:data1\" content=\"Javier Varela\" \/>\n\t<meta name=\"twitter:label2\" content=\"Tiempo de lectura\" \/>\n\t<meta name=\"twitter:data2\" content=\"1 minuto\" \/>\n<script type=\"application\/ld+json\" class=\"yoast-schema-graph\">{\"@context\":\"https:\/\/schema.org\",\"@graph\":[{\"@type\":\"WebPage\",\"@id\":\"https:\/\/javiervarelactor.com\/?p=1121\",\"url\":\"https:\/\/javiervarelactor.com\/?p=1121\",\"name\":\"Nuevo videobook del actor Javier Varela\",\"isPartOf\":{\"@id\":\"https:\/\/javiervarelactor.com\/#website\"},\"primaryImageOfPage\":{\"@id\":\"https:\/\/javiervarelactor.com\/?p=1121#primaryimage\"},\"image\":{\"@id\":\"https:\/\/javiervarelactor.com\/?p=1121#primaryimage\"},\"thumbnailUrl\":\"https:\/\/javiervarelactor.com\/wp-content\/uploads\/2017\/05\/javier-varela-en-serramoura.jpg\",\"datePublished\":\"2017-05-03T09:58:09+00:00\",\"dateModified\":\"2017-05-03T10:22:08+00:00\",\"author\":{\"@id\":\"https:\/\/javiervarelactor.com\/#\/schema\/person\/e3104f2f3cca87d9a07b40f5281c02ba\"},\"description\":\"Nuevo videobook del actor Javier Varela con sus \u00faltimas interpretaciones para series de ficci\u00f3n como \\\"Amar es para siempre\\\" o \\\"Serramoura\\\" entre otras.\",\"breadcrumb\":{\"@id\":\"https:\/\/javiervarelactor.com\/?p=1121#breadcrumb\"},\"inLanguage\":\"es\",\"potentialAction\":[{\"@type\":\"ReadAction\",\"target\":[\"https:\/\/javiervarelactor.com\/?p=1121\"]}]},{\"@type\":\"ImageObject\",\"inLanguage\":\"es\",\"@id\":\"https:\/\/javiervarelactor.com\/?p=1121#primaryimage\",\"url\":\"https:\/\/javiervarelactor.com\/wp-content\/uploads\/2017\/05\/javier-varela-en-serramoura.jpg\",\"contentUrl\":\"https:\/\/javiervarelactor.com\/wp-content\/uploads\/2017\/05\/javier-varela-en-serramoura.jpg\",\"width\":623,\"height\":349,\"caption\":\"javier varela en serramoura\"},{\"@type\":\"BreadcrumbList\",\"@id\":\"https:\/\/javiervarelactor.com\/?p=1121#breadcrumb\",\"itemListElement\":[{\"@type\":\"ListItem\",\"position\":1,\"name\":\"Inicio\",\"item\":\"https:\/\/javiervarelactor.com\/\"},{\"@type\":\"ListItem\",\"position\":2,\"name\":\"Nuevo videobook\"}]},{\"@type\":\"WebSite\",\"@id\":\"https:\/\/javiervarelactor.com\/#website\",\"url\":\"https:\/\/javiervarelactor.com\/\",\"name\":\"Javier Varela\",\"description\":\"Actor y Presentador\",\"potentialAction\":[{\"@type\":\"SearchAction\",\"target\":{\"@type\":\"EntryPoint\",\"urlTemplate\":\"https:\/\/javiervarelactor.com\/?s={search_term_string}\"},\"query-input\":\"required name=search_term_string\"}],\"inLanguage\":\"es\"},{\"@type\":\"Person\",\"@id\":\"https:\/\/javiervarelactor.com\/#\/schema\/person\/e3104f2f3cca87d9a07b40f5281c02ba\",\"name\":\"Javier Varela\",\"image\":{\"@type\":\"ImageObject\",\"inLanguage\":\"es\",\"@id\":\"https:\/\/javiervarelactor.com\/#\/schema\/person\/image\/\",\"url\":\"https:\/\/secure.gravatar.com\/avatar\/858edfdbe98ed682c9723085564a87b3?s=96&d=mm&r=g\",\"contentUrl\":\"https:\/\/secure.gravatar.com\/avatar\/858edfdbe98ed682c9723085564a87b3?s=96&d=mm&r=g\",\"caption\":\"Javier Varela\"},\"sameAs\":[\"http:\/\/www.javiervarelactor.com\"],\"url\":\"https:\/\/javiervarelactor.com\/?author=1\"}]}<\/script>\n<!-- \/ Yoast SEO plugin. -->","yoast_head_json":{"title":"Nuevo videobook del actor Javier Varela","description":"Nuevo videobook del actor Javier Varela con sus \u00faltimas interpretaciones para series de ficci\u00f3n como \"Amar es para siempre\" o \"Serramoura\" entre otras.","robots":{"index":"index","follow":"follow","max-snippet":"max-snippet:-1","max-image-preview":"max-image-preview:large","max-video-preview":"max-video-preview:-1"},"canonical":"https:\/\/javiervarelactor.com\/?p=1121","og_locale":"es_ES","og_type":"article","og_title":"Nuevo videobook del actor Javier Varela","og_description":"Nuevo videobook del actor Javier Varela con sus \u00faltimas interpretaciones para series de ficci\u00f3n como \"Amar es para siempre\" o \"Serramoura\" entre otras.","og_url":"https:\/\/javiervarelactor.com\/?p=1121","og_site_name":"Javier Varela","article_publisher":"https:\/\/www.facebook.com\/pages\/Javier-Varela\/145894855509796?sk=info&amp%3bamp%3bamp%3bamp%3btab=page_info","article_published_time":"2017-05-03T09:58:09+00:00","article_modified_time":"2017-05-03T10:22:08+00:00","og_image":[{"width":623,"height":349,"url":"https:\/\/javiervarelactor.com\/wp-content\/uploads\/2017\/05\/javier-varela-en-serramoura.jpg","type":"image\/jpeg"}],"author":"Javier Varela","twitter_misc":{"Escrito por":"Javier Varela","Tiempo de lectura":"1 minuto"},"schema":{"@context":"https:\/\/schema.org","@graph":[{"@type":"WebPage","@id":"https:\/\/javiervarelactor.com\/?p=1121","url":"https:\/\/javiervarelactor.com\/?p=1121","name":"Nuevo videobook del actor Javier Varela","isPartOf":{"@id":"https:\/\/javiervarelactor.com\/#website"},"primaryImageOfPage":{"@id":"https:\/\/javiervarelactor.com\/?p=1121#primaryimage"},"image":{"@id":"https:\/\/javiervarelactor.com\/?p=1121#primaryimage"},"thumbnailUrl":"https:\/\/javiervarelactor.com\/wp-content\/uploads\/2017\/05\/javier-varela-en-serramoura.jpg","datePublished":"2017-05-03T09:58:09+00:00","dateModified":"2017-05-03T10:22:08+00:00","author":{"@id":"https:\/\/javiervarelactor.com\/#\/schema\/person\/e3104f2f3cca87d9a07b40f5281c02ba"},"description":"Nuevo videobook del actor Javier Varela con sus \u00faltimas interpretaciones para series de ficci\u00f3n como \"Amar es para siempre\" o \"Serramoura\" entre otras.","breadcrumb":{"@id":"https:\/\/javiervarelactor.com\/?p=1121#breadcrumb"},"inLanguage":"es","potentialAction":[{"@type":"ReadAction","target":["https:\/\/javiervarelactor.com\/?p=1121"]}]},{"@type":"ImageObject","inLanguage":"es","@id":"https:\/\/javiervarelactor.com\/?p=1121#primaryimage","url":"https:\/\/javiervarelactor.com\/wp-content\/uploads\/2017\/05\/javier-varela-en-serramoura.jpg","contentUrl":"https:\/\/javiervarelactor.com\/wp-content\/uploads\/2017\/05\/javier-varela-en-serramoura.jpg","width":623,"height":349,"caption":"javier varela en serramoura"},{"@type":"BreadcrumbList","@id":"https:\/\/javiervarelactor.com\/?p=1121#breadcrumb","itemListElement":[{"@type":"ListItem","position":1,"name":"Inicio","item":"https:\/\/javiervarelactor.com\/"},{"@type":"ListItem","position":2,"name":"Nuevo videobook"}]},{"@type":"WebSite","@id":"https:\/\/javiervarelactor.com\/#website","url":"https:\/\/javiervarelactor.com\/","name":"Javier Varela","description":"Actor y Presentador","potentialAction":[{"@type":"SearchAction","target":{"@type":"EntryPoint","urlTemplate":"https:\/\/javiervarelactor.com\/?s={search_term_string}"},"query-input":"required name=search_term_string"}],"inLanguage":"es"},{"@type":"Person","@id":"https:\/\/javiervarelactor.com\/#\/schema\/person\/e3104f2f3cca87d9a07b40f5281c02ba","name":"Javier Varela","image":{"@type":"ImageObject","inLanguage":"es","@id":"https:\/\/javiervarelactor.com\/#\/schema\/person\/image\/","url":"https:\/\/secure.gravatar.com\/avatar\/858edfdbe98ed682c9723085564a87b3?s=96&d=mm&r=g","contentUrl":"https:\/\/secure.gravatar.com\/avatar\/858edfdbe98ed682c9723085564a87b3?s=96&d=mm&r=g","caption":"Javier Varela"},"sameAs":["http:\/\/www.javiervarelactor.com"],"url":"https:\/\/javiervarelactor.com\/?author=1"}]}},"_links":{"self":[{"href":"https:\/\/javiervarelactor.com\/index.php?rest_route=\/wp\/v2\/posts\/1121"}],"collection":[{"href":"https:\/\/javiervarelactor.com\/index.php?rest_route=\/wp\/v2\/posts"}],"about":[{"href":"https:\/\/javiervarelactor.com\/index.php?rest_route=\/wp\/v2\/types\/post"}],"author":[{"embeddable":true,"href":"https:\/\/javiervarelactor.com\/index.php?rest_route=\/wp\/v2\/users\/1"}],"replies":[{"embeddable":true,"href":"https:\/\/javiervarelactor.com\/index.php?rest_route=%2Fwp%2Fv2%2Fcomments&post=1121"}],"version-history":[{"count":5,"href":"https:\/\/javiervarelactor.com\/index.php?rest_route=\/wp\/v2\/posts\/1121\/revisions"}],"predecessor-version":[{"id":1127,"href":"https:\/\/javiervarelactor.com\/index.php?rest_route=\/wp\/v2\/posts\/1121\/revisions\/1127"}],"wp:featuredmedia":[{"embeddable":true,"href":"https:\/\/javiervarelactor.com\/index.php?rest_route=\/wp\/v2\/media\/1122"}],"wp:attachment":[{"href":"https:\/\/javiervarelactor.com\/index.php?rest_route=%2Fwp%2Fv2%2Fmedia&parent=1121"}],"wp:term":[{"taxonomy":"category","embeddable":true,"href":"https:\/\/javiervarelactor.com\/index.php?rest_route=%2Fwp%2Fv2%2Fcategories&post=1121"},{"taxonomy":"post_tag","embeddable":true,"href":"https:\/\/javiervarelactor.com\/index.php?rest_route=%2Fwp%2Fv2%2Ftags&post=1121"}],"curies":[{"name":"wp","href":"https:\/\/api.w.org\/{rel}","templated":true}]}}