{"id":1100,"date":"2017-04-24T14:21:15","date_gmt":"2017-04-24T14:21:15","guid":{"rendered":"http:\/\/javiervarelactor.com\/?p=1100"},"modified":"2017-12-11T10:19:06","modified_gmt":"2017-12-11T10:19:06","slug":"resumen-gala-citroen-2016-presentador-de-eventos","status":"publish","type":"post","link":"https:\/\/javiervarelactor.com\/?p=1100","title":{"rendered":"Resumen Gala Citr\u00f6en 2016 &#8211; Presentador de eventos"},"content":{"rendered":"<p><span style=\"color: #000000;\"><a href=\"http:\/\/javiervarelactor.com\/wp-content\/uploads\/2017\/04\/presentador-eventos.jpg\"><img loading=\"lazy\" decoding=\"async\" class=\"size-medium wp-image-1108 alignleft\" src=\"http:\/\/javiervarelactor.com\/wp-content\/uploads\/2017\/04\/presentador-eventos-300x154.jpg\" alt=\"presentador eventos\" width=\"300\" height=\"154\" srcset=\"https:\/\/javiervarelactor.com\/wp-content\/uploads\/2017\/04\/presentador-eventos-300x154.jpg 300w, https:\/\/javiervarelactor.com\/wp-content\/uploads\/2017\/04\/presentador-eventos.jpg 551w\" sizes=\"(max-width: 300px) 100vw, 300px\" \/><\/a>En Octubre de 2016\u00a0 he tenido el placer de guionizar, dirigir y presentar la Gala Anual de Citr\u00f6en en Vigo. Un evento personalizado realizado con todo el cari\u00f1o por tratarse de un evento dedicado a las familias, al equipo al completo de la compa\u00f1\u00eda. Resumen Gala Citr\u00f6en 2016 &#8211; Presentador de eventos.<\/span><\/p>\n<p><span style=\"color: #000000;\">El espect\u00e1culo deb\u00eda aunar diversi\u00f3n, espect\u00e1culo y personalizaci\u00f3n: para ello contamos con colaboradores excepcionales como <strong>El Mago Pepito<\/strong>, <strong>Pepo Suevos<\/strong> y <strong>Luis Zahera<\/strong>, particip\u00f3 la <em><strong>Orquesta de Saxos de Redondela<\/strong><\/em> y el grupo <strong>Media Punta<\/strong>. Como hilo conductor, y con un intenso trabajo previo, recreamos en tono de humor la historia de la llegada de la factor\u00eda de Citr\u00f6en a la ciudad de Vigo,<\/span> <a href=\"http:\/\/javiervarelactor.com\/index.php\/presentador-de-eventos-de-empresa-gala-citroen-vigo-2016\/\" target=\"_blank\">puedes volver a ver el v\u00eddeo aqu\u00ed. <\/a><span style=\"color: #000000;\">Una creaci\u00f3n audiovisual personalizada que tuvo un gran \u00e9xito por su originalidad y por presentar la historia de un modo ameno y muy formativo.<\/span><\/p>\n<p><span style=\"color: #000000;\">La Gala se desarroll\u00f3 con fluidez y sin complicaciones gracias al enorme trabajo de Allenti Producciones con su equipo humano y t\u00e9cnico hizo que la realizaci\u00f3n, iluminaci\u00f3n y puesta en escena estuviera a la altura de las grandes producciones. <a href=\"http:\/\/granerovideo.com\/\" target=\"_blank\">Granero V\u00eddeo<\/a>, una vez m\u00e1s, compa\u00f1eros incansables, fueron responsables de montajes de v\u00eddeo, puesta en escena y direcci\u00f3n escena. Creadores de los v\u00eddeos emitidos durante la gala y del resumen que presentamos para que puedas disfrutar de la esencia de la Gala Citr\u00f6en GEPSA 2016 el 23 de Octubre de 2016 en Vigo.<\/span><\/p>\n<p><iframe loading=\"lazy\" src=\"https:\/\/www.youtube.com\/embed\/2n_UE9aX-o8\" width=\"560\" height=\"315\" frameborder=\"0\" allowfullscreen=\"allowfullscreen\"><\/iframe><\/p>\n<p>&nbsp;<\/p>\n<p>&nbsp;<\/p>\n<p>&nbsp;<\/p>\n","protected":false},"excerpt":{"rendered":"<p>En Octubre de 2016\u00a0 he tenido el placer de guionizar, dirigir y presentar la Gala Anual de Citr\u00f6en en Vigo. Un evento personalizado realizado con todo el cari\u00f1o por tratarse de un evento dedicado a las familias, al equipo al completo de la compa\u00f1\u00eda. Resumen Gala Citr\u00f6en 2016 &#8211; Presentador de eventos. El espect\u00e1culo deb\u00eda <a class=\"read-more\" href=\"https:\/\/javiervarelactor.com\/?p=1100\">Leer m\u00e1s<\/a><\/p>\n","protected":false},"author":1,"featured_media":1108,"comment_status":"closed","ping_status":"open","sticky":false,"template":"","format":"standard","meta":{"_monsterinsights_skip_tracking":false,"_monsterinsights_sitenote_active":false,"_monsterinsights_sitenote_note":"","_monsterinsights_sitenote_category":0,"footnotes":""},"categories":[22],"tags":[65,75,74,66],"yoast_head":"<!-- This site is optimized with the Yoast SEO plugin v22.7 - https:\/\/yoast.com\/wordpress\/plugins\/seo\/ -->\n<title>Resumen Gala Citr\u00f6en 2016 - Presentador de eventos<\/title>\n<meta name=\"description\" content=\"V\u00eddeo resumen Gala Citr\u00f6en 2016 - Presentador de eventos personalizados. Direcci\u00f3n, gui\u00f3n y presentaci\u00f3n personalizadas del evento anual.\" \/>\n<meta name=\"robots\" content=\"index, follow, max-snippet:-1, max-image-preview:large, max-video-preview:-1\" \/>\n<link rel=\"canonical\" href=\"https:\/\/javiervarelactor.com\/?p=1100\" \/>\n<meta property=\"og:locale\" content=\"es_ES\" \/>\n<meta property=\"og:type\" content=\"article\" \/>\n<meta property=\"og:title\" content=\"Resumen Gala Citr\u00f6en 2016 - Presentador de eventos\" \/>\n<meta property=\"og:description\" content=\"V\u00eddeo resumen Gala Citr\u00f6en 2016 - Presentador de eventos personalizados. Direcci\u00f3n, gui\u00f3n y presentaci\u00f3n personalizadas del evento anual.\" \/>\n<meta property=\"og:url\" content=\"https:\/\/javiervarelactor.com\/?p=1100\" \/>\n<meta property=\"og:site_name\" content=\"Javier Varela\" \/>\n<meta property=\"article:publisher\" content=\"https:\/\/www.facebook.com\/pages\/Javier-Varela\/145894855509796?sk=info&amp;amp%3bamp%3bamp%3bamp%3btab=page_info\" \/>\n<meta property=\"article:published_time\" content=\"2017-04-24T14:21:15+00:00\" \/>\n<meta property=\"article:modified_time\" content=\"2017-12-11T10:19:06+00:00\" \/>\n<meta property=\"og:image\" content=\"https:\/\/javiervarelactor.com\/wp-content\/uploads\/2017\/04\/presentador-eventos.jpg\" \/>\n\t<meta property=\"og:image:width\" content=\"551\" \/>\n\t<meta property=\"og:image:height\" content=\"283\" \/>\n\t<meta property=\"og:image:type\" content=\"image\/jpeg\" \/>\n<meta name=\"author\" content=\"Javier Varela\" \/>\n<meta name=\"twitter:label1\" content=\"Escrito por\" \/>\n\t<meta name=\"twitter:data1\" content=\"Javier Varela\" \/>\n\t<meta name=\"twitter:label2\" content=\"Tiempo de lectura\" \/>\n\t<meta name=\"twitter:data2\" content=\"1 minuto\" \/>\n<script type=\"application\/ld+json\" class=\"yoast-schema-graph\">{\"@context\":\"https:\/\/schema.org\",\"@graph\":[{\"@type\":\"WebPage\",\"@id\":\"https:\/\/javiervarelactor.com\/?p=1100\",\"url\":\"https:\/\/javiervarelactor.com\/?p=1100\",\"name\":\"Resumen Gala Citr\u00f6en 2016 - Presentador de eventos\",\"isPartOf\":{\"@id\":\"https:\/\/javiervarelactor.com\/#website\"},\"primaryImageOfPage\":{\"@id\":\"https:\/\/javiervarelactor.com\/?p=1100#primaryimage\"},\"image\":{\"@id\":\"https:\/\/javiervarelactor.com\/?p=1100#primaryimage\"},\"thumbnailUrl\":\"https:\/\/javiervarelactor.com\/wp-content\/uploads\/2017\/04\/presentador-eventos.jpg\",\"datePublished\":\"2017-04-24T14:21:15+00:00\",\"dateModified\":\"2017-12-11T10:19:06+00:00\",\"author\":{\"@id\":\"https:\/\/javiervarelactor.com\/#\/schema\/person\/e3104f2f3cca87d9a07b40f5281c02ba\"},\"description\":\"V\u00eddeo resumen Gala Citr\u00f6en 2016 - Presentador de eventos personalizados. Direcci\u00f3n, gui\u00f3n y presentaci\u00f3n personalizadas del evento anual.\",\"breadcrumb\":{\"@id\":\"https:\/\/javiervarelactor.com\/?p=1100#breadcrumb\"},\"inLanguage\":\"es\",\"potentialAction\":[{\"@type\":\"ReadAction\",\"target\":[\"https:\/\/javiervarelactor.com\/?p=1100\"]}]},{\"@type\":\"ImageObject\",\"inLanguage\":\"es\",\"@id\":\"https:\/\/javiervarelactor.com\/?p=1100#primaryimage\",\"url\":\"https:\/\/javiervarelactor.com\/wp-content\/uploads\/2017\/04\/presentador-eventos.jpg\",\"contentUrl\":\"https:\/\/javiervarelactor.com\/wp-content\/uploads\/2017\/04\/presentador-eventos.jpg\",\"width\":551,\"height\":283,\"caption\":\"presentador eventos\"},{\"@type\":\"BreadcrumbList\",\"@id\":\"https:\/\/javiervarelactor.com\/?p=1100#breadcrumb\",\"itemListElement\":[{\"@type\":\"ListItem\",\"position\":1,\"name\":\"Inicio\",\"item\":\"https:\/\/javiervarelactor.com\/\"},{\"@type\":\"ListItem\",\"position\":2,\"name\":\"Resumen Gala Citr\u00f6en 2016 &#8211; Presentador de eventos\"}]},{\"@type\":\"WebSite\",\"@id\":\"https:\/\/javiervarelactor.com\/#website\",\"url\":\"https:\/\/javiervarelactor.com\/\",\"name\":\"Javier Varela\",\"description\":\"Actor y Presentador\",\"potentialAction\":[{\"@type\":\"SearchAction\",\"target\":{\"@type\":\"EntryPoint\",\"urlTemplate\":\"https:\/\/javiervarelactor.com\/?s={search_term_string}\"},\"query-input\":\"required name=search_term_string\"}],\"inLanguage\":\"es\"},{\"@type\":\"Person\",\"@id\":\"https:\/\/javiervarelactor.com\/#\/schema\/person\/e3104f2f3cca87d9a07b40f5281c02ba\",\"name\":\"Javier Varela\",\"image\":{\"@type\":\"ImageObject\",\"inLanguage\":\"es\",\"@id\":\"https:\/\/javiervarelactor.com\/#\/schema\/person\/image\/\",\"url\":\"https:\/\/secure.gravatar.com\/avatar\/858edfdbe98ed682c9723085564a87b3?s=96&d=mm&r=g\",\"contentUrl\":\"https:\/\/secure.gravatar.com\/avatar\/858edfdbe98ed682c9723085564a87b3?s=96&d=mm&r=g\",\"caption\":\"Javier Varela\"},\"sameAs\":[\"http:\/\/www.javiervarelactor.com\"],\"url\":\"https:\/\/javiervarelactor.com\/?author=1\"}]}<\/script>\n<!-- \/ Yoast SEO plugin. -->","yoast_head_json":{"title":"Resumen Gala Citr\u00f6en 2016 - Presentador de eventos","description":"V\u00eddeo resumen Gala Citr\u00f6en 2016 - Presentador de eventos personalizados. Direcci\u00f3n, gui\u00f3n y presentaci\u00f3n personalizadas del evento anual.","robots":{"index":"index","follow":"follow","max-snippet":"max-snippet:-1","max-image-preview":"max-image-preview:large","max-video-preview":"max-video-preview:-1"},"canonical":"https:\/\/javiervarelactor.com\/?p=1100","og_locale":"es_ES","og_type":"article","og_title":"Resumen Gala Citr\u00f6en 2016 - Presentador de eventos","og_description":"V\u00eddeo resumen Gala Citr\u00f6en 2016 - Presentador de eventos personalizados. Direcci\u00f3n, gui\u00f3n y presentaci\u00f3n personalizadas del evento anual.","og_url":"https:\/\/javiervarelactor.com\/?p=1100","og_site_name":"Javier Varela","article_publisher":"https:\/\/www.facebook.com\/pages\/Javier-Varela\/145894855509796?sk=info&amp%3bamp%3bamp%3bamp%3btab=page_info","article_published_time":"2017-04-24T14:21:15+00:00","article_modified_time":"2017-12-11T10:19:06+00:00","og_image":[{"width":551,"height":283,"url":"https:\/\/javiervarelactor.com\/wp-content\/uploads\/2017\/04\/presentador-eventos.jpg","type":"image\/jpeg"}],"author":"Javier Varela","twitter_misc":{"Escrito por":"Javier Varela","Tiempo de lectura":"1 minuto"},"schema":{"@context":"https:\/\/schema.org","@graph":[{"@type":"WebPage","@id":"https:\/\/javiervarelactor.com\/?p=1100","url":"https:\/\/javiervarelactor.com\/?p=1100","name":"Resumen Gala Citr\u00f6en 2016 - Presentador de eventos","isPartOf":{"@id":"https:\/\/javiervarelactor.com\/#website"},"primaryImageOfPage":{"@id":"https:\/\/javiervarelactor.com\/?p=1100#primaryimage"},"image":{"@id":"https:\/\/javiervarelactor.com\/?p=1100#primaryimage"},"thumbnailUrl":"https:\/\/javiervarelactor.com\/wp-content\/uploads\/2017\/04\/presentador-eventos.jpg","datePublished":"2017-04-24T14:21:15+00:00","dateModified":"2017-12-11T10:19:06+00:00","author":{"@id":"https:\/\/javiervarelactor.com\/#\/schema\/person\/e3104f2f3cca87d9a07b40f5281c02ba"},"description":"V\u00eddeo resumen Gala Citr\u00f6en 2016 - Presentador de eventos personalizados. Direcci\u00f3n, gui\u00f3n y presentaci\u00f3n personalizadas del evento anual.","breadcrumb":{"@id":"https:\/\/javiervarelactor.com\/?p=1100#breadcrumb"},"inLanguage":"es","potentialAction":[{"@type":"ReadAction","target":["https:\/\/javiervarelactor.com\/?p=1100"]}]},{"@type":"ImageObject","inLanguage":"es","@id":"https:\/\/javiervarelactor.com\/?p=1100#primaryimage","url":"https:\/\/javiervarelactor.com\/wp-content\/uploads\/2017\/04\/presentador-eventos.jpg","contentUrl":"https:\/\/javiervarelactor.com\/wp-content\/uploads\/2017\/04\/presentador-eventos.jpg","width":551,"height":283,"caption":"presentador eventos"},{"@type":"BreadcrumbList","@id":"https:\/\/javiervarelactor.com\/?p=1100#breadcrumb","itemListElement":[{"@type":"ListItem","position":1,"name":"Inicio","item":"https:\/\/javiervarelactor.com\/"},{"@type":"ListItem","position":2,"name":"Resumen Gala Citr\u00f6en 2016 &#8211; Presentador de eventos"}]},{"@type":"WebSite","@id":"https:\/\/javiervarelactor.com\/#website","url":"https:\/\/javiervarelactor.com\/","name":"Javier Varela","description":"Actor y Presentador","potentialAction":[{"@type":"SearchAction","target":{"@type":"EntryPoint","urlTemplate":"https:\/\/javiervarelactor.com\/?s={search_term_string}"},"query-input":"required name=search_term_string"}],"inLanguage":"es"},{"@type":"Person","@id":"https:\/\/javiervarelactor.com\/#\/schema\/person\/e3104f2f3cca87d9a07b40f5281c02ba","name":"Javier Varela","image":{"@type":"ImageObject","inLanguage":"es","@id":"https:\/\/javiervarelactor.com\/#\/schema\/person\/image\/","url":"https:\/\/secure.gravatar.com\/avatar\/858edfdbe98ed682c9723085564a87b3?s=96&d=mm&r=g","contentUrl":"https:\/\/secure.gravatar.com\/avatar\/858edfdbe98ed682c9723085564a87b3?s=96&d=mm&r=g","caption":"Javier Varela"},"sameAs":["http:\/\/www.javiervarelactor.com"],"url":"https:\/\/javiervarelactor.com\/?author=1"}]}},"_links":{"self":[{"href":"https:\/\/javiervarelactor.com\/index.php?rest_route=\/wp\/v2\/posts\/1100"}],"collection":[{"href":"https:\/\/javiervarelactor.com\/index.php?rest_route=\/wp\/v2\/posts"}],"about":[{"href":"https:\/\/javiervarelactor.com\/index.php?rest_route=\/wp\/v2\/types\/post"}],"author":[{"embeddable":true,"href":"https:\/\/javiervarelactor.com\/index.php?rest_route=\/wp\/v2\/users\/1"}],"replies":[{"embeddable":true,"href":"https:\/\/javiervarelactor.com\/index.php?rest_route=%2Fwp%2Fv2%2Fcomments&post=1100"}],"version-history":[{"count":5,"href":"https:\/\/javiervarelactor.com\/index.php?rest_route=\/wp\/v2\/posts\/1100\/revisions"}],"predecessor-version":[{"id":1109,"href":"https:\/\/javiervarelactor.com\/index.php?rest_route=\/wp\/v2\/posts\/1100\/revisions\/1109"}],"wp:featuredmedia":[{"embeddable":true,"href":"https:\/\/javiervarelactor.com\/index.php?rest_route=\/wp\/v2\/media\/1108"}],"wp:attachment":[{"href":"https:\/\/javiervarelactor.com\/index.php?rest_route=%2Fwp%2Fv2%2Fmedia&parent=1100"}],"wp:term":[{"taxonomy":"category","embeddable":true,"href":"https:\/\/javiervarelactor.com\/index.php?rest_route=%2Fwp%2Fv2%2Fcategories&post=1100"},{"taxonomy":"post_tag","embeddable":true,"href":"https:\/\/javiervarelactor.com\/index.php?rest_route=%2Fwp%2Fv2%2Ftags&post=1100"}],"curies":[{"name":"wp","href":"https:\/\/api.w.org\/{rel}","templated":true}]}}