{"id":1067,"date":"2017-03-10T11:33:47","date_gmt":"2017-03-10T11:33:47","guid":{"rendered":"http:\/\/javiervarelactor.com\/?p=1067"},"modified":"2020-11-10T11:15:27","modified_gmt":"2020-11-10T11:15:27","slug":"de-serramoura-a-amar-es-para-siempre-el-salto-a-la-ficcion-nacional","status":"publish","type":"post","link":"https:\/\/javiervarelactor.com\/?p=1067","title":{"rendered":"De Serramoura a Amar es para Siempre: el salto a la ficci\u00f3n nacional."},"content":{"rendered":"<p><span style=\"color: #000000;\">Javier Varela, actor y presentador natural de Chantada (Lugo), interpreta a un nuevo personaje en la exitosa serie \u201cAmar es para Siempre\u201d emitida diariamente en Antena3.<\/span><\/p>\n<p><span style=\"color: #000000;\">El nuevo a\u00f1o ha empezado con gran \u00e9xito para el actor gallego Javier Varela; tras participar en series de la Televisi\u00f3n de Galicia como \u201c<em>Pazo de Familia<\/em>\u201d o \u201c<em>Urxencia Cero<\/em>\u201d y <a style=\"color: #000000;\" href=\"http:\/\/javiervarelactor.com\/index.php\/presentador\/\" target=\"_blank\" rel=\"noopener noreferrer\">presentar varios programas<\/a> como \u201c<em>Delincuentes Torpes<\/em>\u201d, \u201c<em>Polo Chan<\/em>\u201d o \u201c<em>Mais Galego<\/em>\u201d, llega a la ficci\u00f3n nacional con un interesante personaje en una de las series de m\u00e1s prestigio: \u201c<strong>Amar es para Siempre<\/strong>\u201d. <\/span><\/p>\n<p><span style=\"color: #000000;\">Desde del mi\u00e9rcoles 8 de marzo, Javier Varela interpreta a <strong>Ricardo<\/strong>, un viejo amigo del protagonista Jaime Novoa (Javier Pereira) que traer\u00e1 al barrio nuevos aires y provocar\u00e1 diferentes sensaciones entre los vecinos. El personaje de Javier Varela supone un interesante reto emocional para Jaime Novoa y su familia. Durante varios cap\u00edtulos la intriga, el humor y calidad interpretativa seguir\u00e1n manteniendo en vilo a los m\u00e1s de un mill\u00f3n y medio de espectadores que cada tarde siguen fieles a esta serie desde hace m\u00e1s de 12 a\u00f1os. \u201cAmar es para Siempre\u201d se emite de lunes a viernes en las sobremesas de Antena3.<\/span><\/p>\n<p><span style=\"color: #000000;\">Adem\u00e1s, desde el inicio de la 5\u00aa temporada de \u201c<a style=\"color: #000000;\" href=\"http:\/\/javiervarelactor.com\/index.php\/nuevo-personaje-en-serramoura\/\" target=\"_blank\" rel=\"noopener noreferrer\"><strong>Serramoura<\/strong><\/a>\u201d podemos ver al actor chantadino cada domingo interpretando a un muy inquietante personaje; una oportunidad interpretativa de gran magnitud con un \u201cEl\u00edas\u201d complejo, intenso y muy especial. El personaje est\u00e1 despertando diversas opiniones entre los espectadores, con una sensaci\u00f3n de intriga com\u00fan entre ellos. La serie \u201cSerramoura\u201d, emitida cada domingo en Televisi\u00f3n de Galicia, mantiene unas muy exitosas audiencias en torno al 15% de share.<\/span><\/p>\n<p><span style=\"color: #000000;\">Javier Varela tiene previsto un interesante inicio de primavera en Televisi\u00f3n Galicia con el estreno de un concurso diario que presenta con grandes dosis de humor. Un cambio de registro que afirma el enorme potencial del actor como int\u00e9rprete en ficci\u00f3n y presentador de variedades.<\/span><\/p>\n<p><a href=\"https:\/\/www.facebook.com\/javiervarelactor\" target=\"_blank\" rel=\"noopener noreferrer\">Sigue a Javier Varela en Facebook<\/a><\/p>\n<p style=\"text-align: center;\"><span style=\"color: #000000;\">VER presentaci\u00f3n de personaje RICARDO en Amar es para Siempre:<\/span><br \/>\n<span style=\"color: #000000;\"> <iframe loading=\"lazy\" src=\"http:\/\/www.antena3.com\/embed\/aparece-en-casa-de-los-novoa-el-ex-companero-de-celda-de-jaime\/video\/6\/2017\/03\/08\/58c017d67ed1a8c8f0b9849b\" width=\"560\" height=\"315\" frameborder=\"0\" allowfullscreen=\"allowfullscreen\"><\/iframe><\/span><\/p>\n","protected":false},"excerpt":{"rendered":"<p>Javier Varela, actor y presentador natural de Chantada (Lugo), interpreta a un nuevo personaje en la exitosa serie \u201cAmar es para Siempre\u201d emitida diariamente en Antena3. El nuevo a\u00f1o ha empezado con gran \u00e9xito para el actor gallego Javier Varela; tras participar en series de la Televisi\u00f3n de Galicia como \u201cPazo de Familia\u201d o \u201cUrxencia <a class=\"read-more\" href=\"https:\/\/javiervarelactor.com\/?p=1067\">Leer m\u00e1s<\/a><\/p>\n","protected":false},"author":1,"featured_media":1068,"comment_status":"closed","ping_status":"open","sticky":false,"template":"","format":"standard","meta":{"_monsterinsights_skip_tracking":false,"_monsterinsights_sitenote_active":false,"_monsterinsights_sitenote_note":"","_monsterinsights_sitenote_category":0,"footnotes":""},"categories":[21,31,11,58],"tags":[62,64,57,43],"yoast_head":"<!-- This site is optimized with the Yoast SEO plugin v22.7 - https:\/\/yoast.com\/wordpress\/plugins\/seo\/ -->\n<title>De Serramoura a Amar es para Siempre: el salto a la ficci\u00f3n nacional.<\/title>\n<meta name=\"description\" content=\"De Serramoura a Amar es para Siempre: Javier Varela da el salto a la ficci\u00f3n nacional con su personaje Ricardo en la serie de las tardes de Antena3.\" \/>\n<meta name=\"robots\" content=\"index, follow, max-snippet:-1, max-image-preview:large, max-video-preview:-1\" \/>\n<link rel=\"canonical\" href=\"https:\/\/javiervarelactor.com\/?p=1067\" \/>\n<meta property=\"og:locale\" content=\"es_ES\" \/>\n<meta property=\"og:type\" content=\"article\" \/>\n<meta property=\"og:title\" content=\"De Serramoura a Amar es para Siempre: el salto a la ficci\u00f3n nacional.\" \/>\n<meta property=\"og:description\" content=\"De Serramoura a Amar es para Siempre: Javier Varela da el salto a la ficci\u00f3n nacional con su personaje Ricardo en la serie de las tardes de Antena3.\" \/>\n<meta property=\"og:url\" content=\"https:\/\/javiervarelactor.com\/?p=1067\" \/>\n<meta property=\"og:site_name\" content=\"Javier Varela\" \/>\n<meta property=\"article:publisher\" content=\"https:\/\/www.facebook.com\/pages\/Javier-Varela\/145894855509796?sk=info&amp;amp%3bamp%3bamp%3bamp%3btab=page_info\" \/>\n<meta property=\"article:published_time\" content=\"2017-03-10T11:33:47+00:00\" \/>\n<meta property=\"article:modified_time\" content=\"2020-11-10T11:15:27+00:00\" \/>\n<meta property=\"og:image\" content=\"https:\/\/javiervarelactor.com\/wp-content\/uploads\/2017\/03\/amar2.jpg\" \/>\n\t<meta property=\"og:image:width\" content=\"881\" \/>\n\t<meta property=\"og:image:height\" content=\"481\" \/>\n\t<meta property=\"og:image:type\" content=\"image\/jpeg\" \/>\n<meta name=\"author\" content=\"Javier Varela\" \/>\n<meta name=\"twitter:label1\" content=\"Escrito por\" \/>\n\t<meta name=\"twitter:data1\" content=\"Javier Varela\" \/>\n\t<meta name=\"twitter:label2\" content=\"Tiempo de lectura\" \/>\n\t<meta name=\"twitter:data2\" content=\"2 minutos\" \/>\n<script type=\"application\/ld+json\" class=\"yoast-schema-graph\">{\"@context\":\"https:\/\/schema.org\",\"@graph\":[{\"@type\":\"WebPage\",\"@id\":\"https:\/\/javiervarelactor.com\/?p=1067\",\"url\":\"https:\/\/javiervarelactor.com\/?p=1067\",\"name\":\"De Serramoura a Amar es para Siempre: el salto a la ficci\u00f3n nacional.\",\"isPartOf\":{\"@id\":\"https:\/\/javiervarelactor.com\/#website\"},\"primaryImageOfPage\":{\"@id\":\"https:\/\/javiervarelactor.com\/?p=1067#primaryimage\"},\"image\":{\"@id\":\"https:\/\/javiervarelactor.com\/?p=1067#primaryimage\"},\"thumbnailUrl\":\"https:\/\/javiervarelactor.com\/wp-content\/uploads\/2017\/03\/amar2.jpg\",\"datePublished\":\"2017-03-10T11:33:47+00:00\",\"dateModified\":\"2020-11-10T11:15:27+00:00\",\"author\":{\"@id\":\"https:\/\/javiervarelactor.com\/#\/schema\/person\/e3104f2f3cca87d9a07b40f5281c02ba\"},\"description\":\"De Serramoura a Amar es para Siempre: Javier Varela da el salto a la ficci\u00f3n nacional con su personaje Ricardo en la serie de las tardes de Antena3.\",\"breadcrumb\":{\"@id\":\"https:\/\/javiervarelactor.com\/?p=1067#breadcrumb\"},\"inLanguage\":\"es\",\"potentialAction\":[{\"@type\":\"ReadAction\",\"target\":[\"https:\/\/javiervarelactor.com\/?p=1067\"]}]},{\"@type\":\"ImageObject\",\"inLanguage\":\"es\",\"@id\":\"https:\/\/javiervarelactor.com\/?p=1067#primaryimage\",\"url\":\"https:\/\/javiervarelactor.com\/wp-content\/uploads\/2017\/03\/amar2.jpg\",\"contentUrl\":\"https:\/\/javiervarelactor.com\/wp-content\/uploads\/2017\/03\/amar2.jpg\",\"width\":881,\"height\":481,\"caption\":\"ricardo en amar es para siempre\"},{\"@type\":\"BreadcrumbList\",\"@id\":\"https:\/\/javiervarelactor.com\/?p=1067#breadcrumb\",\"itemListElement\":[{\"@type\":\"ListItem\",\"position\":1,\"name\":\"Inicio\",\"item\":\"https:\/\/javiervarelactor.com\/\"},{\"@type\":\"ListItem\",\"position\":2,\"name\":\"De Serramoura a Amar es para Siempre: el salto a la ficci\u00f3n nacional.\"}]},{\"@type\":\"WebSite\",\"@id\":\"https:\/\/javiervarelactor.com\/#website\",\"url\":\"https:\/\/javiervarelactor.com\/\",\"name\":\"Javier Varela\",\"description\":\"Actor y Presentador\",\"potentialAction\":[{\"@type\":\"SearchAction\",\"target\":{\"@type\":\"EntryPoint\",\"urlTemplate\":\"https:\/\/javiervarelactor.com\/?s={search_term_string}\"},\"query-input\":\"required name=search_term_string\"}],\"inLanguage\":\"es\"},{\"@type\":\"Person\",\"@id\":\"https:\/\/javiervarelactor.com\/#\/schema\/person\/e3104f2f3cca87d9a07b40f5281c02ba\",\"name\":\"Javier Varela\",\"image\":{\"@type\":\"ImageObject\",\"inLanguage\":\"es\",\"@id\":\"https:\/\/javiervarelactor.com\/#\/schema\/person\/image\/\",\"url\":\"https:\/\/secure.gravatar.com\/avatar\/858edfdbe98ed682c9723085564a87b3?s=96&d=mm&r=g\",\"contentUrl\":\"https:\/\/secure.gravatar.com\/avatar\/858edfdbe98ed682c9723085564a87b3?s=96&d=mm&r=g\",\"caption\":\"Javier Varela\"},\"sameAs\":[\"http:\/\/www.javiervarelactor.com\"],\"url\":\"https:\/\/javiervarelactor.com\/?author=1\"}]}<\/script>\n<!-- \/ Yoast SEO plugin. -->","yoast_head_json":{"title":"De Serramoura a Amar es para Siempre: el salto a la ficci\u00f3n nacional.","description":"De Serramoura a Amar es para Siempre: Javier Varela da el salto a la ficci\u00f3n nacional con su personaje Ricardo en la serie de las tardes de Antena3.","robots":{"index":"index","follow":"follow","max-snippet":"max-snippet:-1","max-image-preview":"max-image-preview:large","max-video-preview":"max-video-preview:-1"},"canonical":"https:\/\/javiervarelactor.com\/?p=1067","og_locale":"es_ES","og_type":"article","og_title":"De Serramoura a Amar es para Siempre: el salto a la ficci\u00f3n nacional.","og_description":"De Serramoura a Amar es para Siempre: Javier Varela da el salto a la ficci\u00f3n nacional con su personaje Ricardo en la serie de las tardes de Antena3.","og_url":"https:\/\/javiervarelactor.com\/?p=1067","og_site_name":"Javier Varela","article_publisher":"https:\/\/www.facebook.com\/pages\/Javier-Varela\/145894855509796?sk=info&amp%3bamp%3bamp%3bamp%3btab=page_info","article_published_time":"2017-03-10T11:33:47+00:00","article_modified_time":"2020-11-10T11:15:27+00:00","og_image":[{"width":881,"height":481,"url":"https:\/\/javiervarelactor.com\/wp-content\/uploads\/2017\/03\/amar2.jpg","type":"image\/jpeg"}],"author":"Javier Varela","twitter_misc":{"Escrito por":"Javier Varela","Tiempo de lectura":"2 minutos"},"schema":{"@context":"https:\/\/schema.org","@graph":[{"@type":"WebPage","@id":"https:\/\/javiervarelactor.com\/?p=1067","url":"https:\/\/javiervarelactor.com\/?p=1067","name":"De Serramoura a Amar es para Siempre: el salto a la ficci\u00f3n nacional.","isPartOf":{"@id":"https:\/\/javiervarelactor.com\/#website"},"primaryImageOfPage":{"@id":"https:\/\/javiervarelactor.com\/?p=1067#primaryimage"},"image":{"@id":"https:\/\/javiervarelactor.com\/?p=1067#primaryimage"},"thumbnailUrl":"https:\/\/javiervarelactor.com\/wp-content\/uploads\/2017\/03\/amar2.jpg","datePublished":"2017-03-10T11:33:47+00:00","dateModified":"2020-11-10T11:15:27+00:00","author":{"@id":"https:\/\/javiervarelactor.com\/#\/schema\/person\/e3104f2f3cca87d9a07b40f5281c02ba"},"description":"De Serramoura a Amar es para Siempre: Javier Varela da el salto a la ficci\u00f3n nacional con su personaje Ricardo en la serie de las tardes de Antena3.","breadcrumb":{"@id":"https:\/\/javiervarelactor.com\/?p=1067#breadcrumb"},"inLanguage":"es","potentialAction":[{"@type":"ReadAction","target":["https:\/\/javiervarelactor.com\/?p=1067"]}]},{"@type":"ImageObject","inLanguage":"es","@id":"https:\/\/javiervarelactor.com\/?p=1067#primaryimage","url":"https:\/\/javiervarelactor.com\/wp-content\/uploads\/2017\/03\/amar2.jpg","contentUrl":"https:\/\/javiervarelactor.com\/wp-content\/uploads\/2017\/03\/amar2.jpg","width":881,"height":481,"caption":"ricardo en amar es para siempre"},{"@type":"BreadcrumbList","@id":"https:\/\/javiervarelactor.com\/?p=1067#breadcrumb","itemListElement":[{"@type":"ListItem","position":1,"name":"Inicio","item":"https:\/\/javiervarelactor.com\/"},{"@type":"ListItem","position":2,"name":"De Serramoura a Amar es para Siempre: el salto a la ficci\u00f3n nacional."}]},{"@type":"WebSite","@id":"https:\/\/javiervarelactor.com\/#website","url":"https:\/\/javiervarelactor.com\/","name":"Javier Varela","description":"Actor y Presentador","potentialAction":[{"@type":"SearchAction","target":{"@type":"EntryPoint","urlTemplate":"https:\/\/javiervarelactor.com\/?s={search_term_string}"},"query-input":"required name=search_term_string"}],"inLanguage":"es"},{"@type":"Person","@id":"https:\/\/javiervarelactor.com\/#\/schema\/person\/e3104f2f3cca87d9a07b40f5281c02ba","name":"Javier Varela","image":{"@type":"ImageObject","inLanguage":"es","@id":"https:\/\/javiervarelactor.com\/#\/schema\/person\/image\/","url":"https:\/\/secure.gravatar.com\/avatar\/858edfdbe98ed682c9723085564a87b3?s=96&d=mm&r=g","contentUrl":"https:\/\/secure.gravatar.com\/avatar\/858edfdbe98ed682c9723085564a87b3?s=96&d=mm&r=g","caption":"Javier Varela"},"sameAs":["http:\/\/www.javiervarelactor.com"],"url":"https:\/\/javiervarelactor.com\/?author=1"}]}},"_links":{"self":[{"href":"https:\/\/javiervarelactor.com\/index.php?rest_route=\/wp\/v2\/posts\/1067"}],"collection":[{"href":"https:\/\/javiervarelactor.com\/index.php?rest_route=\/wp\/v2\/posts"}],"about":[{"href":"https:\/\/javiervarelactor.com\/index.php?rest_route=\/wp\/v2\/types\/post"}],"author":[{"embeddable":true,"href":"https:\/\/javiervarelactor.com\/index.php?rest_route=\/wp\/v2\/users\/1"}],"replies":[{"embeddable":true,"href":"https:\/\/javiervarelactor.com\/index.php?rest_route=%2Fwp%2Fv2%2Fcomments&post=1067"}],"version-history":[{"count":5,"href":"https:\/\/javiervarelactor.com\/index.php?rest_route=\/wp\/v2\/posts\/1067\/revisions"}],"predecessor-version":[{"id":1652,"href":"https:\/\/javiervarelactor.com\/index.php?rest_route=\/wp\/v2\/posts\/1067\/revisions\/1652"}],"wp:featuredmedia":[{"embeddable":true,"href":"https:\/\/javiervarelactor.com\/index.php?rest_route=\/wp\/v2\/media\/1068"}],"wp:attachment":[{"href":"https:\/\/javiervarelactor.com\/index.php?rest_route=%2Fwp%2Fv2%2Fmedia&parent=1067"}],"wp:term":[{"taxonomy":"category","embeddable":true,"href":"https:\/\/javiervarelactor.com\/index.php?rest_route=%2Fwp%2Fv2%2Fcategories&post=1067"},{"taxonomy":"post_tag","embeddable":true,"href":"https:\/\/javiervarelactor.com\/index.php?rest_route=%2Fwp%2Fv2%2Ftags&post=1067"}],"curies":[{"name":"wp","href":"https:\/\/api.w.org\/{rel}","templated":true}]}}