{"id":1046,"date":"2017-02-28T10:08:43","date_gmt":"2017-02-28T10:08:43","guid":{"rendered":"http:\/\/javiervarelactor.com\/?p=1046"},"modified":"2017-03-27T10:34:51","modified_gmt":"2017-03-27T10:34:51","slug":"nuevo-personaje-en-serramoura","status":"publish","type":"post","link":"https:\/\/javiervarelactor.com\/?p=1046","title":{"rendered":"Nuevo personaje en \u00abSerramoura\u00bb"},"content":{"rendered":"<p><a href=\"http:\/\/javiervarelactor.com\/wp-content\/uploads\/2017\/02\/malo-en-serramoura.jpg\"><img loading=\"lazy\" decoding=\"async\" class=\" wp-image-1047 alignleft\" src=\"http:\/\/javiervarelactor.com\/wp-content\/uploads\/2017\/02\/malo-en-serramoura-300x145.jpg\" alt=\"personaje en serramoura\" width=\"381\" height=\"184\" srcset=\"https:\/\/javiervarelactor.com\/wp-content\/uploads\/2017\/02\/malo-en-serramoura-300x145.jpg 300w, https:\/\/javiervarelactor.com\/wp-content\/uploads\/2017\/02\/malo-en-serramoura.jpg 724w\" sizes=\"(max-width: 381px) 100vw, 381px\" \/><\/a>Comienza la 5\u00aa Temporada de la serie \u00abSerramoura\u00bb en <em>Televisi\u00f3n de Galicia<\/em> y tengo el placer de formar parte del reparto. Un personaje muy especial, con una inquietante trama. Un intenso trabajo como actor, un reto, una oportunidad de desarrollar mis capacidades y de seguir aprendiendo.<\/p>\n<p>Formar parte del equipo de \u00abSerramoura\u00bb est\u00e1 siendo un privilegio; por la calidad t\u00e9cnica y humana del equipo que lo forman, un lujazo. Una delicada manera de escribir los cap\u00edtulos, desarrollar las tramas y poner en escena cada una de las historias. Paisajes, interiores, caracterizaciones y ambientaci\u00f3n que hacen de la serie un ejemplo en el audiovisual. Desde <em>Televisi\u00f3n de Galicia<\/em>, Serramoura se presenta como una referencia en la ficci\u00f3n.<\/p>\n<p>Asi que, este trabajo como <strong>actor en Galicia<\/strong>, ha supuesto para mi un importante paso en mi carrera profesional.<\/p>\n<p><a href=\"http:\/\/javiervarelactor.com\/wp-content\/uploads\/2017\/02\/2017-02-26-PHOTO-00000134.jpg\"><img loading=\"lazy\" decoding=\"async\" class=\"size-medium wp-image-1050 alignright\" src=\"http:\/\/javiervarelactor.com\/wp-content\/uploads\/2017\/02\/2017-02-26-PHOTO-00000134-300x167.jpg\" alt=\"actor serramoura\" width=\"300\" height=\"167\" srcset=\"https:\/\/javiervarelactor.com\/wp-content\/uploads\/2017\/02\/2017-02-26-PHOTO-00000134-300x167.jpg 300w, https:\/\/javiervarelactor.com\/wp-content\/uploads\/2017\/02\/2017-02-26-PHOTO-00000134-1024x572.jpg 1024w, https:\/\/javiervarelactor.com\/wp-content\/uploads\/2017\/02\/2017-02-26-PHOTO-00000134.jpg 1600w\" sizes=\"(max-width: 300px) 100vw, 300px\" \/><\/a><\/p>\n<p>Desde el cap\u00edtulo 70 nos vemos en <em>Televisi\u00f3n de Galicia<\/em>, cada domingo a las 22.30h. Tenemos una cita con uno de los personajes m\u00e1s interesantes e intensos de mi carrera como actor de televisi\u00f3n.<\/p>\n<p>Nos vemos en \u00ab<strong>Serramoura<\/strong>\u00ab,<a href=\"http:\/\/www.crtvg.es\/tvg\/programas\/serramoura\" target=\"_blank\"> puedes verlo aqu\u00ed<\/a><\/p>\n","protected":false},"excerpt":{"rendered":"<p>Comienza la 5\u00aa Temporada de la serie \u00abSerramoura\u00bb en Televisi\u00f3n de Galicia y tengo el placer de formar parte del reparto. Un personaje muy especial, con una inquietante trama. Un intenso trabajo como actor, un reto, una oportunidad de desarrollar mis capacidades y de seguir aprendiendo. Formar parte del equipo de \u00abSerramoura\u00bb est\u00e1 siendo un <a class=\"read-more\" href=\"https:\/\/javiervarelactor.com\/?p=1046\">Leer m\u00e1s<\/a><\/p>\n","protected":false},"author":1,"featured_media":1047,"comment_status":"closed","ping_status":"open","sticky":false,"template":"","format":"standard","meta":{"_monsterinsights_skip_tracking":false,"_monsterinsights_sitenote_active":false,"_monsterinsights_sitenote_note":"","_monsterinsights_sitenote_category":0,"footnotes":""},"categories":[21,31],"tags":[61,57,43],"yoast_head":"<!-- This site is optimized with the Yoast SEO plugin v22.7 - https:\/\/yoast.com\/wordpress\/plugins\/seo\/ -->\n<title>Nuevo personaje en Serramoura - Javier Varela<\/title>\n<meta name=\"description\" content=\"Temporada 5, desde el cap\u00edtulo 70 de Serramoura, Javier Varela se incorpora con un nuevo personae a la serie de Televisi\u00f3n de Galicia.\" \/>\n<meta name=\"robots\" content=\"index, follow, max-snippet:-1, max-image-preview:large, max-video-preview:-1\" \/>\n<link rel=\"canonical\" href=\"https:\/\/javiervarelactor.com\/?p=1046\" \/>\n<meta property=\"og:locale\" content=\"es_ES\" \/>\n<meta property=\"og:type\" content=\"article\" \/>\n<meta property=\"og:title\" content=\"Nuevo personaje en Serramoura - Javier Varela\" \/>\n<meta property=\"og:description\" content=\"Temporada 5, desde el cap\u00edtulo 70 de Serramoura, Javier Varela se incorpora con un nuevo personae a la serie de Televisi\u00f3n de Galicia.\" \/>\n<meta property=\"og:url\" content=\"https:\/\/javiervarelactor.com\/?p=1046\" \/>\n<meta property=\"og:site_name\" content=\"Javier Varela\" \/>\n<meta property=\"article:publisher\" content=\"https:\/\/www.facebook.com\/pages\/Javier-Varela\/145894855509796?sk=info&amp;amp%3bamp%3bamp%3bamp%3btab=page_info\" \/>\n<meta property=\"article:published_time\" content=\"2017-02-28T10:08:43+00:00\" \/>\n<meta property=\"article:modified_time\" content=\"2017-03-27T10:34:51+00:00\" \/>\n<meta property=\"og:image\" content=\"https:\/\/javiervarelactor.com\/wp-content\/uploads\/2017\/02\/malo-en-serramoura.jpg\" \/>\n\t<meta property=\"og:image:width\" content=\"724\" \/>\n\t<meta property=\"og:image:height\" content=\"350\" \/>\n\t<meta property=\"og:image:type\" content=\"image\/jpeg\" \/>\n<meta name=\"author\" content=\"Javier Varela\" \/>\n<meta name=\"twitter:label1\" content=\"Escrito por\" \/>\n\t<meta name=\"twitter:data1\" content=\"Javier Varela\" \/>\n\t<meta name=\"twitter:label2\" content=\"Tiempo de lectura\" \/>\n\t<meta name=\"twitter:data2\" content=\"1 minuto\" \/>\n<script type=\"application\/ld+json\" class=\"yoast-schema-graph\">{\"@context\":\"https:\/\/schema.org\",\"@graph\":[{\"@type\":\"WebPage\",\"@id\":\"https:\/\/javiervarelactor.com\/?p=1046\",\"url\":\"https:\/\/javiervarelactor.com\/?p=1046\",\"name\":\"Nuevo personaje en Serramoura - Javier Varela\",\"isPartOf\":{\"@id\":\"https:\/\/javiervarelactor.com\/#website\"},\"primaryImageOfPage\":{\"@id\":\"https:\/\/javiervarelactor.com\/?p=1046#primaryimage\"},\"image\":{\"@id\":\"https:\/\/javiervarelactor.com\/?p=1046#primaryimage\"},\"thumbnailUrl\":\"https:\/\/javiervarelactor.com\/wp-content\/uploads\/2017\/02\/malo-en-serramoura.jpg\",\"datePublished\":\"2017-02-28T10:08:43+00:00\",\"dateModified\":\"2017-03-27T10:34:51+00:00\",\"author\":{\"@id\":\"https:\/\/javiervarelactor.com\/#\/schema\/person\/e3104f2f3cca87d9a07b40f5281c02ba\"},\"description\":\"Temporada 5, desde el cap\u00edtulo 70 de Serramoura, Javier Varela se incorpora con un nuevo personae a la serie de Televisi\u00f3n de Galicia.\",\"breadcrumb\":{\"@id\":\"https:\/\/javiervarelactor.com\/?p=1046#breadcrumb\"},\"inLanguage\":\"es\",\"potentialAction\":[{\"@type\":\"ReadAction\",\"target\":[\"https:\/\/javiervarelactor.com\/?p=1046\"]}]},{\"@type\":\"ImageObject\",\"inLanguage\":\"es\",\"@id\":\"https:\/\/javiervarelactor.com\/?p=1046#primaryimage\",\"url\":\"https:\/\/javiervarelactor.com\/wp-content\/uploads\/2017\/02\/malo-en-serramoura.jpg\",\"contentUrl\":\"https:\/\/javiervarelactor.com\/wp-content\/uploads\/2017\/02\/malo-en-serramoura.jpg\",\"width\":724,\"height\":350,\"caption\":\"personaje en serramoura\"},{\"@type\":\"BreadcrumbList\",\"@id\":\"https:\/\/javiervarelactor.com\/?p=1046#breadcrumb\",\"itemListElement\":[{\"@type\":\"ListItem\",\"position\":1,\"name\":\"Inicio\",\"item\":\"https:\/\/javiervarelactor.com\/\"},{\"@type\":\"ListItem\",\"position\":2,\"name\":\"Nuevo personaje en \u00abSerramoura\u00bb\"}]},{\"@type\":\"WebSite\",\"@id\":\"https:\/\/javiervarelactor.com\/#website\",\"url\":\"https:\/\/javiervarelactor.com\/\",\"name\":\"Javier Varela\",\"description\":\"Actor y Presentador\",\"potentialAction\":[{\"@type\":\"SearchAction\",\"target\":{\"@type\":\"EntryPoint\",\"urlTemplate\":\"https:\/\/javiervarelactor.com\/?s={search_term_string}\"},\"query-input\":\"required name=search_term_string\"}],\"inLanguage\":\"es\"},{\"@type\":\"Person\",\"@id\":\"https:\/\/javiervarelactor.com\/#\/schema\/person\/e3104f2f3cca87d9a07b40f5281c02ba\",\"name\":\"Javier Varela\",\"image\":{\"@type\":\"ImageObject\",\"inLanguage\":\"es\",\"@id\":\"https:\/\/javiervarelactor.com\/#\/schema\/person\/image\/\",\"url\":\"https:\/\/secure.gravatar.com\/avatar\/858edfdbe98ed682c9723085564a87b3?s=96&d=mm&r=g\",\"contentUrl\":\"https:\/\/secure.gravatar.com\/avatar\/858edfdbe98ed682c9723085564a87b3?s=96&d=mm&r=g\",\"caption\":\"Javier Varela\"},\"sameAs\":[\"http:\/\/www.javiervarelactor.com\"],\"url\":\"https:\/\/javiervarelactor.com\/?author=1\"}]}<\/script>\n<!-- \/ Yoast SEO plugin. -->","yoast_head_json":{"title":"Nuevo personaje en Serramoura - Javier Varela","description":"Temporada 5, desde el cap\u00edtulo 70 de Serramoura, Javier Varela se incorpora con un nuevo personae a la serie de Televisi\u00f3n de Galicia.","robots":{"index":"index","follow":"follow","max-snippet":"max-snippet:-1","max-image-preview":"max-image-preview:large","max-video-preview":"max-video-preview:-1"},"canonical":"https:\/\/javiervarelactor.com\/?p=1046","og_locale":"es_ES","og_type":"article","og_title":"Nuevo personaje en Serramoura - Javier Varela","og_description":"Temporada 5, desde el cap\u00edtulo 70 de Serramoura, Javier Varela se incorpora con un nuevo personae a la serie de Televisi\u00f3n de Galicia.","og_url":"https:\/\/javiervarelactor.com\/?p=1046","og_site_name":"Javier Varela","article_publisher":"https:\/\/www.facebook.com\/pages\/Javier-Varela\/145894855509796?sk=info&amp%3bamp%3bamp%3bamp%3btab=page_info","article_published_time":"2017-02-28T10:08:43+00:00","article_modified_time":"2017-03-27T10:34:51+00:00","og_image":[{"width":724,"height":350,"url":"https:\/\/javiervarelactor.com\/wp-content\/uploads\/2017\/02\/malo-en-serramoura.jpg","type":"image\/jpeg"}],"author":"Javier Varela","twitter_misc":{"Escrito por":"Javier Varela","Tiempo de lectura":"1 minuto"},"schema":{"@context":"https:\/\/schema.org","@graph":[{"@type":"WebPage","@id":"https:\/\/javiervarelactor.com\/?p=1046","url":"https:\/\/javiervarelactor.com\/?p=1046","name":"Nuevo personaje en Serramoura - Javier Varela","isPartOf":{"@id":"https:\/\/javiervarelactor.com\/#website"},"primaryImageOfPage":{"@id":"https:\/\/javiervarelactor.com\/?p=1046#primaryimage"},"image":{"@id":"https:\/\/javiervarelactor.com\/?p=1046#primaryimage"},"thumbnailUrl":"https:\/\/javiervarelactor.com\/wp-content\/uploads\/2017\/02\/malo-en-serramoura.jpg","datePublished":"2017-02-28T10:08:43+00:00","dateModified":"2017-03-27T10:34:51+00:00","author":{"@id":"https:\/\/javiervarelactor.com\/#\/schema\/person\/e3104f2f3cca87d9a07b40f5281c02ba"},"description":"Temporada 5, desde el cap\u00edtulo 70 de Serramoura, Javier Varela se incorpora con un nuevo personae a la serie de Televisi\u00f3n de Galicia.","breadcrumb":{"@id":"https:\/\/javiervarelactor.com\/?p=1046#breadcrumb"},"inLanguage":"es","potentialAction":[{"@type":"ReadAction","target":["https:\/\/javiervarelactor.com\/?p=1046"]}]},{"@type":"ImageObject","inLanguage":"es","@id":"https:\/\/javiervarelactor.com\/?p=1046#primaryimage","url":"https:\/\/javiervarelactor.com\/wp-content\/uploads\/2017\/02\/malo-en-serramoura.jpg","contentUrl":"https:\/\/javiervarelactor.com\/wp-content\/uploads\/2017\/02\/malo-en-serramoura.jpg","width":724,"height":350,"caption":"personaje en serramoura"},{"@type":"BreadcrumbList","@id":"https:\/\/javiervarelactor.com\/?p=1046#breadcrumb","itemListElement":[{"@type":"ListItem","position":1,"name":"Inicio","item":"https:\/\/javiervarelactor.com\/"},{"@type":"ListItem","position":2,"name":"Nuevo personaje en \u00abSerramoura\u00bb"}]},{"@type":"WebSite","@id":"https:\/\/javiervarelactor.com\/#website","url":"https:\/\/javiervarelactor.com\/","name":"Javier Varela","description":"Actor y Presentador","potentialAction":[{"@type":"SearchAction","target":{"@type":"EntryPoint","urlTemplate":"https:\/\/javiervarelactor.com\/?s={search_term_string}"},"query-input":"required name=search_term_string"}],"inLanguage":"es"},{"@type":"Person","@id":"https:\/\/javiervarelactor.com\/#\/schema\/person\/e3104f2f3cca87d9a07b40f5281c02ba","name":"Javier Varela","image":{"@type":"ImageObject","inLanguage":"es","@id":"https:\/\/javiervarelactor.com\/#\/schema\/person\/image\/","url":"https:\/\/secure.gravatar.com\/avatar\/858edfdbe98ed682c9723085564a87b3?s=96&d=mm&r=g","contentUrl":"https:\/\/secure.gravatar.com\/avatar\/858edfdbe98ed682c9723085564a87b3?s=96&d=mm&r=g","caption":"Javier Varela"},"sameAs":["http:\/\/www.javiervarelactor.com"],"url":"https:\/\/javiervarelactor.com\/?author=1"}]}},"_links":{"self":[{"href":"https:\/\/javiervarelactor.com\/index.php?rest_route=\/wp\/v2\/posts\/1046"}],"collection":[{"href":"https:\/\/javiervarelactor.com\/index.php?rest_route=\/wp\/v2\/posts"}],"about":[{"href":"https:\/\/javiervarelactor.com\/index.php?rest_route=\/wp\/v2\/types\/post"}],"author":[{"embeddable":true,"href":"https:\/\/javiervarelactor.com\/index.php?rest_route=\/wp\/v2\/users\/1"}],"replies":[{"embeddable":true,"href":"https:\/\/javiervarelactor.com\/index.php?rest_route=%2Fwp%2Fv2%2Fcomments&post=1046"}],"version-history":[{"count":2,"href":"https:\/\/javiervarelactor.com\/index.php?rest_route=\/wp\/v2\/posts\/1046\/revisions"}],"predecessor-version":[{"id":1051,"href":"https:\/\/javiervarelactor.com\/index.php?rest_route=\/wp\/v2\/posts\/1046\/revisions\/1051"}],"wp:featuredmedia":[{"embeddable":true,"href":"https:\/\/javiervarelactor.com\/index.php?rest_route=\/wp\/v2\/media\/1047"}],"wp:attachment":[{"href":"https:\/\/javiervarelactor.com\/index.php?rest_route=%2Fwp%2Fv2%2Fmedia&parent=1046"}],"wp:term":[{"taxonomy":"category","embeddable":true,"href":"https:\/\/javiervarelactor.com\/index.php?rest_route=%2Fwp%2Fv2%2Fcategories&post=1046"},{"taxonomy":"post_tag","embeddable":true,"href":"https:\/\/javiervarelactor.com\/index.php?rest_route=%2Fwp%2Fv2%2Ftags&post=1046"}],"curies":[{"name":"wp","href":"https:\/\/api.w.org\/{rel}","templated":true}]}}