{"id":1030,"date":"2017-01-09T09:19:08","date_gmt":"2017-01-09T09:19:08","guid":{"rendered":"http:\/\/javiervarelactor.com\/?p=1030"},"modified":"2017-01-03T16:39:14","modified_gmt":"2017-01-03T16:39:14","slug":"monologo-alcorcon","status":"publish","type":"post","link":"https:\/\/javiervarelactor.com\/?p=1030","title":{"rendered":"Mon\u00f3logo en Alcorc\u00f3n"},"content":{"rendered":"<p><img loading=\"lazy\" decoding=\"async\" class=\"alignleft wp-image-1029 \" title=\"monologo alcorc\u00f3n\" src=\"http:\/\/javiervarelactor.com\/wp-content\/uploads\/2017\/01\/Alcorcon-JaviWEB-724x1024.jpg\" alt=\"Alcorcon-JaviWEB\" width=\"274\" height=\"387\" srcset=\"https:\/\/javiervarelactor.com\/wp-content\/uploads\/2017\/01\/Alcorcon-JaviWEB-724x1024.jpg 724w, https:\/\/javiervarelactor.com\/wp-content\/uploads\/2017\/01\/Alcorcon-JaviWEB-212x300.jpg 212w\" sizes=\"(max-width: 274px) 100vw, 274px\" \/><span style=\"color: #000000;\">El pr\u00f3ximo 20 de enero de 2017 empezamos el a\u00f1o encima de un escenario \u00bfqu\u00e9 mejor manera? <\/span><\/p>\n<p><strong><span style=\"color: #000000;\">Mon\u00f3logo de humor en el escenario del Centro Cultural Los Pinos, Alcorc\u00f3n a partir de las 19.00h. <\/span><\/strong><\/p>\n<p><span style=\"color: #000000;\">Las entradas est\u00e1n disponibles para su compra en Ticketea, en el mismo <strong><a href=\"https:\/\/www.facebook.com\/c.c.lospinos\/\" target=\"_blank\">Centro Cultural Los Pinos<\/a><\/strong> y en el <a href=\"https:\/\/www.google.es\/maps\/place\/Teatro+Municipal+Buero+Vallejo\/@40.3450319,-3.8372759,17z\/data=!3m1!4b1!4m5!3m4!1s0xd418eb9609a03d3:0x956f0c148863e061!8m2!3d40.3450319!4d-3.8350872\" target=\"_blank\">Teatro Buero Vallejo<\/a>.<\/span><\/p>\n<p><span style=\"color: #000000;\">Este nuevo a\u00f1o viene cargado de noticias, de estrenos y de nuevos trabajos muy interesantes, motivadores y divertidos, as\u00ed que, sin duda, vamos a coger con mucha fuerza este 2017.<\/span><\/p>\n<p><span style=\"color: #000000;\"> \u00a1Que la fuerza y la diversi\u00f3n sean contagiosas!<\/span><\/p>\n<p><span style=\"color: #000000;\">Muchas gracias por seguir aqu\u00ed, atentos y siempre dispuestos a participar. Nos vemos en Alcorc\u00f3n el pr\u00f3ximo viernes 20 a las 19h.<\/span><\/p>\n<p>&nbsp;<\/p>\n<p>&nbsp;<\/p>\n<p>&nbsp;<\/p>\n<p><iframe loading=\"lazy\" style=\"border: 0;\" src=\"https:\/\/www.google.com\/maps\/embed?pb=!1m18!1m12!1m3!1d3616.5957631185925!2d-3.832541140100177!3d40.338299304886085!2m3!1f0!2f0!3f0!3m2!1i1024!2i768!4f13.1!3m3!1m2!1s0xd418efaaaaaaaab%3A0xc08d4c7bb23c6129!2sCentro+C%C3%ADvico+los+Pinos!5e0!3m2!1ses!2ses!4v1483461346295\" width=\"300\" height=\"250\" frameborder=\"0\" allowfullscreen=\"allowfullscreen\"><\/iframe><\/p>\n","protected":false},"excerpt":{"rendered":"<p>El pr\u00f3ximo 20 de enero de 2017 empezamos el a\u00f1o encima de un escenario \u00bfqu\u00e9 mejor manera? Mon\u00f3logo de humor en el escenario del Centro Cultural Los Pinos, Alcorc\u00f3n a partir de las 19.00h. Las entradas est\u00e1n disponibles para su compra en Ticketea, en el mismo Centro Cultural Los Pinos y en el Teatro Buero <a class=\"read-more\" href=\"https:\/\/javiervarelactor.com\/?p=1030\">Leer m\u00e1s<\/a><\/p>\n","protected":false},"author":1,"featured_media":1029,"comment_status":"closed","ping_status":"open","sticky":false,"template":"","format":"standard","meta":{"_monsterinsights_skip_tracking":false,"_monsterinsights_sitenote_active":false,"_monsterinsights_sitenote_note":"","_monsterinsights_sitenote_category":0,"footnotes":""},"categories":[2],"tags":[60],"yoast_head":"<!-- This site is optimized with the Yoast SEO plugin v22.7 - https:\/\/yoast.com\/wordpress\/plugins\/seo\/ -->\n<title>Mon\u00f3logo en Alcorc\u00f3n - Javier Varela<\/title>\n<meta name=\"description\" content=\"El viernes 20 de enero 2017 disfruta del mon\u00f3logo de humor de Javier Varela en Alcorc\u00f3n, Centro Cultural Los Pinos, a las 19:00h. Entradas a la venta\" \/>\n<meta name=\"robots\" content=\"index, follow, max-snippet:-1, max-image-preview:large, max-video-preview:-1\" \/>\n<link rel=\"canonical\" href=\"https:\/\/javiervarelactor.com\/?p=1030\" \/>\n<meta property=\"og:locale\" content=\"es_ES\" \/>\n<meta property=\"og:type\" content=\"article\" \/>\n<meta property=\"og:title\" content=\"Mon\u00f3logo en Alcorc\u00f3n - Javier Varela\" \/>\n<meta property=\"og:description\" content=\"El viernes 20 de enero 2017 disfruta del mon\u00f3logo de humor de Javier Varela en Alcorc\u00f3n, Centro Cultural Los Pinos, a las 19:00h. Entradas a la venta\" \/>\n<meta property=\"og:url\" content=\"https:\/\/javiervarelactor.com\/?p=1030\" \/>\n<meta property=\"og:site_name\" content=\"Javier Varela\" \/>\n<meta property=\"article:publisher\" content=\"https:\/\/www.facebook.com\/pages\/Javier-Varela\/145894855509796?sk=info&amp;amp%3bamp%3bamp%3bamp%3btab=page_info\" \/>\n<meta property=\"article:published_time\" content=\"2017-01-09T09:19:08+00:00\" \/>\n<meta property=\"article:modified_time\" content=\"2017-01-03T16:39:14+00:00\" \/>\n<meta property=\"og:image\" content=\"https:\/\/javiervarelactor.com\/wp-content\/uploads\/2017\/01\/Alcorcon-JaviWEB.jpg\" \/>\n\t<meta property=\"og:image:width\" content=\"3508\" \/>\n\t<meta property=\"og:image:height\" content=\"4961\" \/>\n\t<meta property=\"og:image:type\" content=\"image\/jpeg\" \/>\n<meta name=\"author\" content=\"Javier Varela\" \/>\n<meta name=\"twitter:label1\" content=\"Escrito por\" \/>\n\t<meta name=\"twitter:data1\" content=\"Javier Varela\" \/>\n\t<meta name=\"twitter:label2\" content=\"Tiempo de lectura\" \/>\n\t<meta name=\"twitter:data2\" content=\"1 minuto\" \/>\n<script type=\"application\/ld+json\" class=\"yoast-schema-graph\">{\"@context\":\"https:\/\/schema.org\",\"@graph\":[{\"@type\":\"WebPage\",\"@id\":\"https:\/\/javiervarelactor.com\/?p=1030\",\"url\":\"https:\/\/javiervarelactor.com\/?p=1030\",\"name\":\"Mon\u00f3logo en Alcorc\u00f3n - Javier Varela\",\"isPartOf\":{\"@id\":\"https:\/\/javiervarelactor.com\/#website\"},\"primaryImageOfPage\":{\"@id\":\"https:\/\/javiervarelactor.com\/?p=1030#primaryimage\"},\"image\":{\"@id\":\"https:\/\/javiervarelactor.com\/?p=1030#primaryimage\"},\"thumbnailUrl\":\"https:\/\/javiervarelactor.com\/wp-content\/uploads\/2017\/01\/Alcorcon-JaviWEB.jpg\",\"datePublished\":\"2017-01-09T09:19:08+00:00\",\"dateModified\":\"2017-01-03T16:39:14+00:00\",\"author\":{\"@id\":\"https:\/\/javiervarelactor.com\/#\/schema\/person\/e3104f2f3cca87d9a07b40f5281c02ba\"},\"description\":\"El viernes 20 de enero 2017 disfruta del mon\u00f3logo de humor de Javier Varela en Alcorc\u00f3n, Centro Cultural Los Pinos, a las 19:00h. Entradas a la venta\",\"breadcrumb\":{\"@id\":\"https:\/\/javiervarelactor.com\/?p=1030#breadcrumb\"},\"inLanguage\":\"es\",\"potentialAction\":[{\"@type\":\"ReadAction\",\"target\":[\"https:\/\/javiervarelactor.com\/?p=1030\"]}]},{\"@type\":\"ImageObject\",\"inLanguage\":\"es\",\"@id\":\"https:\/\/javiervarelactor.com\/?p=1030#primaryimage\",\"url\":\"https:\/\/javiervarelactor.com\/wp-content\/uploads\/2017\/01\/Alcorcon-JaviWEB.jpg\",\"contentUrl\":\"https:\/\/javiervarelactor.com\/wp-content\/uploads\/2017\/01\/Alcorcon-JaviWEB.jpg\",\"width\":3508,\"height\":4961},{\"@type\":\"BreadcrumbList\",\"@id\":\"https:\/\/javiervarelactor.com\/?p=1030#breadcrumb\",\"itemListElement\":[{\"@type\":\"ListItem\",\"position\":1,\"name\":\"Inicio\",\"item\":\"https:\/\/javiervarelactor.com\/\"},{\"@type\":\"ListItem\",\"position\":2,\"name\":\"Mon\u00f3logo en Alcorc\u00f3n\"}]},{\"@type\":\"WebSite\",\"@id\":\"https:\/\/javiervarelactor.com\/#website\",\"url\":\"https:\/\/javiervarelactor.com\/\",\"name\":\"Javier Varela\",\"description\":\"Actor y Presentador\",\"potentialAction\":[{\"@type\":\"SearchAction\",\"target\":{\"@type\":\"EntryPoint\",\"urlTemplate\":\"https:\/\/javiervarelactor.com\/?s={search_term_string}\"},\"query-input\":\"required name=search_term_string\"}],\"inLanguage\":\"es\"},{\"@type\":\"Person\",\"@id\":\"https:\/\/javiervarelactor.com\/#\/schema\/person\/e3104f2f3cca87d9a07b40f5281c02ba\",\"name\":\"Javier Varela\",\"image\":{\"@type\":\"ImageObject\",\"inLanguage\":\"es\",\"@id\":\"https:\/\/javiervarelactor.com\/#\/schema\/person\/image\/\",\"url\":\"https:\/\/secure.gravatar.com\/avatar\/858edfdbe98ed682c9723085564a87b3?s=96&d=mm&r=g\",\"contentUrl\":\"https:\/\/secure.gravatar.com\/avatar\/858edfdbe98ed682c9723085564a87b3?s=96&d=mm&r=g\",\"caption\":\"Javier Varela\"},\"sameAs\":[\"http:\/\/www.javiervarelactor.com\"],\"url\":\"https:\/\/javiervarelactor.com\/?author=1\"}]}<\/script>\n<!-- \/ Yoast SEO plugin. -->","yoast_head_json":{"title":"Mon\u00f3logo en Alcorc\u00f3n - Javier Varela","description":"El viernes 20 de enero 2017 disfruta del mon\u00f3logo de humor de Javier Varela en Alcorc\u00f3n, Centro Cultural Los Pinos, a las 19:00h. Entradas a la venta","robots":{"index":"index","follow":"follow","max-snippet":"max-snippet:-1","max-image-preview":"max-image-preview:large","max-video-preview":"max-video-preview:-1"},"canonical":"https:\/\/javiervarelactor.com\/?p=1030","og_locale":"es_ES","og_type":"article","og_title":"Mon\u00f3logo en Alcorc\u00f3n - Javier Varela","og_description":"El viernes 20 de enero 2017 disfruta del mon\u00f3logo de humor de Javier Varela en Alcorc\u00f3n, Centro Cultural Los Pinos, a las 19:00h. Entradas a la venta","og_url":"https:\/\/javiervarelactor.com\/?p=1030","og_site_name":"Javier Varela","article_publisher":"https:\/\/www.facebook.com\/pages\/Javier-Varela\/145894855509796?sk=info&amp%3bamp%3bamp%3bamp%3btab=page_info","article_published_time":"2017-01-09T09:19:08+00:00","article_modified_time":"2017-01-03T16:39:14+00:00","og_image":[{"width":3508,"height":4961,"url":"https:\/\/javiervarelactor.com\/wp-content\/uploads\/2017\/01\/Alcorcon-JaviWEB.jpg","type":"image\/jpeg"}],"author":"Javier Varela","twitter_misc":{"Escrito por":"Javier Varela","Tiempo de lectura":"1 minuto"},"schema":{"@context":"https:\/\/schema.org","@graph":[{"@type":"WebPage","@id":"https:\/\/javiervarelactor.com\/?p=1030","url":"https:\/\/javiervarelactor.com\/?p=1030","name":"Mon\u00f3logo en Alcorc\u00f3n - Javier Varela","isPartOf":{"@id":"https:\/\/javiervarelactor.com\/#website"},"primaryImageOfPage":{"@id":"https:\/\/javiervarelactor.com\/?p=1030#primaryimage"},"image":{"@id":"https:\/\/javiervarelactor.com\/?p=1030#primaryimage"},"thumbnailUrl":"https:\/\/javiervarelactor.com\/wp-content\/uploads\/2017\/01\/Alcorcon-JaviWEB.jpg","datePublished":"2017-01-09T09:19:08+00:00","dateModified":"2017-01-03T16:39:14+00:00","author":{"@id":"https:\/\/javiervarelactor.com\/#\/schema\/person\/e3104f2f3cca87d9a07b40f5281c02ba"},"description":"El viernes 20 de enero 2017 disfruta del mon\u00f3logo de humor de Javier Varela en Alcorc\u00f3n, Centro Cultural Los Pinos, a las 19:00h. Entradas a la venta","breadcrumb":{"@id":"https:\/\/javiervarelactor.com\/?p=1030#breadcrumb"},"inLanguage":"es","potentialAction":[{"@type":"ReadAction","target":["https:\/\/javiervarelactor.com\/?p=1030"]}]},{"@type":"ImageObject","inLanguage":"es","@id":"https:\/\/javiervarelactor.com\/?p=1030#primaryimage","url":"https:\/\/javiervarelactor.com\/wp-content\/uploads\/2017\/01\/Alcorcon-JaviWEB.jpg","contentUrl":"https:\/\/javiervarelactor.com\/wp-content\/uploads\/2017\/01\/Alcorcon-JaviWEB.jpg","width":3508,"height":4961},{"@type":"BreadcrumbList","@id":"https:\/\/javiervarelactor.com\/?p=1030#breadcrumb","itemListElement":[{"@type":"ListItem","position":1,"name":"Inicio","item":"https:\/\/javiervarelactor.com\/"},{"@type":"ListItem","position":2,"name":"Mon\u00f3logo en Alcorc\u00f3n"}]},{"@type":"WebSite","@id":"https:\/\/javiervarelactor.com\/#website","url":"https:\/\/javiervarelactor.com\/","name":"Javier Varela","description":"Actor y Presentador","potentialAction":[{"@type":"SearchAction","target":{"@type":"EntryPoint","urlTemplate":"https:\/\/javiervarelactor.com\/?s={search_term_string}"},"query-input":"required name=search_term_string"}],"inLanguage":"es"},{"@type":"Person","@id":"https:\/\/javiervarelactor.com\/#\/schema\/person\/e3104f2f3cca87d9a07b40f5281c02ba","name":"Javier Varela","image":{"@type":"ImageObject","inLanguage":"es","@id":"https:\/\/javiervarelactor.com\/#\/schema\/person\/image\/","url":"https:\/\/secure.gravatar.com\/avatar\/858edfdbe98ed682c9723085564a87b3?s=96&d=mm&r=g","contentUrl":"https:\/\/secure.gravatar.com\/avatar\/858edfdbe98ed682c9723085564a87b3?s=96&d=mm&r=g","caption":"Javier Varela"},"sameAs":["http:\/\/www.javiervarelactor.com"],"url":"https:\/\/javiervarelactor.com\/?author=1"}]}},"_links":{"self":[{"href":"https:\/\/javiervarelactor.com\/index.php?rest_route=\/wp\/v2\/posts\/1030"}],"collection":[{"href":"https:\/\/javiervarelactor.com\/index.php?rest_route=\/wp\/v2\/posts"}],"about":[{"href":"https:\/\/javiervarelactor.com\/index.php?rest_route=\/wp\/v2\/types\/post"}],"author":[{"embeddable":true,"href":"https:\/\/javiervarelactor.com\/index.php?rest_route=\/wp\/v2\/users\/1"}],"replies":[{"embeddable":true,"href":"https:\/\/javiervarelactor.com\/index.php?rest_route=%2Fwp%2Fv2%2Fcomments&post=1030"}],"version-history":[{"count":7,"href":"https:\/\/javiervarelactor.com\/index.php?rest_route=\/wp\/v2\/posts\/1030\/revisions"}],"predecessor-version":[{"id":1037,"href":"https:\/\/javiervarelactor.com\/index.php?rest_route=\/wp\/v2\/posts\/1030\/revisions\/1037"}],"wp:featuredmedia":[{"embeddable":true,"href":"https:\/\/javiervarelactor.com\/index.php?rest_route=\/wp\/v2\/media\/1029"}],"wp:attachment":[{"href":"https:\/\/javiervarelactor.com\/index.php?rest_route=%2Fwp%2Fv2%2Fmedia&parent=1030"}],"wp:term":[{"taxonomy":"category","embeddable":true,"href":"https:\/\/javiervarelactor.com\/index.php?rest_route=%2Fwp%2Fv2%2Fcategories&post=1030"},{"taxonomy":"post_tag","embeddable":true,"href":"https:\/\/javiervarelactor.com\/index.php?rest_route=%2Fwp%2Fv2%2Ftags&post=1030"}],"curies":[{"name":"wp","href":"https:\/\/api.w.org\/{rel}","templated":true}]}}