{"id":1014,"date":"2016-11-29T09:27:42","date_gmt":"2016-11-29T09:27:42","guid":{"rendered":"http:\/\/javiervarelactor.com\/?p=1014"},"modified":"2017-03-27T10:35:02","modified_gmt":"2017-03-27T10:35:02","slug":"presentador-gana-a-tua-sorte","status":"publish","type":"post","link":"https:\/\/javiervarelactor.com\/?p=1014","title":{"rendered":"Presentador \u00abGa\u00f1a a t\u00faa sorte\u00bb"},"content":{"rendered":"<p><span style=\"color: #000000;\"><a href=\"http:\/\/javiervarelactor.com\/wp-content\/uploads\/2016\/11\/presentador-tvg.jpg\"><img loading=\"lazy\" decoding=\"async\" class=\"size-medium wp-image-1015 alignleft\" src=\"http:\/\/javiervarelactor.com\/wp-content\/uploads\/2016\/11\/presentador-tvg-300x158.jpg\" alt=\"presentador tvg\" width=\"300\" height=\"158\" srcset=\"https:\/\/javiervarelactor.com\/wp-content\/uploads\/2016\/11\/presentador-tvg-300x158.jpg 300w, https:\/\/javiervarelactor.com\/wp-content\/uploads\/2016\/11\/presentador-tvg-1024x538.jpg 1024w, https:\/\/javiervarelactor.com\/wp-content\/uploads\/2016\/11\/presentador-tvg.jpg 1200w\" sizes=\"(max-width: 300px) 100vw, 300px\" \/><\/a>Es una alegr\u00eda enorme compartir la noticia de mi nuevo trabajo; \u00ab<strong>Ga\u00f1a a t\u00faa sorte<\/strong>\u00bb para la Televisi\u00f3n de Galicia, un concurso divertido y muy muy interesante del que, como sab\u00e9is, poco puedo contar hasta que no se emita. <\/span><\/p>\n<p><span style=\"color: #000000;\">De momento, os invito a seguir su perfil en facebook \u00ab<a style=\"color: #000000;\" href=\"https:\/\/www.facebook.com\/atuasorte\/?fref=ts\" target=\"_blank\">Ga\u00f1a a t\u00faa sorte<\/a>\u00ab, donde pod\u00e9is estar al d\u00eda de las novedades y adem\u00e1s, est\u00e1is a tiempo de participar \u00bfqui\u00e9n no ha imaginado alguna vez ser concursante de un juego en televisi\u00f3n? <\/span><\/p>\n<p><span style=\"color: #000000;\">Pues venga, aprovechad que el presentador no tiene desperdicio&#8230;nos lo vamos a pasar muy bien. Por el momento, compartir este trabajo con un equipo profesional es un lujazo. <\/span><\/p>\n<p><span style=\"color: #000000;\">Pronto os contar\u00e9 m\u00e1s.<\/span><\/p>\n","protected":false},"excerpt":{"rendered":"<p>Es una alegr\u00eda enorme compartir la noticia de mi nuevo trabajo; \u00abGa\u00f1a a t\u00faa sorte\u00bb para la Televisi\u00f3n de Galicia, un concurso divertido y muy muy interesante del que, como sab\u00e9is, poco puedo contar hasta que no se emita. De momento, os invito a seguir su perfil en facebook \u00abGa\u00f1a a t\u00faa sorte\u00ab, donde pod\u00e9is <a class=\"read-more\" href=\"https:\/\/javiervarelactor.com\/?p=1014\">Leer m\u00e1s<\/a><\/p>\n","protected":false},"author":1,"featured_media":1015,"comment_status":"closed","ping_status":"open","sticky":false,"template":"","format":"standard","meta":{"_monsterinsights_skip_tracking":false,"_monsterinsights_sitenote_active":false,"_monsterinsights_sitenote_note":"","_monsterinsights_sitenote_category":0,"footnotes":""},"categories":[22,58],"tags":[59,43],"yoast_head":"<!-- This site is optimized with the Yoast SEO plugin v22.7 - https:\/\/yoast.com\/wordpress\/plugins\/seo\/ -->\n<title>Presentador &quot;Ga\u00f1a a t\u00faa sorte&quot; TVG - Javier Varela<\/title>\n<meta name=\"description\" content=\"Nuevo trabajo como presentador en el concurso &quot;Ga\u00f1a a t\u00faa sorte&quot; TVG - Javier Varela\" \/>\n<meta name=\"robots\" content=\"index, follow, max-snippet:-1, max-image-preview:large, max-video-preview:-1\" \/>\n<link rel=\"canonical\" href=\"https:\/\/javiervarelactor.com\/?p=1014\" \/>\n<meta property=\"og:locale\" content=\"es_ES\" \/>\n<meta property=\"og:type\" content=\"article\" \/>\n<meta property=\"og:title\" content=\"Presentador &quot;Ga\u00f1a a t\u00faa sorte&quot; TVG - Javier Varela\" \/>\n<meta property=\"og:description\" content=\"Nuevo trabajo como presentador en el concurso &quot;Ga\u00f1a a t\u00faa sorte&quot; TVG - Javier Varela\" \/>\n<meta property=\"og:url\" content=\"https:\/\/javiervarelactor.com\/?p=1014\" \/>\n<meta property=\"og:site_name\" content=\"Javier Varela\" \/>\n<meta property=\"article:publisher\" content=\"https:\/\/www.facebook.com\/pages\/Javier-Varela\/145894855509796?sk=info&amp;amp%3bamp%3bamp%3bamp%3btab=page_info\" \/>\n<meta property=\"article:published_time\" content=\"2016-11-29T09:27:42+00:00\" \/>\n<meta property=\"article:modified_time\" content=\"2017-03-27T10:35:02+00:00\" \/>\n<meta property=\"og:image\" content=\"https:\/\/javiervarelactor.com\/wp-content\/uploads\/2016\/11\/presentador-tvg.jpg\" \/>\n\t<meta property=\"og:image:width\" content=\"1200\" \/>\n\t<meta property=\"og:image:height\" content=\"630\" \/>\n\t<meta property=\"og:image:type\" content=\"image\/jpeg\" \/>\n<meta name=\"author\" content=\"Javier Varela\" \/>\n<meta name=\"twitter:label1\" content=\"Escrito por\" \/>\n\t<meta name=\"twitter:data1\" content=\"Javier Varela\" \/>\n\t<meta name=\"twitter:label2\" content=\"Tiempo de lectura\" \/>\n\t<meta name=\"twitter:data2\" content=\"1 minuto\" \/>\n<script type=\"application\/ld+json\" class=\"yoast-schema-graph\">{\"@context\":\"https:\/\/schema.org\",\"@graph\":[{\"@type\":\"WebPage\",\"@id\":\"https:\/\/javiervarelactor.com\/?p=1014\",\"url\":\"https:\/\/javiervarelactor.com\/?p=1014\",\"name\":\"Presentador \\\"Ga\u00f1a a t\u00faa sorte\\\" TVG - Javier Varela\",\"isPartOf\":{\"@id\":\"https:\/\/javiervarelactor.com\/#website\"},\"primaryImageOfPage\":{\"@id\":\"https:\/\/javiervarelactor.com\/?p=1014#primaryimage\"},\"image\":{\"@id\":\"https:\/\/javiervarelactor.com\/?p=1014#primaryimage\"},\"thumbnailUrl\":\"https:\/\/javiervarelactor.com\/wp-content\/uploads\/2016\/11\/presentador-tvg.jpg\",\"datePublished\":\"2016-11-29T09:27:42+00:00\",\"dateModified\":\"2017-03-27T10:35:02+00:00\",\"author\":{\"@id\":\"https:\/\/javiervarelactor.com\/#\/schema\/person\/e3104f2f3cca87d9a07b40f5281c02ba\"},\"description\":\"Nuevo trabajo como presentador en el concurso \\\"Ga\u00f1a a t\u00faa sorte\\\" TVG - Javier Varela\",\"breadcrumb\":{\"@id\":\"https:\/\/javiervarelactor.com\/?p=1014#breadcrumb\"},\"inLanguage\":\"es\",\"potentialAction\":[{\"@type\":\"ReadAction\",\"target\":[\"https:\/\/javiervarelactor.com\/?p=1014\"]}]},{\"@type\":\"ImageObject\",\"inLanguage\":\"es\",\"@id\":\"https:\/\/javiervarelactor.com\/?p=1014#primaryimage\",\"url\":\"https:\/\/javiervarelactor.com\/wp-content\/uploads\/2016\/11\/presentador-tvg.jpg\",\"contentUrl\":\"https:\/\/javiervarelactor.com\/wp-content\/uploads\/2016\/11\/presentador-tvg.jpg\",\"width\":1200,\"height\":630,\"caption\":\"presentador tvg\"},{\"@type\":\"BreadcrumbList\",\"@id\":\"https:\/\/javiervarelactor.com\/?p=1014#breadcrumb\",\"itemListElement\":[{\"@type\":\"ListItem\",\"position\":1,\"name\":\"Inicio\",\"item\":\"https:\/\/javiervarelactor.com\/\"},{\"@type\":\"ListItem\",\"position\":2,\"name\":\"Presentador \u00abGa\u00f1a a t\u00faa sorte\u00bb\"}]},{\"@type\":\"WebSite\",\"@id\":\"https:\/\/javiervarelactor.com\/#website\",\"url\":\"https:\/\/javiervarelactor.com\/\",\"name\":\"Javier Varela\",\"description\":\"Actor y Presentador\",\"potentialAction\":[{\"@type\":\"SearchAction\",\"target\":{\"@type\":\"EntryPoint\",\"urlTemplate\":\"https:\/\/javiervarelactor.com\/?s={search_term_string}\"},\"query-input\":\"required name=search_term_string\"}],\"inLanguage\":\"es\"},{\"@type\":\"Person\",\"@id\":\"https:\/\/javiervarelactor.com\/#\/schema\/person\/e3104f2f3cca87d9a07b40f5281c02ba\",\"name\":\"Javier Varela\",\"image\":{\"@type\":\"ImageObject\",\"inLanguage\":\"es\",\"@id\":\"https:\/\/javiervarelactor.com\/#\/schema\/person\/image\/\",\"url\":\"https:\/\/secure.gravatar.com\/avatar\/858edfdbe98ed682c9723085564a87b3?s=96&d=mm&r=g\",\"contentUrl\":\"https:\/\/secure.gravatar.com\/avatar\/858edfdbe98ed682c9723085564a87b3?s=96&d=mm&r=g\",\"caption\":\"Javier Varela\"},\"sameAs\":[\"http:\/\/www.javiervarelactor.com\"],\"url\":\"https:\/\/javiervarelactor.com\/?author=1\"}]}<\/script>\n<!-- \/ Yoast SEO plugin. -->","yoast_head_json":{"title":"Presentador \"Ga\u00f1a a t\u00faa sorte\" TVG - Javier Varela","description":"Nuevo trabajo como presentador en el concurso \"Ga\u00f1a a t\u00faa sorte\" TVG - Javier Varela","robots":{"index":"index","follow":"follow","max-snippet":"max-snippet:-1","max-image-preview":"max-image-preview:large","max-video-preview":"max-video-preview:-1"},"canonical":"https:\/\/javiervarelactor.com\/?p=1014","og_locale":"es_ES","og_type":"article","og_title":"Presentador \"Ga\u00f1a a t\u00faa sorte\" TVG - Javier Varela","og_description":"Nuevo trabajo como presentador en el concurso \"Ga\u00f1a a t\u00faa sorte\" TVG - Javier Varela","og_url":"https:\/\/javiervarelactor.com\/?p=1014","og_site_name":"Javier Varela","article_publisher":"https:\/\/www.facebook.com\/pages\/Javier-Varela\/145894855509796?sk=info&amp%3bamp%3bamp%3bamp%3btab=page_info","article_published_time":"2016-11-29T09:27:42+00:00","article_modified_time":"2017-03-27T10:35:02+00:00","og_image":[{"width":1200,"height":630,"url":"https:\/\/javiervarelactor.com\/wp-content\/uploads\/2016\/11\/presentador-tvg.jpg","type":"image\/jpeg"}],"author":"Javier Varela","twitter_misc":{"Escrito por":"Javier Varela","Tiempo de lectura":"1 minuto"},"schema":{"@context":"https:\/\/schema.org","@graph":[{"@type":"WebPage","@id":"https:\/\/javiervarelactor.com\/?p=1014","url":"https:\/\/javiervarelactor.com\/?p=1014","name":"Presentador \"Ga\u00f1a a t\u00faa sorte\" TVG - Javier Varela","isPartOf":{"@id":"https:\/\/javiervarelactor.com\/#website"},"primaryImageOfPage":{"@id":"https:\/\/javiervarelactor.com\/?p=1014#primaryimage"},"image":{"@id":"https:\/\/javiervarelactor.com\/?p=1014#primaryimage"},"thumbnailUrl":"https:\/\/javiervarelactor.com\/wp-content\/uploads\/2016\/11\/presentador-tvg.jpg","datePublished":"2016-11-29T09:27:42+00:00","dateModified":"2017-03-27T10:35:02+00:00","author":{"@id":"https:\/\/javiervarelactor.com\/#\/schema\/person\/e3104f2f3cca87d9a07b40f5281c02ba"},"description":"Nuevo trabajo como presentador en el concurso \"Ga\u00f1a a t\u00faa sorte\" TVG - Javier Varela","breadcrumb":{"@id":"https:\/\/javiervarelactor.com\/?p=1014#breadcrumb"},"inLanguage":"es","potentialAction":[{"@type":"ReadAction","target":["https:\/\/javiervarelactor.com\/?p=1014"]}]},{"@type":"ImageObject","inLanguage":"es","@id":"https:\/\/javiervarelactor.com\/?p=1014#primaryimage","url":"https:\/\/javiervarelactor.com\/wp-content\/uploads\/2016\/11\/presentador-tvg.jpg","contentUrl":"https:\/\/javiervarelactor.com\/wp-content\/uploads\/2016\/11\/presentador-tvg.jpg","width":1200,"height":630,"caption":"presentador tvg"},{"@type":"BreadcrumbList","@id":"https:\/\/javiervarelactor.com\/?p=1014#breadcrumb","itemListElement":[{"@type":"ListItem","position":1,"name":"Inicio","item":"https:\/\/javiervarelactor.com\/"},{"@type":"ListItem","position":2,"name":"Presentador \u00abGa\u00f1a a t\u00faa sorte\u00bb"}]},{"@type":"WebSite","@id":"https:\/\/javiervarelactor.com\/#website","url":"https:\/\/javiervarelactor.com\/","name":"Javier Varela","description":"Actor y Presentador","potentialAction":[{"@type":"SearchAction","target":{"@type":"EntryPoint","urlTemplate":"https:\/\/javiervarelactor.com\/?s={search_term_string}"},"query-input":"required name=search_term_string"}],"inLanguage":"es"},{"@type":"Person","@id":"https:\/\/javiervarelactor.com\/#\/schema\/person\/e3104f2f3cca87d9a07b40f5281c02ba","name":"Javier Varela","image":{"@type":"ImageObject","inLanguage":"es","@id":"https:\/\/javiervarelactor.com\/#\/schema\/person\/image\/","url":"https:\/\/secure.gravatar.com\/avatar\/858edfdbe98ed682c9723085564a87b3?s=96&d=mm&r=g","contentUrl":"https:\/\/secure.gravatar.com\/avatar\/858edfdbe98ed682c9723085564a87b3?s=96&d=mm&r=g","caption":"Javier Varela"},"sameAs":["http:\/\/www.javiervarelactor.com"],"url":"https:\/\/javiervarelactor.com\/?author=1"}]}},"_links":{"self":[{"href":"https:\/\/javiervarelactor.com\/index.php?rest_route=\/wp\/v2\/posts\/1014"}],"collection":[{"href":"https:\/\/javiervarelactor.com\/index.php?rest_route=\/wp\/v2\/posts"}],"about":[{"href":"https:\/\/javiervarelactor.com\/index.php?rest_route=\/wp\/v2\/types\/post"}],"author":[{"embeddable":true,"href":"https:\/\/javiervarelactor.com\/index.php?rest_route=\/wp\/v2\/users\/1"}],"replies":[{"embeddable":true,"href":"https:\/\/javiervarelactor.com\/index.php?rest_route=%2Fwp%2Fv2%2Fcomments&post=1014"}],"version-history":[{"count":3,"href":"https:\/\/javiervarelactor.com\/index.php?rest_route=\/wp\/v2\/posts\/1014\/revisions"}],"predecessor-version":[{"id":1018,"href":"https:\/\/javiervarelactor.com\/index.php?rest_route=\/wp\/v2\/posts\/1014\/revisions\/1018"}],"wp:featuredmedia":[{"embeddable":true,"href":"https:\/\/javiervarelactor.com\/index.php?rest_route=\/wp\/v2\/media\/1015"}],"wp:attachment":[{"href":"https:\/\/javiervarelactor.com\/index.php?rest_route=%2Fwp%2Fv2%2Fmedia&parent=1014"}],"wp:term":[{"taxonomy":"category","embeddable":true,"href":"https:\/\/javiervarelactor.com\/index.php?rest_route=%2Fwp%2Fv2%2Fcategories&post=1014"},{"taxonomy":"post_tag","embeddable":true,"href":"https:\/\/javiervarelactor.com\/index.php?rest_route=%2Fwp%2Fv2%2Ftags&post=1014"}],"curies":[{"name":"wp","href":"https:\/\/api.w.org\/{rel}","templated":true}]}}